{"id":116369,"date":"2025-02-05T19:03:58","date_gmt":"2025-02-05T19:03:58","guid":{"rendered":"https:\/\/www.mundiplus.com\/?p=116369"},"modified":"2025-02-05T19:07:54","modified_gmt":"2025-02-05T19:07:54","slug":"o-que-ver-em-markina","status":"publish","type":"post","link":"https:\/\/www.mundiplus.com\/pt-pt\/o-que-ver-em-markina\/","title":{"rendered":"O que ver em Markina"},"content":{"rendered":"<p><img fetchpriority=\"high\" decoding=\"async\" class=\"alignnone wp-image-116284 size-full\" src=\"https:\/\/www.mundiplus.com\/wp-content\/uploads\/2025\/01\/Markina-Mundiplus.jpg\" alt=\"\" width=\"1024\" height=\"768\" srcset=\"https:\/\/www.mundiplus.com\/wp-content\/uploads\/2025\/01\/Markina-Mundiplus.jpg 1024w, https:\/\/www.mundiplus.com\/wp-content\/uploads\/2025\/01\/Markina-Mundiplus-300x225.jpg 300w, https:\/\/www.mundiplus.com\/wp-content\/uploads\/2025\/01\/Markina-Mundiplus-768x576.jpg 768w, https:\/\/www.mundiplus.com\/wp-content\/uploads\/2025\/01\/Markina-Mundiplus-600x450.jpg 600w\" sizes=\"(max-width: 1024px) 100vw, 1024px\" \/><\/p>\n<p><span style=\"font-weight: 400;\">No cora\u00e7\u00e3o do <\/span><b>Caminho do Norte<\/b><span style=\"font-weight: 400;\">, <\/span><b>Markina<\/b><span style=\"font-weight: 400;\"> apresenta-se como um destino onde a tradi\u00e7\u00e3o e a hist\u00f3ria se entrela\u00e7am com um <\/span><b>ambiente natural privilegiado<\/b><span style=\"font-weight: 400;\">. Esta pitoresca vila de Bizkaia \u00e9 uma paragem obrigat\u00f3ria para quem deseja descobrir a ess\u00eancia da cultura basca enquanto percorre uma das rotas de peregrina\u00e7\u00e3o mais antigas.<\/span><\/p>\n<p><span style=\"font-weight: 400;\">O seu centro hist\u00f3rico, repleto de edif\u00edcios emblem\u00e1ticos e vest\u00edgios de \u00e9pocas passadas, convida a passear pelas suas ruas e a conectar-se com o seu rico legado. Al\u00e9m disso, a sua proximidade com montanhas e paisagens \u00fanicas faz de Markina um local ideal para desfrutar da tranquilidade e da autenticidade.<\/span><\/p>\n<p>&nbsp;<\/p>\n<h2><b>Um lugar de sonho no Caminho do Norte<\/b><\/h2>\n<p><span style=\"font-weight: 400;\">Markina encontra-se num ponto privilegiado do Caminho do Norte, servindo como um respiro para os peregrinos. Aqui pode-se desfrutar de um <\/span><b>ambiente acolhedor<\/b><span style=\"font-weight: 400;\">, explorar o seu rico patrim\u00f3nio hist\u00f3rico e recarregar energias antes de continuar o seu caminho. Ao chegar aqui, muitos coincidem em que esta localidade encapsula a ess\u00eancia do Caminho do Norte: hospitalidade, hist\u00f3ria e natureza no seu estado mais puro.<\/span><\/p>\n<p><span style=\"font-weight: 400;\">Se est\u00e1 a considerar realizar o <\/span><a href=\"https:\/\/www.mundiplus.com\/pt-pt\/caminos\/a-pie\/camino-norte\/camino-de-santiago-desde-irun\/\"><b>Caminho de Santiago desde Ir\u00fan<\/b><\/a><span style=\"font-weight: 400;\">, antecipamos que o <\/span><b>Caminho do Norte<\/b><span style=\"font-weight: 400;\"> \u00e9 uma op\u00e7\u00e3o que se destaca pelo seu car\u00e1ter aut\u00eantico e pelas suas paisagens espetaculares. <\/span><\/p>\n<p><span style=\"font-weight: 400;\">Ao contr\u00e1rio de outras <\/span><a href=\"https:\/\/www.mundiplus.com\/pt-pt\/\"><b>viagens Caminho de Santiago<\/b><\/a><span style=\"font-weight: 400;\">, como o Caminho Franc\u00eas, mais movimentado e com infraestruturas mais desenvolvidas, oferece uma <\/span><b>experi\u00eancia mais tranquila<\/b><span style=\"font-weight: 400;\">. \u00c9 ideal para quem procura conectar-se profundamente com a natureza e desfrutar da serenidade da costa cant\u00e1brica.<\/span><\/p>\n<p><span style=\"font-weight: 400;\">Embora rotas como o <\/span><a href=\"https:\/\/www.mundiplus.com\/pt-pt\/caminos\/a-pie\/camino-sanabres\/camino-de-santiago-desde-orense\/\"><b>Caminho de Santiago desde Ourense<\/b><\/a><span style=\"font-weight: 400;\"> ou o <\/span><a href=\"https:\/\/www.mundiplus.com\/pt-pt\/caminos\/a-pie\/camino-primitivo\/camino-de-santiago-desde-lugo\/\"><b>Caminho Primitivo desde Lugo<\/b><\/a><span style=\"font-weight: 400;\"> tamb\u00e9m tenham o seu encanto, o Caminho do Norte destaca-se pelo seu <\/span><b>equil\u00edbrio entre tranquilidade e desafio<\/b><span style=\"font-weight: 400;\">. As suas etapas menos concorridas permitem uma experi\u00eancia mais pessoal e reflexiva, sem sacrificar a riqueza cultural e natural que caracteriza as outras op\u00e7\u00f5es.<\/span><\/p>\n<p><span style=\"font-weight: 400;\">O Caminho do Norte caracteriza-se pelos seus <\/span><b>paisagens mut\u00e1veis<\/b><span style=\"font-weight: 400;\">: desde imponentes fal\u00e9sias e praias selvagens at\u00e9 verdes colinas e florestas densas. Esta rota combina o <\/span><b>atractivo natural com a riqueza cultural e gastron\u00f3mica<\/b><span style=\"font-weight: 400;\"> das regi\u00f5es que atravessa, como o Pa\u00eds Basco, Cant\u00e1bria, Ast\u00farias e Galiza. <\/span><\/p>\n<p><span style=\"font-weight: 400;\">Se decidir embarcar nesta aventura desde o norte, encontrar\u00e1 paragens memor\u00e1veis como Hondarribia, a praia de La Concha em San Sebasti\u00e1n e as paisagens de sonho dos Picos da Europa nas Ast\u00farias.<\/span><\/p>\n<p><span style=\"font-weight: 400;\">Al\u00e9m disso, esta rota \u00e9 ideal para <\/span><b>quem procura um maior desafio f\u00edsico<\/b><span style=\"font-weight: 400;\">, pois apresenta desn\u00edveis que combinam paisagens costeiras com trechos de montanha.<\/span><\/p>\n<p>&nbsp;<\/p>\n<h2><b>Lugares hist\u00f3ricos que n\u00e3o pode perder<\/b><\/h2>\n<p><img decoding=\"async\" class=\"alignnone wp-image-116290 size-full\" src=\"https:\/\/www.mundiplus.com\/wp-content\/uploads\/2025\/01\/Casco-Antiguo-Markina-Mundiplus.jpg\" alt=\"\" width=\"1024\" height=\"683\" srcset=\"https:\/\/www.mundiplus.com\/wp-content\/uploads\/2025\/01\/Casco-Antiguo-Markina-Mundiplus.jpg 1024w, https:\/\/www.mundiplus.com\/wp-content\/uploads\/2025\/01\/Casco-Antiguo-Markina-Mundiplus-300x200.jpg 300w, https:\/\/www.mundiplus.com\/wp-content\/uploads\/2025\/01\/Casco-Antiguo-Markina-Mundiplus-768x512.jpg 768w, https:\/\/www.mundiplus.com\/wp-content\/uploads\/2025\/01\/Casco-Antiguo-Markina-Mundiplus-600x400.jpg 600w\" sizes=\"(max-width: 1024px) 100vw, 1024px\" \/><\/p>\n<p><span style=\"font-weight: 400;\">Markina possui um rico patrim\u00f3nio hist\u00f3rico que reflete a ess\u00eancia do Pa\u00eds Basco. Entre os pontos mais destacados est\u00e3o: <\/span><\/p>\n<ul>\n<li style=\"font-weight: 400;\" aria-level=\"1\"><span style=\"font-weight: 400;\">A <\/span><b>igreja de Santa Maria da Assun\u00e7\u00e3o<\/b><span style=\"font-weight: 400;\">, um magn\u00edfico exemplo de <\/span><b>g\u00f3tico tardio<\/b><span style=\"font-weight: 400;\"> que alberga valiosas pe\u00e7as de arte religiosa.<\/span><\/li>\n<\/ul>\n<p>&nbsp;<\/p>\n<ul>\n<li style=\"font-weight: 400;\" aria-level=\"1\"><span style=\"font-weight: 400;\">O <\/span><b>Pal\u00e1cio de Ansotegi<\/b><span style=\"font-weight: 400;\"> \u00e9 outro local imprescind\u00edvel. Esta casa de <\/span><b>origem medieval<\/b><span style=\"font-weight: 400;\"> foi testemunha da passagem do tempo e \u00e9 essencial para compreender a vida nobre de \u00e9pocas passadas. Al\u00e9m disso, nos arredores do munic\u00edpio, <\/span><b>a ermida de S\u00e3o Miguel de Arretxinaga<\/b><span style=\"font-weight: 400;\"> surpreende pelo seu altar rodeado por tr\u00eas enormes pedras, um local carregado de simbolismo e tradi\u00e7\u00e3o.<\/span><\/li>\n<\/ul>\n<p>&nbsp;<\/p>\n<p><span style=\"font-weight: 400;\">Para quem gosta de explorar ruas, <\/span><b>o centro hist\u00f3rico de Markina \u00e9 uma viagem ao passado<\/b><span style=\"font-weight: 400;\">, com edif\u00edcios de pedra e ruas calcetadas que mant\u00eam o seu encanto original. Este percurso hist\u00f3rico n\u00e3o s\u00f3 permitir\u00e1 conhecer o patrim\u00f3nio arquitet\u00f3nico, mas tamb\u00e9m a identidade de um povo profundamente ligado \u00e0s suas ra\u00edzes.<\/span><\/p>\n<p>&nbsp;<\/p>\n<h2><b>A natureza \u00e0 volta de Markina<\/b><\/h2>\n<p><img decoding=\"async\" class=\"alignnone wp-image-116296 size-full\" src=\"https:\/\/www.mundiplus.com\/wp-content\/uploads\/2025\/01\/Parque-Natural-de-Urkiola-Mundiplus.jpg\" alt=\"\" width=\"1000\" height=\"596\" srcset=\"https:\/\/www.mundiplus.com\/wp-content\/uploads\/2025\/01\/Parque-Natural-de-Urkiola-Mundiplus.jpg 1000w, https:\/\/www.mundiplus.com\/wp-content\/uploads\/2025\/01\/Parque-Natural-de-Urkiola-Mundiplus-300x179.jpg 300w, https:\/\/www.mundiplus.com\/wp-content\/uploads\/2025\/01\/Parque-Natural-de-Urkiola-Mundiplus-768x458.jpg 768w, https:\/\/www.mundiplus.com\/wp-content\/uploads\/2025\/01\/Parque-Natural-de-Urkiola-Mundiplus-600x358.jpg 600w\" sizes=\"(max-width: 1000px) 100vw, 1000px\" \/><\/p>\n<p><span style=\"font-weight: 400;\">Markina \u00e9 um destino ideal para quem deseja conectar-se com a natureza. Rodeado por paisagens verdes e montanhas, este munic\u00edpio \u00e9 o <\/span><b>ponto de partida perfeito <\/b><span style=\"font-weight: 400;\">para explorar a riqueza natural do Pa\u00eds Basco.<\/span><\/p>\n<p><span style=\"font-weight: 400;\">Uma das op\u00e7\u00f5es mais populares \u00e9 percorrer o <\/span><b>Monte Urregarai<\/b><span style=\"font-weight: 400;\">, cuja cimeira oferece vistas espetaculares sobre os arredores. Al\u00e9m disso, a zona conta com trilhos bem sinalizados para caminhadas de todos os n\u00edveis.<\/span><\/p>\n<p><span style=\"font-weight: 400;\">Os amantes da \u00e1gua encontrar\u00e3o no <\/span><b>rio Artibai<\/b><span style=\"font-weight: 400;\"> um local ideal para relaxar ou praticar atividades como a pesca. As suas tranquilas margens s\u00e3o perfeitas para um piquenique enquanto se mergulha na serenidade do ambiente natural. <\/span><\/p>\n<p><span style=\"font-weight: 400;\">Outro atrativo pr\u00f3ximo \u00e9 o <\/span><b>Parque Natural de Urkiola<\/b><span style=\"font-weight: 400;\">, a poucos quil\u00f3metros de Markina, onde pode-se adentrar em florestas densas e descobrir a biodiversidade caracter\u00edstica da regi\u00e3o.<\/span><\/p>\n<p><span style=\"font-weight: 400;\">Perto encontra-se o <\/span><b>Bosque de Oma<\/b><span style=\"font-weight: 400;\">, obra do artista Agust\u00edn Ibarrola, que combina arte e natureza com \u00e1rvores pintadas que criam figuras vis\u00edveis ao caminhar entre elas. Uma experi\u00eancia m\u00e1gica e \u00fanica.<\/span><\/p>\n<p><span style=\"font-weight: 400;\">Outro atrativo pr\u00f3ximo \u00e9 o <\/span><b>Ponto de Observa\u00e7\u00e3o de Mendatagaina<\/b><span style=\"font-weight: 400;\">, de onde pode desfrutar de vistas panor\u00e2micas impressionantes que cobrem os verdes vales e montanhas da regi\u00e3o. Ideal para fotografias e momentos de tranquilidade.<\/span><\/p>\n<p><span style=\"font-weight: 400;\">Lista de atividades recomendadas:<\/span><\/p>\n<ul>\n<li style=\"font-weight: 400;\" aria-level=\"1\"><span style=\"font-weight: 400;\">Caminhadas pelo Monte Urregarai.<\/span><\/li>\n<\/ul>\n<p>&nbsp;<\/p>\n<ul>\n<li style=\"font-weight: 400;\" aria-level=\"1\"><span style=\"font-weight: 400;\">Rotas de bicicleta ao longo do rio Artibai.<\/span><\/li>\n<\/ul>\n<p>&nbsp;<\/p>\n<ul>\n<li style=\"font-weight: 400;\" aria-level=\"1\"><span style=\"font-weight: 400;\">Excurs\u00f5es no Parque Natural de Urkiola.<\/span><\/li>\n<\/ul>\n<p>&nbsp;<\/p>\n<ul>\n<li style=\"font-weight: 400;\" aria-level=\"1\"><span style=\"font-weight: 400;\">Observa\u00e7\u00e3o de aves nos p\u00e2ntanos pr\u00f3ximos.<\/span><\/li>\n<\/ul>\n<p>&nbsp;<\/p>\n<p><span style=\"font-weight: 400;\">Se procura tranquilidade ou aventuras ao ar livre, a natureza que rodeia a localidade oferece m\u00faltiplas op\u00e7\u00f5es para desconectar e aproveitar.<\/span><\/p>\n<p>&nbsp;<\/p>\n<h2><b>Sabores locais em Markina<\/b><\/h2>\n<p><span style=\"font-weight: 400;\">A gastronomia de Markina \u00e9 uma celebra\u00e7\u00e3o dos sabores tradicionais do Pa\u00eds Basco, onde os produtos frescos e de qualidade s\u00e3o protagonistas. Um prato imprescind\u00edvel \u00e9 o <\/span><b>marmitako<\/b><span style=\"font-weight: 400;\">, um guisado de atum e batatas que reflete a forte liga\u00e7\u00e3o da regi\u00e3o ao mar. Outro cl\u00e1ssico \u00e9 o <\/span><b>txulet\u00f3n<\/b><span style=\"font-weight: 400;\">, uma carne suculenta e perfeitamente preparada que delicia os paladares mais exigentes.<\/span><\/p>\n<p><span style=\"font-weight: 400;\">Para acompanhar estas del\u00edcias, n\u00e3o pode deixar de provar o <\/span><b>txakoli<\/b><span style=\"font-weight: 400;\">, um vinho branco t\u00edpico da regi\u00e3o que \u00e9 servido em muitos bares e restaurantes locais. Nos mercados, encontrar\u00e1 produtos como <\/span><b>queijo Idiazabal e p\u00e3o artesanal<\/b><span style=\"font-weight: 400;\">, perfeitos para levar um peda\u00e7o da tradi\u00e7\u00e3o culin\u00e1ria de Markina.<\/span><\/p>\n<p><span style=\"font-weight: 400;\">Alguns bares e tabernas do centro hist\u00f3rico oferecem <\/span><b>pintxos<\/b><span style=\"font-weight: 400;\">, pequenas cria\u00e7\u00f5es gastron\u00f3micas que combinam ingredientes locais com inova\u00e7\u00e3o. <\/span><\/p>\n<p><span style=\"font-weight: 400;\">Percorrer Markina tamb\u00e9m significa explorar o seu lado culin\u00e1rio, desde restaurantes tradicionais at\u00e9 pequenos bares com encanto. Cada bocado \u00e9 uma oportunidade para descobrir a riqueza da sua cultura gastron\u00f3mica e desfrutar de uma experi\u00eancia inesquec\u00edvel.<\/span><\/p>\n<p>&nbsp;<\/p>\n<h2><b>Como aproveitar ao m\u00e1ximo a sua visita a Markina<\/b><\/h2>\n<p><span style=\"font-weight: 400;\">Se planeia visitar Markina, um bom come\u00e7o \u00e9 garantir que tem alojamento confort\u00e1vel e bem localizado. H\u00e1 op\u00e7\u00f5es que v\u00e3o desde pequenos host\u00e9is com encanto at\u00e9 casas rurais perfeitas para desconectar. Recomendamos fazer reserva com anteced\u00eancia, especialmente se a sua visita coincidir com festividades locais. Ou melhor ainda: <\/span><b>deixe que seja a Mundiplus a encarregar-se de tudo<\/b><span style=\"font-weight: 400;\">. <\/span><\/p>\n<p><span style=\"font-weight: 400;\">Entre as atividades recomendadas, destaca-se <\/span><b>fazer uma rota de bicicleta <\/b><span style=\"font-weight: 400;\">pelos paisagens vizinhas ou participar em<\/span><b> ateliers de artesanato local<\/b><span style=\"font-weight: 400;\">. Al\u00e9m disso, consulte os eventos culturais que possam coincidir com a sua estadia, como feiras gastron\u00f3micas ou festivais de m\u00fasica tradicional.<\/span><\/p>\n<p><span style=\"font-weight: 400;\">Com estas dicas, a sua visita a Markina ser\u00e1 uma combina\u00e7\u00e3o perfeita de cultura, natureza e tradi\u00e7\u00e3o. Este destino oferece uma experi\u00eancia aut\u00eantica, ideal para quem procura algo mais do que o turismo convencional.<\/span><\/p>\n","protected":false},"excerpt":{"rendered":"<p>No cora\u00e7\u00e3o do Caminho do Norte, Markina apresenta-se como um destino onde a tradi\u00e7\u00e3o e a hist\u00f3ria se entrela\u00e7am com um ambiente natural privilegiado. Esta pitoresca vila de Bizkaia \u00e9 uma paragem obrigat\u00f3ria para quem deseja descobrir a ess\u00eancia da cultura basca enquanto percorre uma das rotas de peregrina\u00e7\u00e3o mais antigas. O seu centro hist\u00f3rico, [&hellip;]<\/p>\n","protected":false},"author":1,"featured_media":116289,"comment_status":"open","ping_status":"open","sticky":false,"template":"","format":"standard","meta":{"footnotes":""},"categories":[574,578,606,602],"tags":[],"class_list":["post-116369","post","type-post","status-publish","format-standard","has-post-thumbnail","hentry","category-blog-do-caminho","category-caminho-a-pe","category-locais-iconicos","category-vilas-e-comarcas"],"_links":{"self":[{"href":"https:\/\/www.mundiplus.com\/pt-pt\/wp-json\/wp\/v2\/posts\/116369","targetHints":{"allow":["GET"]}}],"collection":[{"href":"https:\/\/www.mundiplus.com\/pt-pt\/wp-json\/wp\/v2\/posts"}],"about":[{"href":"https:\/\/www.mundiplus.com\/pt-pt\/wp-json\/wp\/v2\/types\/post"}],"author":[{"embeddable":true,"href":"https:\/\/www.mundiplus.com\/pt-pt\/wp-json\/wp\/v2\/users\/1"}],"replies":[{"embeddable":true,"href":"https:\/\/www.mundiplus.com\/pt-pt\/wp-json\/wp\/v2\/comments?post=116369"}],"version-history":[{"count":0,"href":"https:\/\/www.mundiplus.com\/pt-pt\/wp-json\/wp\/v2\/posts\/116369\/revisions"}],"wp:featuredmedia":[{"embeddable":true,"href":"https:\/\/www.mundiplus.com\/pt-pt\/wp-json\/wp\/v2\/media\/116289"}],"wp:attachment":[{"href":"https:\/\/www.mundiplus.com\/pt-pt\/wp-json\/wp\/v2\/media?parent=116369"}],"wp:term":[{"taxonomy":"category","embeddable":true,"href":"https:\/\/www.mundiplus.com\/pt-pt\/wp-json\/wp\/v2\/categories?post=116369"},{"taxonomy":"post_tag","embeddable":true,"href":"https:\/\/www.mundiplus.com\/pt-pt\/wp-json\/wp\/v2\/tags?post=116369"}],"curies":[{"name":"wp","href":"https:\/\/api.w.org\/{rel}","templated":true}]}}