{"id":117195,"date":"2025-03-05T18:38:24","date_gmt":"2025-03-05T18:38:24","guid":{"rendered":"https:\/\/www.mundiplus.com\/?p=117195"},"modified":"2025-03-05T18:47:21","modified_gmt":"2025-03-05T18:47:21","slug":"jubileu-2025-a-porta-santa-esta-aberta-em-santa-maria-maggiore","status":"publish","type":"post","link":"https:\/\/www.mundiplus.com\/pt-pt\/jubileu-2025-porta-santa-maria-a-maior\/","title":{"rendered":"Jubileu 2025: a Porta Santa est\u00e1 aberta em Santa Maria Maggiore"},"content":{"rendered":"<p><img fetchpriority=\"high\" decoding=\"async\" class=\"alignnone wp-image-117165 size-full\" src=\"https:\/\/www.mundiplus.com\/wp-content\/uploads\/2025\/02\/Santa-Maria-la-Mayor-Mundiplus.jpg\" alt=\"\" width=\"1024\" height=\"768\" srcset=\"https:\/\/www.mundiplus.com\/wp-content\/uploads\/2025\/02\/Santa-Maria-la-Mayor-Mundiplus.jpg 1024w, https:\/\/www.mundiplus.com\/wp-content\/uploads\/2025\/02\/Santa-Maria-la-Mayor-Mundiplus-300x225.jpg 300w, https:\/\/www.mundiplus.com\/wp-content\/uploads\/2025\/02\/Santa-Maria-la-Mayor-Mundiplus-768x576.jpg 768w, https:\/\/www.mundiplus.com\/wp-content\/uploads\/2025\/02\/Santa-Maria-la-Mayor-Mundiplus-600x450.jpg 600w\" sizes=\"(max-width: 1024px) 100vw, 1024px\" \/><\/p>\n<p><span style=\"font-weight: 400;\">O <\/span><b>Jubileu 2025<\/b><span style=\"font-weight: 400;\"> \u00e9 uma das <\/span><b>celebra\u00e7\u00f5es religiosas mais esperadas em todo o mundo crist\u00e3o<\/b><span style=\"font-weight: 400;\">. Este ano, a abertura da <\/span><b>Porta Santa na Bas\u00edlica de Santa Maria Maior<\/b><span style=\"font-weight: 400;\">, em Roma, marca o in\u00edcio de um <\/span><b>per\u00edodo de renova\u00e7\u00e3o espiritual e peregrina\u00e7\u00e3o<\/b><span style=\"font-weight: 400;\"> que convoca milh\u00f5es de fi\u00e9is. <\/span><\/p>\n<p><span style=\"font-weight: 400;\">A tradi\u00e7\u00e3o do Jubileu remonta a mais de sete s\u00e9culos, quando o <\/span><b>papa Bonif\u00e1cio VIII<\/b><span style=\"font-weight: 400;\"> estabeleceu o primeiro Ano Santo em 1300. Durante esses eventos, a igreja concede <\/span><b>indulg\u00eancias plen\u00e1rias<\/b><span style=\"font-weight: 400;\"> \u00e0queles que, com f\u00e9 e devo\u00e7\u00e3o, visitam as bas\u00edlicas maiores de Roma. Principalmente, Santa Maria Maior, S\u00e3o Pedro, S\u00e3o Paulo Extramuros e S\u00e3o Jo\u00e3o de Latr\u00e3o.<\/span><\/p>\n<p><span style=\"font-weight: 400;\">Para al\u00e9m da sua dimens\u00e3o religiosa, esta celebra\u00e7\u00e3o \u00e9 uma oportunidade para <\/span><b>conhecer a rica heran\u00e7a hist\u00f3rica e cultural dos locais sagrados<\/b><span style=\"font-weight: 400;\">. Santa Maria Maior \u00e9 uma joia arquitet\u00f3nica com elementos que abrangem desde a arte paleocrist\u00e3 at\u00e9 o Renascimento.<\/span><\/p>\n<p><span style=\"font-weight: 400;\">Participar no<\/span><b> Jubileu 2025<\/b><span style=\"font-weight: 400;\"> n\u00e3o \u00e9 s\u00f3 uma experi\u00eancia de f\u00e9, tamb\u00e9m \u00e9 uma forma de explorar as ra\u00edzes espirituais e art\u00edsticas da Europa. Desde a Mundiplus, a tua <\/span><a href=\"https:\/\/www.mundiplus.com\/pt-pt\/\"><b>ag\u00eancia especializada no Caminho de Santiago<\/b><\/a><span style=\"font-weight: 400;\">, queremos explicar-te os motivos pelos quais poderias viver esta experi\u00eancia.<\/span><\/p>\n<p>&nbsp;<\/p>\n<h2><b>Por que ir ao Jubileu 2025<\/b><\/h2>\n<p><img decoding=\"async\" class=\"alignnone wp-image-117177 size-full\" src=\"https:\/\/www.mundiplus.com\/wp-content\/uploads\/2025\/02\/Papa-Bonifacio-VIII-Mundiplus.jpg\" alt=\"\" width=\"1024\" height=\"1365\" srcset=\"https:\/\/www.mundiplus.com\/wp-content\/uploads\/2025\/02\/Papa-Bonifacio-VIII-Mundiplus.jpg 1024w, https:\/\/www.mundiplus.com\/wp-content\/uploads\/2025\/02\/Papa-Bonifacio-VIII-Mundiplus-225x300.jpg 225w, https:\/\/www.mundiplus.com\/wp-content\/uploads\/2025\/02\/Papa-Bonifacio-VIII-Mundiplus-768x1024.jpg 768w, https:\/\/www.mundiplus.com\/wp-content\/uploads\/2025\/02\/Papa-Bonifacio-VIII-Mundiplus-600x800.jpg 600w\" sizes=\"(max-width: 1024px) 100vw, 1024px\" \/><\/p>\n<p><span style=\"font-weight: 400;\">O Jubileu 2025 \u00e9 um acontecimento extraordin\u00e1rio que re\u00fane <\/span><b>espiritualidade, cultura e tradi\u00e7\u00e3o<\/b><span style=\"font-weight: 400;\">. A seguir, explicamos-te por que vale a pena participar:<\/span><\/p>\n<ul>\n<li><b>Obten\u00e7\u00e3o de indulg\u00eancia plen\u00e1ria<\/b><span style=\"font-weight: 400;\">: a principal raz\u00e3o para assistir \u00e9 a oportunidade de obter a indulg\u00eancia plen\u00e1ria. Isto implica o perd\u00e3o completo dos pecados, um presente espiritual concedido apenas nestes anos santos. Para tal, \u00e9 necess\u00e1rio atravessar a Porta Santa, confessar-se, receber a Eucaristia e rezar pelas inten\u00e7\u00f5es do papa.<\/span><\/li>\n<\/ul>\n<p>&nbsp;<\/p>\n<ul>\n<li><b>Renova\u00e7\u00e3o espiritual<\/b><span style=\"font-weight: 400;\">: os anos jubilares s\u00e3o um momento prop\u00edcio para fortalecer a f\u00e9 e procurar um novo prop\u00f3sito na vida. Participar nas cerim\u00f3nias religiosas, prociss\u00f5es e eventos especiais em Roma \u00e9 uma experi\u00eancia profundamente transformadora.<\/span><\/li>\n<\/ul>\n<p>&nbsp;<\/p>\n<ul>\n<li><b>Descoberta de um patrim\u00f3nio \u00fanico<\/b><span style=\"font-weight: 400;\">: Santa Maria Maior \u00e9 a \u00fanica bas\u00edlica que manteve a sua estrutura original desde o s\u00e9culo V. Os seus mosaicos, esculturas e capelas, como a Cripta do Pres\u00e9pio, fazem desta igreja um lugar de grande significado art\u00edstico e religioso.<\/span><\/li>\n<\/ul>\n<p>&nbsp;<\/p>\n<ul>\n<li><b>Ambiente de fraternidade universal<\/b><span style=\"font-weight: 400;\">: durante este evento religioso, Roma torna-se um ponto de encontro para fi\u00e9is de todo o mundo. A cidade enche-se de peregrinos com um esp\u00edrito de uni\u00e3o e esperan\u00e7a, criando uma atmosfera \u00fanica e inesquec\u00edvel.<\/span><\/li>\n<\/ul>\n<p>&nbsp;<\/p>\n<ul>\n<li><b>Oportunidades tur\u00edsticas em Roma<\/b><span style=\"font-weight: 400;\">: para al\u00e9m de participar nos eventos religiosos, poder\u00e1s desfrutar da riqueza hist\u00f3rica e cultural da Cidade Eterna. Locais como o Coliseu, o Vaticano, a Fontana di Trevi e a Pra\u00e7a Navona complementam a viagem com experi\u00eancias inesquec\u00edveis.<\/span><\/li>\n<\/ul>\n<p>&nbsp;<\/p>\n<h2><b>Como funciona?<\/b><\/h2>\n<p><img decoding=\"async\" class=\"alignnone wp-image-117171 size-full\" src=\"https:\/\/www.mundiplus.com\/wp-content\/uploads\/2025\/02\/Puerta-Santa-Santa-Maria-la-Mayor-Mundiplus.jpeg\" alt=\"\" width=\"1280\" height=\"720\" srcset=\"https:\/\/www.mundiplus.com\/wp-content\/uploads\/2025\/02\/Puerta-Santa-Santa-Maria-la-Mayor-Mundiplus.jpeg 1280w, https:\/\/www.mundiplus.com\/wp-content\/uploads\/2025\/02\/Puerta-Santa-Santa-Maria-la-Mayor-Mundiplus-300x169.jpeg 300w, https:\/\/www.mundiplus.com\/wp-content\/uploads\/2025\/02\/Puerta-Santa-Santa-Maria-la-Mayor-Mundiplus-1024x576.jpeg 1024w, https:\/\/www.mundiplus.com\/wp-content\/uploads\/2025\/02\/Puerta-Santa-Santa-Maria-la-Mayor-Mundiplus-768x432.jpeg 768w, https:\/\/www.mundiplus.com\/wp-content\/uploads\/2025\/02\/Puerta-Santa-Santa-Maria-la-Mayor-Mundiplus-600x338.jpeg 600w\" sizes=\"(max-width: 1280px) 100vw, 1280px\" \/><\/p>\n<p><span style=\"font-weight: 400;\">A Porta Santa <\/span><b>simboliza a passagem do pecado para a gra\u00e7a<\/b><span style=\"font-weight: 400;\"> e abre-se apenas durante os Anos Santos ou Jubileus. Atravess\u00e1-la representa para os fi\u00e9is uma oportunidade de renova\u00e7\u00e3o espiritual e obten\u00e7\u00e3o de indulg\u00eancias plen\u00e1rias.<\/span><\/p>\n<p><span style=\"font-weight: 400;\">Durante o Jubileu, os fi\u00e9is t\u00eam a oportunidade de <\/span><b>obter a indulg\u00eancia plen\u00e1ria<\/b><span style=\"font-weight: 400;\">. Para tal, devem atravessar a Porta Santa, confessar-se, receber a Eucaristia e rezar pelas inten\u00e7\u00f5es do Papa. Este acto simboliza uma profunda renova\u00e7\u00e3o espiritual e o perd\u00e3o dos pecados.<\/span><\/p>\n<p>&nbsp;<\/p>\n<h2><b>O Caminho de Santiago e o Jubileu 2025 em Santa Maria Maior<\/b><\/h2>\n<p><span style=\"font-weight: 400;\">O Caminho de Santiago e o Jubileu 2025 est\u00e3o ligados por uma profunda tradi\u00e7\u00e3o crist\u00e3 que combina <\/span><b>f\u00e9, peregrina\u00e7\u00e3o e busca espiritual<\/b><span style=\"font-weight: 400;\">. Tal como o Jubileu convida os fi\u00e9is a atravessar a Porta Santa como s\u00edmbolo de renova\u00e7\u00e3o, o Caminho de Santiago move o desejo de redescobrir a sua f\u00e9 e de encontrar respostas pessoais.<\/span><\/p>\n<p><span style=\"font-weight: 400;\">Durante este Jubileu, muitos peregrinos sentem-se inspirados a<\/span><b> unir ambas as experi\u00eancias<\/b><span style=\"font-weight: 400;\">. Para poderem viver ambas, podem recorrer a caminhos hist\u00f3ricos e curtos como: <\/span><\/p>\n<ul>\n<li style=\"font-weight: 400;\" aria-level=\"1\"><span style=\"font-weight: 400;\">O<\/span><a href=\"https:\/\/www.mundiplus.com\/pt-pt\/caminos\/a-pie\/camino-sanabres\/camino-de-santiago-desde-orense\/\"> <b>Caminho Sanabr\u00eas desde Ourense<\/b><\/a><span style=\"font-weight: 400;\">, uma rota que permite atravessar o interior da Galiza, cheia de paisagens naturais e tradi\u00e7\u00f5es locais. Esta variante oferece uma conex\u00e3o espiritual perfeita, pois coincide com os valores de purifica\u00e7\u00e3o e gra\u00e7a que s\u00e3o celebrados no Ano Santo.<\/span><\/li>\n<\/ul>\n<p>&nbsp;<\/p>\n<ul>\n<li style=\"font-weight: 400;\" aria-level=\"1\"><span style=\"font-weight: 400;\">Outro caminho emblem\u00e1tico \u00e9 o<\/span><a href=\"https:\/\/www.mundiplus.com\/pt-pt\/caminos\/a-pie\/camino-primitivo\/camino-de-santiago-desde-lugo\/\"> <b>Caminho Primitivo desde Lugo<\/b><\/a><span style=\"font-weight: 400;\">, conhecido por ser parte do itiner\u00e1rio mais antigo para a tumba do Ap\u00f3stolo. Este percurso, marcado por etapas de grande esfor\u00e7o f\u00edsico e paisagens montanhosas, refor\u00e7a a ideia de sacrif\u00edcio e crescimento pessoal que tamb\u00e9m define o Jubileu.<\/span><\/li>\n<\/ul>\n<p>&nbsp;<\/p>\n<p><span style=\"font-weight: 400;\">Claro que a dist\u00e2ncia percorrida n\u00e3o tem de ser um impedimento. Da mesma forma, fazer o <\/span><a href=\"https:\/\/www.mundiplus.com\/pt-pt\/caminos\/a-pie\/camino-norte\/camino-de-santiago-desde-irun\/\"><b>Caminho Norte desde Ir\u00fan<\/b><\/a><span style=\"font-weight: 400;\"> oferece paisagens deslumbrantes e uma rica tradi\u00e7\u00e3o cultural ao longo do seu percurso por cidades como S\u00e3o Sebasti\u00e3o, Bilbau e Santander. Al\u00e9m disso, proporciona momentos de introspe\u00e7\u00e3o que prometem uma experi\u00eancia profundamente transformadora.<\/span><\/p>\n<p>&nbsp;<\/p>\n<h2><b>CURIOSIDADES SOBRE O JUBILEU 2025<\/b><\/h2>\n<p><span style=\"font-weight: 400;\">Aqui ficam alguns detalhes importantes desta celebra\u00e7\u00e3o religiosa:<\/span><\/p>\n<ul>\n<li style=\"font-weight: 400;\" aria-level=\"1\"><span style=\"font-weight: 400;\">O <\/span><b>1 de janeiro de 2025<\/b><span style=\"font-weight: 400;\">, foi realizada a abertura da Porta Santa na Bas\u00edlica de Santa Maria Maior, marcando a sua participa\u00e7\u00e3o no Jubileu 2025. Este rito foi presidido pelo Cardeal Rolandas Makrickas, arcipreste coadjutor da bas\u00edlica.<\/span><\/li>\n<\/ul>\n<p>&nbsp;<\/p>\n<ul>\n<li style=\"font-weight: 400;\" aria-level=\"1\"><span style=\"font-weight: 400;\">Durante a cerim\u00f3nia de abertura, ressoou a hist\u00f3rica campainha conhecida como <\/span><b>&#8220;La Sperduta&#8221;<\/b><span style=\"font-weight: 400;\">. Esta campainha voltou \u00e0 bas\u00edlica em mar\u00e7o de 2024, <\/span><b>ap\u00f3s 140 anos de aus\u00eancia<\/b><span style=\"font-weight: 400;\">. O seu nome, que significa &#8220;A Perdida&#8221;, prov\u00e9m de uma antiga tradi\u00e7\u00e3o: diz-se que o seu som ajudava os peregrinos perdidos a encontrar o caminho de volta \u00e0 cidade.<\/span><\/li>\n<\/ul>\n<p>&nbsp;<\/p>\n<ul>\n<li style=\"font-weight: 400;\" aria-level=\"1\"><span style=\"font-weight: 400;\">Para al\u00e9m das cerim\u00f3nias religiosas, inclui uma s\u00e9rie de <\/span><b>eventos culturais<\/b><span style=\"font-weight: 400;\">, como concertos, exposi\u00e7\u00f5es de arte e confer\u00eancias, que enriquecem a experi\u00eancia dos peregrinos e visitantes.<\/span><span style=\"font-weight: 400;\"><br \/>\n<\/span><\/li>\n<\/ul>\n<p>&nbsp;<\/p>\n<p><span style=\"font-weight: 400;\">O Jubileu 2025 em Santa Maria Maior \u00e9 uma oportunidade \u00fanica para revitalizar a tua espiritualidade, conectar-te com s\u00e9culos de hist\u00f3ria crist\u00e3 e mergulhar numa atmosfera de f\u00e9 e unidade. Quer tenhas j\u00e1 percorrido o Caminho de Santiago ou seja a tua primeira experi\u00eancia de peregrina\u00e7\u00e3o, este Ano Santo oferece momentos inesquec\u00edveis de renova\u00e7\u00e3o interior.<\/span><\/p>\n<p><span style=\"font-weight: 400;\">N\u00e3o deixes passar a oportunidade de fazer parte deste evento transcendental. Roma, com o seu legado sagrado e cultural, espera por ti para viveres o Jubileu 2025 como uma experi\u00eancia que mudar\u00e1 a tua perspetiva de vida. Anima-te a atravessar a Porta Santa e come\u00e7a o teu pr\u00f3prio caminho de transforma\u00e7\u00e3o.<\/span><\/p>\n","protected":false},"excerpt":{"rendered":"<p>O Jubileu 2025 \u00e9 uma das celebra\u00e7\u00f5es religiosas mais esperadas em todo o mundo crist\u00e3o. Este ano, a abertura da Porta Santa na Bas\u00edlica de Santa Maria Maior, em Roma, marca o in\u00edcio de um per\u00edodo de renova\u00e7\u00e3o espiritual e peregrina\u00e7\u00e3o que convoca milh\u00f5es de fi\u00e9is. A tradi\u00e7\u00e3o do Jubileu remonta a mais de sete [&hellip;]<\/p>\n","protected":false},"author":1,"featured_media":117170,"comment_status":"open","ping_status":"open","sticky":false,"template":"","format":"standard","meta":{"footnotes":""},"categories":[574,578,586,606],"tags":[],"class_list":["post-117195","post","type-post","status-publish","format-standard","has-post-thumbnail","hentry","category-blog-do-caminho","category-caminho-a-pe","category-historia-pt","category-locais-iconicos"],"_links":{"self":[{"href":"https:\/\/www.mundiplus.com\/pt-pt\/wp-json\/wp\/v2\/posts\/117195","targetHints":{"allow":["GET"]}}],"collection":[{"href":"https:\/\/www.mundiplus.com\/pt-pt\/wp-json\/wp\/v2\/posts"}],"about":[{"href":"https:\/\/www.mundiplus.com\/pt-pt\/wp-json\/wp\/v2\/types\/post"}],"author":[{"embeddable":true,"href":"https:\/\/www.mundiplus.com\/pt-pt\/wp-json\/wp\/v2\/users\/1"}],"replies":[{"embeddable":true,"href":"https:\/\/www.mundiplus.com\/pt-pt\/wp-json\/wp\/v2\/comments?post=117195"}],"version-history":[{"count":0,"href":"https:\/\/www.mundiplus.com\/pt-pt\/wp-json\/wp\/v2\/posts\/117195\/revisions"}],"wp:featuredmedia":[{"embeddable":true,"href":"https:\/\/www.mundiplus.com\/pt-pt\/wp-json\/wp\/v2\/media\/117170"}],"wp:attachment":[{"href":"https:\/\/www.mundiplus.com\/pt-pt\/wp-json\/wp\/v2\/media?parent=117195"}],"wp:term":[{"taxonomy":"category","embeddable":true,"href":"https:\/\/www.mundiplus.com\/pt-pt\/wp-json\/wp\/v2\/categories?post=117195"},{"taxonomy":"post_tag","embeddable":true,"href":"https:\/\/www.mundiplus.com\/pt-pt\/wp-json\/wp\/v2\/tags?post=117195"}],"curies":[{"name":"wp","href":"https:\/\/api.w.org\/{rel}","templated":true}]}}