{"id":117765,"date":"2025-02-21T18:49:19","date_gmt":"2025-02-21T18:49:19","guid":{"rendered":"https:\/\/www.mundiplus.com\/?p=117765"},"modified":"2025-02-24T09:24:46","modified_gmt":"2025-02-24T09:24:46","slug":"o-que-ver-em-guemes","status":"publish","type":"post","link":"https:\/\/www.mundiplus.com\/pt-pt\/o-que-se-ve-em-guemes\/","title":{"rendered":"O que ver em G\u00fcemes"},"content":{"rendered":"<p><img fetchpriority=\"high\" decoding=\"async\" class=\"alignnone wp-image-117694 size-full\" src=\"https:\/\/www.mundiplus.com\/wp-content\/uploads\/2025\/02\/Guemes-Mundiplus.jpg\" alt=\"\" width=\"1024\" height=\"576\" srcset=\"https:\/\/www.mundiplus.com\/wp-content\/uploads\/2025\/02\/Guemes-Mundiplus.jpg 1024w, https:\/\/www.mundiplus.com\/wp-content\/uploads\/2025\/02\/Guemes-Mundiplus-300x169.jpg 300w, https:\/\/www.mundiplus.com\/wp-content\/uploads\/2025\/02\/Guemes-Mundiplus-768x432.jpg 768w, https:\/\/www.mundiplus.com\/wp-content\/uploads\/2025\/02\/Guemes-Mundiplus-600x338.jpg 600w\" sizes=\"(max-width: 1024px) 100vw, 1024px\" \/><\/p>\n<p><b>G\u00fcemes<\/b><span style=\"font-weight: 400;\"> \u00e9 uma paragem emblem\u00e1tica no Caminho do Norte para Santiago de Compostela. Esta pequena aldeia c\u00e1ntabra \u00e9 sobretudo conhecida por aqui se encontrar o albergue <\/span><b>&#8220;A Cabana do Av\u00f4 Peuto&#8221;<\/b><span style=\"font-weight: 400;\">, fundado pelo Padre Ernesto. Este local oferece aos peregrinos uma experi\u00eancia de hospitalidade \u00fanica e enriquecedora.\u00a0<\/span><\/p>\n<p><span style=\"font-weight: 400;\">A partir daqui, a rota para Santander oferece duas op\u00e7\u00f5es: uma rota oficial que passa por Loredo e outra variante costeira que atravessa impressionantes fal\u00e9sias e praias, proporcionando vistas panor\u00e2micas do mar Cant\u00e1brico. Ambas as rotas convergem em Somo, de onde se pode apanhar um ferry para atravessar a ba\u00eda at\u00e9 Santander.<\/span><\/p>\n<p><span style=\"font-weight: 400;\">Mas n\u00e3o vamos apressar-nos, antes de partir, o que queremos \u00e9 mostrar-te os <\/span><b>principais pontos de interesse de G\u00fcemes<\/b><span style=\"font-weight: 400;\">. Em primeiro lugar, vamos dar-te outros motivos para escolheres o Caminho do Norte como a tua rota at\u00e9 \u00e0 Catedral de Santiago.<\/span><\/p>\n<p>&nbsp;<\/p>\n<h2><b>Porque escolher o Caminho do Norte?<\/b><\/h2>\n<p><span style=\"font-weight: 400;\">Como especialistas em<\/span> <a href=\"https:\/\/www.mundiplus.com\/pt\/\"><b>viagens Caminho de Santiago<\/b><\/a><span style=\"font-weight: 400;\">, vamos permitir-nos o luxo de te falar sobre esta rota e porque deves escolh\u00ea-la. Depois, j\u00e1 te falaremos de G\u00fcemes.<\/span><\/p>\n<p><span style=\"font-weight: 400;\">O <\/span><b>Caminho do Norte<\/b><span style=\"font-weight: 400;\"> \u00e9 uma das rotas jacobeias mais espetaculares e, ao mesmo tempo, <\/span><b>menos frequentadas<\/b><span style=\"font-weight: 400;\">, especialmente se comparada com o Caminho Franc\u00eas.\u00a0<\/span><\/p>\n<p><span style=\"font-weight: 400;\">Alguns optam por caminhos mais diretos, como o<\/span><a href=\"https:\/\/www.mundiplus.com\/pt\/caminos\/a-pie\/camino-sanabres\/camino-de-santiago-desde-orense\/\"> <b>Caminho de Santiago desde Ourense<\/b><\/a><span style=\"font-weight: 400;\">, que proporciona uma experi\u00eancia mais curta mas com uma forte liga\u00e7\u00e3o \u00e0 cultura galega. Outros preferem a exig\u00eancia de rotas como o<\/span><a href=\"https:\/\/www.mundiplus.com\/pt\/caminos\/a-pie\/camino-primitivo\/camino-de-santiago-desde-lugo\/\"> <b>Caminho Primitivo desde Lugo<\/b><\/a><span style=\"font-weight: 400;\">. A rota completa destaca-se pela sua dureza e pelo seu car\u00e1ter hist\u00f3rico, sendo o primeiro itiner\u00e1rio oficial at\u00e9 ao t\u00famulo do Ap\u00f3stolo.<\/span><\/p>\n<p><span style=\"font-weight: 400;\">Ao contr\u00e1rio de outros caminhos, aqui os peregrinos desfrutam da <\/span><b>combina\u00e7\u00e3o perfeita entre montanha e mar<\/b><span style=\"font-weight: 400;\">, atravessando aldeias com uma grande riqueza hist\u00f3rica e cultural.<\/span><\/p>\n<p><span style=\"font-weight: 400;\">A grande vantagem do Caminho do Norte \u00e9 a possibilidade de <\/span><b>percorrer uma das regi\u00f5es mais bonitas de Espanha<\/b><span style=\"font-weight: 400;\">, combinando hist\u00f3ria, natureza e tradi\u00e7\u00e3o em cada etapa. Esta rota permite descobrir desde majestosas cidades como San Sebasti\u00e1n e Santander at\u00e9 pequenas aldeias como G\u00fcemes.<\/span><\/p>\n<p><span style=\"font-weight: 400;\">Outro ponto a favor \u00e9 a <\/span><b>diversidade de paisagens<\/b><span style=\"font-weight: 400;\">. Quem procura uma alternativa costeira pode considerar o<\/span><a href=\"https:\/\/www.mundiplus.com\/pt\/caminos\/a-pie\/camino-norte\/camino-de-santiago-desde-irun\/\"> <b>Caminho de Santiago desde Ir\u00fan<\/b><\/a><span style=\"font-weight: 400;\">, que oferece um percurso espetacular pelo Pa\u00eds Basco antes de entrar na Cant\u00e1bria e Ast\u00farias.\u00a0<\/span><\/p>\n<p><span style=\"font-weight: 400;\">Finalmente, a <\/span><b>tranquilidade<\/b><span style=\"font-weight: 400;\"> \u00e9 outra raz\u00e3o de peso para escolher este itiner\u00e1rio. Enquanto o Caminho Franc\u00eas pode estar saturado em certas \u00e9pocas do ano, o Caminho do Norte proporciona uma <\/span><b>experi\u00eancia mais pausada e pessoal<\/b><span style=\"font-weight: 400;\">, com maior contacto com a natureza e menos aglomera\u00e7\u00f5es nos albergues.\u00a0<\/span><\/p>\n<p>&nbsp;<\/p>\n<h2><b>Lugares mais populares para ver em G\u00fcemes<\/b><\/h2>\n<p><span style=\"font-weight: 400;\">Embora pequeno em tamanho, G\u00fcemes tem v\u00e1rios lugares de interesse que n\u00e3o podes deixar de visitar durante a tua passagem por aqui. Aqui apresentamos os mais destacados:<\/span><\/p>\n<h3><b>Igreja de S\u00e3o Vicente M\u00e1rtir<\/b><\/h3>\n<p><span style=\"font-weight: 400;\">A <\/span><b>Igreja de S\u00e3o Vicente M\u00e1rtir<\/b><span style=\"font-weight: 400;\"> \u00e9 um dos principais marcos hist\u00f3ricos e arquitet\u00f3nicos da aldeia. Este templo, de <\/span><b>origem medieval<\/b><span style=\"font-weight: 400;\">, foi testemunha da passagem de peregrinos ao longo dos s\u00e9culos e conserva elementos de grande valor art\u00edstico. A sua estrutura reflete a evolu\u00e7\u00e3o dos estilos arquitet\u00f3nicos na Cant\u00e1bria, com detalhes que v\u00e3o <\/span><b>do rom\u00e2nico ao barroco<\/b><span style=\"font-weight: 400;\">.<\/span><\/p>\n<p><span style=\"font-weight: 400;\">Um dos seus maiores atrativos \u00e9 o seu <\/span><b>ret\u00e1bulo maior<\/b><span style=\"font-weight: 400;\">, uma pe\u00e7a de grande beleza que data do <\/span><b>s\u00e9c. XVIII<\/b><span style=\"font-weight: 400;\">. Al\u00e9m disso, o ambiente que a rodeia, com as suas vistas para as paisagens verdes c\u00e1ntabras, torna-a um local ideal para uma pausa no Caminho do Norte.<\/span><\/p>\n<p>&nbsp;<\/p>\n<h3><b>Albergue a Cabana do Av\u00f4 Peuto<\/b><\/h3>\n<p><span style=\"font-weight: 400;\">Este albergue, embora esteja em Bareyo, \u00e9 um dos maiores atrativos desta zona. Mais do que um simples alojamento, \u00e9 um <\/span><b>espa\u00e7o de encontro para peregrinos do Caminho de Santiago<\/b><span style=\"font-weight: 400;\">. O seu ambiente acolhedor, aliado \u00e0s conversas do Padre Ernesto, torna este local uma paragem espiritual \u00fanica.<\/span><\/p>\n<p><span style=\"font-weight: 400;\">A arquitetura tradicional do albergue, rodeado por jardins e natureza, tamb\u00e9m o torna especialmente pitoresco.<\/span><\/p>\n<p>&nbsp;<\/p>\n<h3><b>Ermida de S\u00e3o Juli\u00e3o<\/b><\/h3>\n<p><img decoding=\"async\" class=\"alignnone wp-image-117706 size-full\" src=\"https:\/\/www.mundiplus.com\/wp-content\/uploads\/2025\/02\/Ermita-de-San-Julian-Mundiplus-1.jpg\" alt=\"\" width=\"1024\" height=\"498\" srcset=\"https:\/\/www.mundiplus.com\/wp-content\/uploads\/2025\/02\/Ermita-de-San-Julian-Mundiplus-1.jpg 1024w, https:\/\/www.mundiplus.com\/wp-content\/uploads\/2025\/02\/Ermita-de-San-Julian-Mundiplus-1-300x146.jpg 300w, https:\/\/www.mundiplus.com\/wp-content\/uploads\/2025\/02\/Ermita-de-San-Julian-Mundiplus-1-768x374.jpg 768w, https:\/\/www.mundiplus.com\/wp-content\/uploads\/2025\/02\/Ermita-de-San-Julian-Mundiplus-1-600x292.jpg 600w\" sizes=\"(max-width: 1024px) 100vw, 1024px\" \/><\/p>\n<p><span style=\"font-weight: 400;\">Tamb\u00e9m em Bareyo. A ermida de S\u00e3o Juli\u00e3o \u00e9 um monumento de grande valor hist\u00f3rico que tem sido testemunha da vida religiosa da aldeia ao longo dos s\u00e9culos. Situada num ambiente tranquilo, convida \u00e0 medita\u00e7\u00e3o e contempla\u00e7\u00e3o. O seu interior guarda detalhes art\u00edsticos de interesse, como antigos ret\u00e1bulos, que refletem o passado cultural da regi\u00e3o.<\/span><\/p>\n<p>&nbsp;<\/p>\n<h3><b>Igreja de Santa Maria de Bareyo<\/b><\/h3>\n<p><span style=\"font-weight: 400;\">Igualmente, a apenas alguns quil\u00f3metros encontra-se a igreja paroquial de Santa Maria de Bareyo, uma das <\/span><b>joias do rom\u00e2nico<\/b><span style=\"font-weight: 400;\"> na Cant\u00e1bria. Esta igreja destaca-se pelos seus capit\u00e9is esculpidos e pela sua estrutura bem preservada. \u00c9 uma visita obrigat\u00f3ria para quem aprecia a arquitetura medieval.<\/span><\/p>\n<p>&nbsp;<\/p>\n<h3><b>Praias pr\u00f3ximas: praia de Galizano e praia de Ajo<\/b><\/h3>\n<p><img decoding=\"async\" class=\"alignnone wp-image-117700 size-full\" src=\"https:\/\/www.mundiplus.com\/wp-content\/uploads\/2025\/02\/Playa-del-Ajo-Mundiplus.jpg\" alt=\"\" width=\"1023\" height=\"682\" srcset=\"https:\/\/www.mundiplus.com\/wp-content\/uploads\/2025\/02\/Playa-del-Ajo-Mundiplus.jpg 1023w, https:\/\/www.mundiplus.com\/wp-content\/uploads\/2025\/02\/Playa-del-Ajo-Mundiplus-300x200.jpg 300w, https:\/\/www.mundiplus.com\/wp-content\/uploads\/2025\/02\/Playa-del-Ajo-Mundiplus-768x512.jpg 768w, https:\/\/www.mundiplus.com\/wp-content\/uploads\/2025\/02\/Playa-del-Ajo-Mundiplus-600x400.jpg 600w\" sizes=\"(max-width: 1023px) 100vw, 1023px\" \/><\/p>\n<p><span style=\"font-weight: 400;\">Embora n\u00e3o tenha acesso direto ao mar, encontra-se muito perto de algumas das melhores praias da Cant\u00e1bria.\u00a0<\/span><\/p>\n<ul>\n<li style=\"font-weight: 400;\" aria-level=\"1\"><span style=\"font-weight: 400;\">Em Ribamont\u00e1n del Mar, a <\/span><b>praia de Galizano<\/b><span style=\"font-weight: 400;\"> \u00e9 conhecida pela sua beleza natural, com fal\u00e9sias e trilhos perfeitos para o senderismo.<\/span><\/li>\n<\/ul>\n<p>&nbsp;<\/p>\n<ul>\n<li style=\"font-weight: 400;\" aria-level=\"1\"><span style=\"font-weight: 400;\">Por outro lado, a <\/span><b>praia de Ajo<\/b><span style=\"font-weight: 400;\"> oferece um ambiente mais aberto, ideal para desfrutar de passeios tranquilos e vistas panor\u00e2micas do mar Cant\u00e1brico.<\/span><\/li>\n<\/ul>\n<p>&nbsp;<\/p>\n<h3><b>Rutas de senderismo e miradouros<\/b><\/h3>\n<p><span style=\"font-weight: 400;\">Os arredores est\u00e3o repletos de trilhos de senderismo que permitem descobrir a riqueza natural da Cant\u00e1bria. Entre os mais populares est\u00e3o os <\/span><b>caminhos que conectam a aldeia com Bareyo e outros pontos de interesse<\/b><span style=\"font-weight: 400;\">. De alguns miradouros naturais, como os situados perto de Galizano, \u00e9 poss\u00edvel disfrutar de vistas impressionantes sobre o litoral cant\u00e1brico.<\/span><\/p>\n<p><span style=\"font-weight: 400;\">Estes lugares fazem de G\u00fcemes um destino cheio de encanto, ideal para explorar tanto o seu patrim\u00f3nio cultural como as suas paisagens naturais.<\/span><\/p>\n<p><span style=\"font-weight: 400;\">Esta pequena aldeia c\u00e1ntabra oferece uma experi\u00eancia \u00fanica, especialmente para aqueles que est\u00e3o interessados no Caminho de Santiago ou em desfrutar de um ambiente rural aut\u00eantico. Tanto se est\u00e1s a percorrer a rota jacobeia ou simplesmente queres descontrair num ambiente id\u00edlico, vais surpreender-te com a sua hospitalidade, as suas paisagens e a sua riqueza cultural.<\/span><\/p>\n<p><span style=\"font-weight: 400;\">N\u00e3o hesites mais e vem descobrir este recanto da Cant\u00e1bria, onde cada passo te levar\u00e1 a uma nova experi\u00eancia inesquec\u00edvel. \u00a1G\u00fcemes espera-te de bra\u00e7os abertos!<\/span><\/p>\n","protected":false},"excerpt":{"rendered":"<p>G\u00fcemes \u00e9 uma paragem emblem\u00e1tica no Caminho do Norte para Santiago de Compostela. Esta pequena aldeia c\u00e1ntabra \u00e9 sobretudo conhecida por aqui se encontrar o albergue &#8220;A Cabana do Av\u00f4 Peuto&#8221;, fundado pelo Padre Ernesto. Este local oferece aos peregrinos uma experi\u00eancia de hospitalidade \u00fanica e enriquecedora.\u00a0 A partir daqui, a rota para Santander oferece [&hellip;]<\/p>\n","protected":false},"author":1,"featured_media":117699,"comment_status":"open","ping_status":"open","sticky":false,"template":"","format":"standard","meta":{"footnotes":""},"categories":[574,578,602],"tags":[],"class_list":["post-117765","post","type-post","status-publish","format-standard","has-post-thumbnail","hentry","category-blog-do-caminho","category-caminho-a-pe","category-vilas-e-comarcas"],"_links":{"self":[{"href":"https:\/\/www.mundiplus.com\/pt-pt\/wp-json\/wp\/v2\/posts\/117765","targetHints":{"allow":["GET"]}}],"collection":[{"href":"https:\/\/www.mundiplus.com\/pt-pt\/wp-json\/wp\/v2\/posts"}],"about":[{"href":"https:\/\/www.mundiplus.com\/pt-pt\/wp-json\/wp\/v2\/types\/post"}],"author":[{"embeddable":true,"href":"https:\/\/www.mundiplus.com\/pt-pt\/wp-json\/wp\/v2\/users\/1"}],"replies":[{"embeddable":true,"href":"https:\/\/www.mundiplus.com\/pt-pt\/wp-json\/wp\/v2\/comments?post=117765"}],"version-history":[{"count":0,"href":"https:\/\/www.mundiplus.com\/pt-pt\/wp-json\/wp\/v2\/posts\/117765\/revisions"}],"wp:featuredmedia":[{"embeddable":true,"href":"https:\/\/www.mundiplus.com\/pt-pt\/wp-json\/wp\/v2\/media\/117699"}],"wp:attachment":[{"href":"https:\/\/www.mundiplus.com\/pt-pt\/wp-json\/wp\/v2\/media?parent=117765"}],"wp:term":[{"taxonomy":"category","embeddable":true,"href":"https:\/\/www.mundiplus.com\/pt-pt\/wp-json\/wp\/v2\/categories?post=117765"},{"taxonomy":"post_tag","embeddable":true,"href":"https:\/\/www.mundiplus.com\/pt-pt\/wp-json\/wp\/v2\/tags?post=117765"}],"curies":[{"name":"wp","href":"https:\/\/api.w.org\/{rel}","templated":true}]}}