{"id":117917,"date":"2025-03-03T19:49:06","date_gmt":"2025-03-03T19:49:06","guid":{"rendered":"https:\/\/www.mundiplus.com\/?p=117917"},"modified":"2025-03-03T19:51:38","modified_gmt":"2025-03-03T19:51:38","slug":"altotting-a-peregrinacao-mais-importante-da-alemanha","status":"publish","type":"post","link":"https:\/\/www.mundiplus.com\/pt-pt\/altotting-o-coracao-espiritual-da-baviera\/","title":{"rendered":"Alt\u00f6tting, a peregrina\u00e7\u00e3o mais importante da Alemanha"},"content":{"rendered":"<p><img fetchpriority=\"high\" decoding=\"async\" class=\"alignnone wp-image-117857 size-full\" src=\"https:\/\/www.mundiplus.com\/wp-content\/uploads\/2025\/02\/Altotting-Mundiplus.jpg\" alt=\"\" width=\"1024\" height=\"768\" srcset=\"https:\/\/www.mundiplus.com\/wp-content\/uploads\/2025\/02\/Altotting-Mundiplus.jpg 1024w, https:\/\/www.mundiplus.com\/wp-content\/uploads\/2025\/02\/Altotting-Mundiplus-300x225.jpg 300w, https:\/\/www.mundiplus.com\/wp-content\/uploads\/2025\/02\/Altotting-Mundiplus-768x576.jpg 768w, https:\/\/www.mundiplus.com\/wp-content\/uploads\/2025\/02\/Altotting-Mundiplus-600x450.jpg 600w\" sizes=\"(max-width: 1024px) 100vw, 1024px\" \/><\/p>\n<p><b>Sabias que a Alemanha tem um centro de peregrina\u00e7\u00e3o que atrai centenas de milhares de pessoas todos os anos?<\/b><span style=\"font-weight: 400;\"> Quando pensamos em viagens de f\u00e9, provavelmente o primeiro destino que nos vem \u00e0 mente \u00e9 o Caminho de Santiago, mas <\/span><b>Alt\u00f6tting<\/b><span style=\"font-weight: 400;\">, na Baviera, \u00e9 na realidade o cora\u00e7\u00e3o espiritual da Alemanha.<\/span><\/p>\n<p><span style=\"font-weight: 400;\">Esta pequena vila tornou-se um destino importante para fi\u00e9is que buscam um milagre, uma conex\u00e3o com a f\u00e9 ou conhecer um lugar com uma hist\u00f3ria impressionante. Se queres descobrir porque milhares de pessoas escolhem este santu\u00e1rio todos os anos, continua a ler.<\/span><\/p>\n<p>&nbsp;<\/p>\n<h2><b>Diferentes rotas de peregrina\u00e7\u00e3o para destinos sagrados<\/b><\/h2>\n<p><span style=\"font-weight: 400;\">A peregrina\u00e7\u00e3o \u00e9 uma viagem que vai al\u00e9m do simples deslocamento f\u00edsico para se tornar uma experi\u00eancia espiritual e pessoal. Cada rota convida o peregrino a<\/span><b> parar, refletir e conectar-se com uma tradi\u00e7\u00e3o<\/b><span style=\"font-weight: 400;\"> que tem sido transmitida de gera\u00e7\u00e3o em gera\u00e7\u00e3o, tornando o caminho um verdadeiro ritual de f\u00e9.<\/span><\/p>\n<p><span style=\"font-weight: 400;\">Ao longo da hist\u00f3ria, v\u00e1rias rotas ganharam notoriedade pela carga simb\u00f3lica que encerram. Desde trilhos que percorrem paisagens naturais imponentes at\u00e9 aqueles que atravessam lugares carregados de hist\u00f3ria, cada rota tem a sua pr\u00f3pria identidade e desafio.\u00a0<\/span><\/p>\n<p><span style=\"font-weight: 400;\">Para al\u00e9m das rotas ic\u00f3nicas, existem itiner\u00e1rios menos conhecidos que convidam a explorar territ\u00f3rios onde a devo\u00e7\u00e3o <\/span><b>se mistura com a cultura local<\/b><span style=\"font-weight: 400;\">. Estes percursos permitem ao peregrino imergir em tradi\u00e7\u00f5es locais e participar em rituais que, ao longo do tempo, t\u00eam <\/span><b>fortalecido o v\u00ednculo entre o crente e o sagrado<\/b><span style=\"font-weight: 400;\">.\u00a0<\/span><\/p>\n<p><span style=\"font-weight: 400;\">De facto, muitas rotas conduzem a destinos de peregrina\u00e7\u00e3o emblem\u00e1ticos na Europa. Algumas t\u00eam percursos tradicionais que foram percorridos por fi\u00e9is durante s\u00e9culos. As <\/span><a href=\"https:\/\/www.mundiplus.com\/pt\/\"><b>ag\u00eancias Caminho de Santiago<\/b><\/a><span style=\"font-weight: 400;\"> oferecem op\u00e7\u00f5es para quem deseja embarcar numa viagem com assist\u00eancia especializada.<\/span><\/p>\n<p><span style=\"font-weight: 400;\">Sim, consideramos que a peregrina\u00e7\u00e3o mais importante da Europa \u00e9 a de Santiago. Al\u00e9m da carga simb\u00f3lica, ela oferece v\u00e1rios percursos que variam tanto em localiza\u00e7\u00e3o, esfor\u00e7o e dist\u00e2ncia percorrida.\u00a0<\/span><\/p>\n<p><span style=\"font-weight: 400;\">Entre as rotas mais escolhidas est\u00e1:\u00a0<\/span><\/p>\n<ul>\n<li style=\"font-weight: 400;\" aria-level=\"1\"><span style=\"font-weight: 400;\">O <\/span><a href=\"https:\/\/www.mundiplus.com\/pt\/caminos\/a-pie\/camino-sanabres\/camino-de-santiago-desde-orense\/\"><b>Caminho de Santiago Ourense<\/b><\/a><span style=\"font-weight: 400;\">, que se destaca pela sua riqueza hist\u00f3rica.\u00a0<\/span><\/li>\n<\/ul>\n<p>&nbsp;<\/p>\n<ul>\n<li style=\"font-weight: 400;\" aria-level=\"1\"><span style=\"font-weight: 400;\">Outra op\u00e7\u00e3o popular \u00e9 o <\/span><a href=\"https:\/\/www.mundiplus.com\/pt\/caminos\/a-pie\/camino-primitivo\/camino-de-santiago-desde-lugo\/\"><b>Caminho de Santiago desde Lugo<\/b><\/a><span style=\"font-weight: 400;\">, ideal para quem busca um percurso cheio de cultura e espiritualidade.<\/span><\/li>\n<\/ul>\n<p>&nbsp;<\/p>\n<ul>\n<li style=\"font-weight: 400;\" aria-level=\"1\"><span style=\"font-weight: 400;\">Por outro lado, o <\/span><a href=\"https:\/\/www.mundiplus.com\/pt\/caminos\/a-pie\/camino-norte\/camino-de-santiago-desde-irun\/\"><b>Caminho do norte Irun Bilbao<\/b><\/a><span style=\"font-weight: 400;\"> atrai peregrinos que preferem paisagens costeiras e um desafio f\u00edsico mais exigente.\u00a0<\/span><\/li>\n<\/ul>\n<p>&nbsp;<\/p>\n<p><span style=\"font-weight: 400;\">Independentemente da escolha, todas estas rotas partilham o mesmo prop\u00f3sito: levar os caminhantes a uma experi\u00eancia pessoal de f\u00e9 e reflex\u00e3o.<\/span><\/p>\n<p>&nbsp;<\/p>\n<h2><b>Alt\u00f6tting: um centro de f\u00e9 com mais de 1200 anos de hist\u00f3ria<\/b><\/h2>\n<p><span style=\"font-weight: 400;\">Este lugar \u00e9 conhecido como o <\/span><b>cora\u00e7\u00e3o espiritual da Baviera<\/b><span style=\"font-weight: 400;\"> e tem sido um destino importante de peregrina\u00e7\u00e3o durante <\/span><b>mais de 1200 anos<\/b><span style=\"font-weight: 400;\">.\u00a0<\/span><\/p>\n<p><span style=\"font-weight: 400;\">A fama de Alt\u00f6tting deve-se principalmente \u00e0 venerada imagem da <\/span><b>Virgem Negra<\/b><span style=\"font-weight: 400;\">, tamb\u00e9m chamada <\/span><i><span style=\"font-weight: 400;\">Schwarze Muttergottes<\/span><\/i><span style=\"font-weight: 400;\">, \u00e0 qual se atribuem v\u00e1rios milagres. Em particular, um em <\/span><b>1489<\/b><span style=\"font-weight: 400;\"> quando uma crian\u00e7a afogada foi revivida ap\u00f3s uma ora\u00e7\u00e3o diante da sua imagem.<\/span><\/p>\n<p><span style=\"font-weight: 400;\">Este lugar recebe <\/span><b>mais de meio milh\u00e3o de peregrinos anualmente<\/b><span style=\"font-weight: 400;\"> e \u00e9 considerado um dos santu\u00e1rios marianos mais importantes da Europa, ao lado de locais como Lourdes e F\u00e1tima. A sua import\u00e2ncia tem sido destacada por figuras religiosas proeminentes, incluindo papas como <\/span><b>Benedito XVI<\/b><span style=\"font-weight: 400;\">, que o descreveu como o cora\u00e7\u00e3o espiritual da Baviera e um dos cora\u00e7\u00f5es espirituais da Europa.<\/span><\/p>\n<p>&nbsp;<\/p>\n<h2><b>A Gnadenkapelle: o centro espiritual da Baviera<\/b><\/h2>\n<p><img decoding=\"async\" class=\"alignnone wp-image-117863 size-full\" src=\"https:\/\/www.mundiplus.com\/wp-content\/uploads\/2025\/02\/Gnadenkapelle-Mundiplus.jpg\" alt=\"\" width=\"1024\" height=\"768\" srcset=\"https:\/\/www.mundiplus.com\/wp-content\/uploads\/2025\/02\/Gnadenkapelle-Mundiplus.jpg 1024w, https:\/\/www.mundiplus.com\/wp-content\/uploads\/2025\/02\/Gnadenkapelle-Mundiplus-300x225.jpg 300w, https:\/\/www.mundiplus.com\/wp-content\/uploads\/2025\/02\/Gnadenkapelle-Mundiplus-768x576.jpg 768w, https:\/\/www.mundiplus.com\/wp-content\/uploads\/2025\/02\/Gnadenkapelle-Mundiplus-600x450.jpg 600w\" sizes=\"(max-width: 1024px) 100vw, 1024px\" \/><\/p>\n<p><span style=\"font-weight: 400;\">O s\u00edmbolo mais importante de Alt\u00f6tting \u00e9 a <\/span><b>Gnadenkapelle<\/b><span style=\"font-weight: 400;\"> ou <\/span><b>Capela da Gra\u00e7a<\/b><span style=\"font-weight: 400;\">. Este santu\u00e1rio \u00e9 o local de culto mariano mais antigo da Alemanha e encontra-se na Baviera. A capela alberga uma imagem da Virgem Negra esculpida em madeira de t\u00edlia, <\/span><b>venerada desde o s\u00e9culo IX<\/b><span style=\"font-weight: 400;\">. A sua fama deve-se a v\u00e1rios relatos de milagres e curas inexplic\u00e1veis.<\/span><\/p>\n<p><span style=\"font-weight: 400;\">A Capela \u00e9 um destino importante para peregrinos que buscam orar, acender velas e deixar ex-votos como forma de gratid\u00e3o. A atmosfera do local \u00e9 solene, mas cheia de esperan\u00e7a para os que buscam paz e espiritualidade.<\/span><\/p>\n<p>&nbsp;<\/p>\n<h2><b>Como e por que peregrinam milhares de fi\u00e9is todos os anos<\/b><\/h2>\n<p><span style=\"font-weight: 400;\">Todos os anos, milhares de pessoas percorrem diferentes rotas para chegar a Alt\u00f6tting, como dissemos, um dos destinos de peregrina\u00e7\u00e3o mais importantes da Alemanha. Alguns partem de cidades pr\u00f3ximas, enquanto outros embarcam em viagens de v\u00e1rios dias ou at\u00e9 semanas.<\/span><\/p>\n<p><span style=\"font-weight: 400;\">Os peregrinos costumam caminhar em grupos, entoando c\u00e2nticos religiosos, rezando e acompanhando-se mutuamente na travessia. Para muitos, o esfor\u00e7o f\u00edsico tamb\u00e9m \u00e9 uma forma de reflex\u00e3o e recolhimento espiritual.<\/span><\/p>\n<p><span style=\"font-weight: 400;\">As<\/span> <span style=\"font-weight: 400;\">motiva\u00e7\u00f5es para a viagem s\u00e3o diversas: alguns buscam <\/span><b>cura f\u00edsica ou emocional<\/b><span style=\"font-weight: 400;\">, outros <\/span><b>d\u00e3o gra\u00e7as por favores concedidos<\/b><span style=\"font-weight: 400;\"> e muitos o fazem como parte de uma <\/span><b>tradi\u00e7\u00e3o familiar<\/b><span style=\"font-weight: 400;\"> transmitida de gera\u00e7\u00e3o em gera\u00e7\u00e3o.<\/span><\/p>\n<p><span style=\"font-weight: 400;\">A chegada \u00e0 cidade \u00e9 um momento profundamente emotivo. \u00c9 marcada por cerim\u00f4nias religiosas, encontros com outros peregrinos e a possibilidade de assistir a missas especiais na famosa Capela da Gra\u00e7a, onde se venera a imagem da Virgem Negra, considerada milagrosa.<\/span><\/p>\n<p>&nbsp;<\/p>\n<h2><b>Alt\u00f6tting al\u00e9m da f\u00e9: cultura e arquitetura<\/b><\/h2>\n<p><img decoding=\"async\" class=\"alignnone wp-image-117851 size-full\" src=\"https:\/\/www.mundiplus.com\/wp-content\/uploads\/2025\/02\/Basilica-de-San-Felipe-Mundiplus.jpg\" alt=\"\" width=\"1024\" height=\"683\" srcset=\"https:\/\/www.mundiplus.com\/wp-content\/uploads\/2025\/02\/Basilica-de-San-Felipe-Mundiplus.jpg 1024w, https:\/\/www.mundiplus.com\/wp-content\/uploads\/2025\/02\/Basilica-de-San-Felipe-Mundiplus-300x200.jpg 300w, https:\/\/www.mundiplus.com\/wp-content\/uploads\/2025\/02\/Basilica-de-San-Felipe-Mundiplus-768x512.jpg 768w, https:\/\/www.mundiplus.com\/wp-content\/uploads\/2025\/02\/Basilica-de-San-Felipe-Mundiplus-600x400.jpg 600w\" sizes=\"(max-width: 1024px) 100vw, 1024px\" \/><\/p>\n<p><span style=\"font-weight: 400;\">Embora Alt\u00f6tting seja conhecido principalmente pela sua import\u00e2ncia religiosa, tamb\u00e9m oferece um grande valor cultural que atrai visitantes al\u00e9m dos peregrinos. A <\/span><b>arquitetura barroca<\/b><span style=\"font-weight: 400;\"> domina as ruas do centro hist\u00f3rico, com igrejas, mosteiros e edif\u00edcios que refletem s\u00e9culos de tradi\u00e7\u00e3o e devo\u00e7\u00e3o.<\/span><\/p>\n<p><span style=\"font-weight: 400;\">Destacam-se a <\/span><b>Bas\u00edlica de S\u00e3o Filipe e Tiago<\/b><span style=\"font-weight: 400;\">, um imponente templo com um interior ricamente decorado; e o <\/span><b>Tesouro da Igreja<\/b><span style=\"font-weight: 400;\">, que alberga valiosas rel\u00edquias e objetos lit\u00fargicos de grande import\u00e2ncia hist\u00f3rica.<\/span><\/p>\n<p><span style=\"font-weight: 400;\">Da mesma forma, os <\/span><b>museus locais<\/b><span style=\"font-weight: 400;\"> apresentam exposi\u00e7\u00f5es sobre a hist\u00f3ria da peregrina\u00e7\u00e3o e a devo\u00e7\u00e3o mariana, permitindo compreender melhor o significado de Alt\u00f6tting ao longo do tempo.<\/span><\/p>\n<p><span style=\"font-weight: 400;\">A m\u00fasica sacra tamb\u00e9m se destaca na vida cultural da cidade, com coros, concertos e festivais que se celebram em diferentes \u00e9pocas do ano. Ajudam a criar uma atmosfera solene e espiritual que enriquece a experi\u00eancia dos visitantes.<\/span><\/p>\n<p>&nbsp;<\/p>\n<h2><b>Dicas para visitar Alt\u00f6tting e viver uma experi\u00eancia completa<\/b><\/h2>\n<p><span style=\"font-weight: 400;\">Se decidir visitar Alt\u00f6tting, \u00e9 importante <\/span><b>planear a sua viagem com anteced\u00eancia<\/b><span style=\"font-weight: 400;\"> para aproveitar ao m\u00e1ximo tudo o que a cidade tem para oferecer. Esta localidade est\u00e1 bem conectada por comboio e estrada, o que facilita o seu acesso a partir de outras cidades alem\u00e3s.<\/span><\/p>\n<p><span style=\"font-weight: 400;\">Al\u00e9m disso, a <\/span><b>variedade de op\u00e7\u00f5es de alojamento<\/b><span style=\"font-weight: 400;\"> permitir\u00e1 escolher entre casas de peregrinos, que oferecem uma experi\u00eancia mais austera e aut\u00eantica. Os hot\u00e9is oferecem maior conforto se procura um descanso mais relaxado.<\/span><\/p>\n<p><span style=\"font-weight: 400;\">A gastronomia local \u00e9 uma das grandes atra\u00e7\u00f5es da cidade. Pode desfrutar de pratos t\u00edpicos b\u00e1varos como as famosas <\/span><b>salsichas brancas<\/b><span style=\"font-weight: 400;\"> (<\/span><i><span style=\"font-weight: 400;\">Wei\u00dfwurst<\/span><\/i><span style=\"font-weight: 400;\">) acompanhadas de mostarda doce, ou o tradicional <\/span><b>pretzel<\/b><span style=\"font-weight: 400;\">, ideal para um pequeno-almo\u00e7o ou lanche. Os restaurantes e caf\u00e9s do centro hist\u00f3rico permitir-lhe-\u00e3o degustar estas iguarias enquanto desfruta da atmosfera acolhedora da cidade.<\/span><\/p>\n<p><span style=\"font-weight: 400;\">Para viver uma experi\u00eancia verdadeiramente completa, recomendamos <\/span><b>assistir a uma missa na Gnadenkapelle<\/b><span style=\"font-weight: 400;\">, um lugar sagrado que \u00e9 o cora\u00e7\u00e3o espiritual da cidade.<\/span><\/p>\n<p><span style=\"font-weight: 400;\">Al\u00e9m disso, certifique-se de percorrer os principais monumentos hist\u00f3ricos da \u00e1rea, como a capela, a pra\u00e7a do mercado e as v\u00e1rias igrejas. Isto permitir\u00e1 conhecer melhor a rica hist\u00f3ria religiosa e cultural deste destino emblem\u00e1tico. Independentemente de chegar como peregrino ou turista, Alt\u00f6tting promete ser uma viv\u00eancia \u00fanica que<\/span><b> funde f\u00e9, tradi\u00e7\u00e3o e cultura<\/b><span style=\"font-weight: 400;\">.<\/span><\/p>\n","protected":false},"excerpt":{"rendered":"<p>Sabias que a Alemanha tem um centro de peregrina\u00e7\u00e3o que atrai centenas de milhares de pessoas todos os anos? Quando pensamos em viagens de f\u00e9, provavelmente o primeiro destino que nos vem \u00e0 mente \u00e9 o Caminho de Santiago, mas Alt\u00f6tting, na Baviera, \u00e9 na realidade o cora\u00e7\u00e3o espiritual da Alemanha. Esta pequena vila tornou-se [&hellip;]<\/p>\n","protected":false},"author":1,"featured_media":117862,"comment_status":"open","ping_status":"open","sticky":false,"template":"","format":"standard","meta":{"footnotes":""},"categories":[574,578,586,606],"tags":[],"class_list":["post-117917","post","type-post","status-publish","format-standard","has-post-thumbnail","hentry","category-blog-do-caminho","category-caminho-a-pe","category-historia-pt","category-locais-iconicos"],"_links":{"self":[{"href":"https:\/\/www.mundiplus.com\/pt-pt\/wp-json\/wp\/v2\/posts\/117917","targetHints":{"allow":["GET"]}}],"collection":[{"href":"https:\/\/www.mundiplus.com\/pt-pt\/wp-json\/wp\/v2\/posts"}],"about":[{"href":"https:\/\/www.mundiplus.com\/pt-pt\/wp-json\/wp\/v2\/types\/post"}],"author":[{"embeddable":true,"href":"https:\/\/www.mundiplus.com\/pt-pt\/wp-json\/wp\/v2\/users\/1"}],"replies":[{"embeddable":true,"href":"https:\/\/www.mundiplus.com\/pt-pt\/wp-json\/wp\/v2\/comments?post=117917"}],"version-history":[{"count":0,"href":"https:\/\/www.mundiplus.com\/pt-pt\/wp-json\/wp\/v2\/posts\/117917\/revisions"}],"wp:featuredmedia":[{"embeddable":true,"href":"https:\/\/www.mundiplus.com\/pt-pt\/wp-json\/wp\/v2\/media\/117862"}],"wp:attachment":[{"href":"https:\/\/www.mundiplus.com\/pt-pt\/wp-json\/wp\/v2\/media?parent=117917"}],"wp:term":[{"taxonomy":"category","embeddable":true,"href":"https:\/\/www.mundiplus.com\/pt-pt\/wp-json\/wp\/v2\/categories?post=117917"},{"taxonomy":"post_tag","embeddable":true,"href":"https:\/\/www.mundiplus.com\/pt-pt\/wp-json\/wp\/v2\/tags?post=117917"}],"curies":[{"name":"wp","href":"https:\/\/api.w.org\/{rel}","templated":true}]}}