{"id":118460,"date":"2025-03-12T19:57:13","date_gmt":"2025-03-12T19:57:13","guid":{"rendered":"https:\/\/www.mundiplus.com\/?p=118460"},"modified":"2026-03-26T15:09:23","modified_gmt":"2026-03-26T15:09:23","slug":"o-que-ver-em-mogro","status":"publish","type":"post","link":"https:\/\/www.mundiplus.com\/pt-pt\/o-que-ver-em-mogro\/","title":{"rendered":"O que ver em Mogro"},"content":{"rendered":"<p><img fetchpriority=\"high\" decoding=\"async\" class=\"alignnone wp-image-118411 size-full\" src=\"https:\/\/www.mundiplus.com\/wp-content\/uploads\/2025\/03\/Mogro-Mundiplus.jpg\" alt=\"\" width=\"1024\" height=\"768\" srcset=\"https:\/\/www.mundiplus.com\/wp-content\/uploads\/2025\/03\/Mogro-Mundiplus.jpg 1024w, https:\/\/www.mundiplus.com\/wp-content\/uploads\/2025\/03\/Mogro-Mundiplus-300x225.jpg 300w, https:\/\/www.mundiplus.com\/wp-content\/uploads\/2025\/03\/Mogro-Mundiplus-768x576.jpg 768w, https:\/\/www.mundiplus.com\/wp-content\/uploads\/2025\/03\/Mogro-Mundiplus-600x450.jpg 600w\" sizes=\"(max-width: 1024px) 100vw, 1024px\" \/><\/p>\n<p><b>Mogro<\/b><span style=\"font-weight: 400;\"> \u00e9 uma encantadora pequena vila localizada na costa norte, na Comunidade Aut\u00f3noma da Cant\u00e1bria. Situada no <\/span><b>munic\u00edpio de Miengo<\/b><span style=\"font-weight: 400;\">, a apenas alguns quil\u00f3metros da capital, Santander.<\/span><\/p>\n<p><span style=\"font-weight: 400;\">Este local \u00e9 conhecido pelo seu maravilhoso<\/span><b> ambiente natural<\/b><span style=\"font-weight: 400;\">, onde a praia e o mar Cant\u00e1brico se combinam com uma paisagem verde e montanhosa. O que o torna especial \u00e9 a sua capacidade de oferecer uma <\/span><b>variedade de experi\u00eancias tur\u00edsticas<\/b><span style=\"font-weight: 400;\">: desde relaxar nas suas praias at\u00e9 desfrutar da gastronomia local ou explorar trilhos pedestres nos arredores.<\/span><\/p>\n<p><span style=\"font-weight: 400;\">Al\u00e9m disso, \u00e9 um ponto de passagem e descanso no Caminho de Santiago, concretamente no<\/span><b> Caminho do Norte<\/b><span style=\"font-weight: 400;\">. Desde <\/span><b>Mundiplus<\/b><span style=\"font-weight: 400;\">, especialistas em <\/span><b>viagens no Caminho de Santiago<\/b><span style=\"font-weight: 400;\">, queremos adiantar-lhe o que esta localidade tem para oferecer antes de a conhecer na sua peregrina\u00e7\u00e3o at\u00e9 \u00e0 Catedral.<\/span><\/p>\n<p>&nbsp;<\/p>\n<h2><b>O Caminho de Santiago e Mogro: uma paragem importante<\/b><\/h2>\n<p><span style=\"font-weight: 400;\">Antes de falarmos de Mogro, deixe-nos falar-lhe do Caminho do Norte e dar-lhe alguns motivos para escolh\u00ea-lo como a sua rota.<\/span><\/p>\n<p><span style=\"font-weight: 400;\">Esta \u00e9 uma op\u00e7\u00e3o excecional para peregrinos que desejam viver uma <\/span><b>experi\u00eancia completa<\/b><span style=\"font-weight: 400;\">. Combina <\/span><b>tradi\u00e7\u00e3o hist\u00f3rica<\/b><span style=\"font-weight: 400;\"> com a <\/span><b>beleza natural da costa cant\u00e1brica<\/b><span style=\"font-weight: 400;\">. Esta rota oferece um percurso <\/span><b>cheio de contrastes e emo\u00e7\u00f5es<\/b><span style=\"font-weight: 400;\">, onde o som do mar e a tranquilidade da natureza acompanham cada passo.<\/span><\/p>\n<p><span style=\"font-weight: 400;\">Outro dos principais motivos para escolher o Caminho do Norte \u00e9 a sua <\/span><b>conex\u00e3o \u00edntima com a natureza<\/b><span style=\"font-weight: 400;\">. Enquanto rotas como o<\/span> <b>Caminho de Santiago desde Ourense<\/b><span style=\"font-weight: 400;\"> atravessam paisagens interiores e urbanas, esta op\u00e7\u00e3o costeira permite desfrutar de <\/span><b>fal\u00e9sias, praias e prados verdes que se fundem com o mar<\/b><span style=\"font-weight: 400;\">. A experi\u00eancia de contemplar o nascer e o p\u00f4r do sol com a brisa atl\u00e2ntica \u00e9 \u00fanica e revigorante.<\/span><\/p>\n<p><span style=\"font-weight: 400;\">Sim, o <\/span><b>Caminho de Santiago desde Ir\u00fan<\/b> <span style=\"font-weight: 400;\">nos primeiros quil\u00f3metros segue paralelo ao mar, mas a paisagem muda assim que se chega \u00e0 Cant\u00e1bria.<\/span><\/p>\n<p><span style=\"font-weight: 400;\">Al\u00e9m disso, \u00e9 ideal para quem procura uma <\/span><b>rota menos frequentada e mais aut\u00eantica<\/b><span style=\"font-weight: 400;\">. Ao contr\u00e1rio do<\/span> <b>Caminho Primitivo desde Lugo<\/b><span style=\"font-weight: 400;\">, conhecido pela sua exig\u00eancia f\u00edsica e car\u00e1ter r\u00fastico, a rota costeira equilibra o desafio da viagem com o prazer visual das suas paisagens variadas. Claro, a qualidade da sinaliza\u00e7\u00e3o e os servi\u00e7os de apoio garantem uma viagem segura e confort\u00e1vel.<\/span><\/p>\n<p><span style=\"font-weight: 400;\">Outro aspeto relevante \u00e9 a perfeita <\/span><b>integra\u00e7\u00e3o entre hist\u00f3ria e modernidade<\/b><span style=\"font-weight: 400;\"> nesta rota. Ao longo do percurso encontram-se vest\u00edgios e monumentos que contam s\u00e9culos de tradi\u00e7\u00e3o, tornando cada paragem uma verdadeira li\u00e7\u00e3o de cultura regional.<\/span><\/p>\n<p>&nbsp;<\/p>\n<h2><b>Por que visitar Mogro?<\/b><\/h2>\n<p><span style=\"font-weight: 400;\">Aqui, os visitantes podem desfrutar de uma grande <\/span><b>variedade de paisagens naturais<\/b><span style=\"font-weight: 400;\">, desde majestosas praias a rios tranquilos. Convidamo-lo a descobrir o que ver em Mogro:<\/span><\/p>\n<p>&nbsp;<\/p>\n<h3><b>Miengo<\/b><\/h3>\n<p><span style=\"font-weight: 400;\">O munic\u00edpio de <\/span><b>Miengo<\/b><span style=\"font-weight: 400;\"> \u00e9 muito mais do que o cen\u00e1rio onde se encontra Mogro. Esta vila rural preserva a ess\u00eancia da <\/span><b>arquitetura tradicional da Cant\u00e1bria<\/b><span style=\"font-weight: 400;\">: casas de pedra com telhados inclinados misturam-se com ruas estreitas e empedradas, oferecendo um ambiente acolhedor e cheio de hist\u00f3ria.<\/span><\/p>\n<p><span style=\"font-weight: 400;\">Passear aqui \u00e9 viajar ao passado, refletido em cada recanto; as pra\u00e7as e edif\u00edcios convidam a conhecer os costumes e a vida rural da regi\u00e3o. O peregrino pode aproveitar a visita para saborear a gastronomia local em bares e restaurantes que mant\u00eam receitas tradicionais.<\/span><\/p>\n<p><span style=\"font-weight: 400;\">Al\u00e9m disso, a vila funciona como ponto de partida para <\/span><b>trilhos pedestres e passeios de bicicleta<\/b><span style=\"font-weight: 400;\">, permitindo combinar cultura, natureza e atividade f\u00edsica numa s\u00f3 experi\u00eancia.<\/span><\/p>\n<p>&nbsp;<\/p>\n<h3><b>Parque Natural das Dunas de Liencres<\/b><\/h3>\n<p><img decoding=\"async\" class=\"alignnone wp-image-118417 size-full\" src=\"https:\/\/www.mundiplus.com\/wp-content\/uploads\/2025\/03\/Parque-Natural-de-las-Dunas-de-Liencres-Mundiplus.jpg\" alt=\"\" width=\"1024\" height=\"576\" srcset=\"https:\/\/www.mundiplus.com\/wp-content\/uploads\/2025\/03\/Parque-Natural-de-las-Dunas-de-Liencres-Mundiplus.jpg 1024w, https:\/\/www.mundiplus.com\/wp-content\/uploads\/2025\/03\/Parque-Natural-de-las-Dunas-de-Liencres-Mundiplus-300x169.jpg 300w, https:\/\/www.mundiplus.com\/wp-content\/uploads\/2025\/03\/Parque-Natural-de-las-Dunas-de-Liencres-Mundiplus-768x432.jpg 768w, https:\/\/www.mundiplus.com\/wp-content\/uploads\/2025\/03\/Parque-Natural-de-las-Dunas-de-Liencres-Mundiplus-600x338.jpg 600w\" sizes=\"(max-width: 1024px) 100vw, 1024px\" \/><\/p>\n<p><span style=\"font-weight: 400;\">A poucos quil\u00f3metros encontra-se o <\/span><b>Parque Natural das Dunas de Liencres<\/b><span style=\"font-weight: 400;\">, uma <\/span><b>reserva natural <\/b><span style=\"font-weight: 400;\">de grande import\u00e2ncia ecol\u00f3gica. Este espa\u00e7o protegido \u00e9 conhecido pelas suas <\/span><b>extensas dunas, zonas de sapal e praias virgens<\/b><span style=\"font-weight: 400;\">, onde a a\u00e7\u00e3o dos ventos e das mar\u00e9s esculpe paisagens \u00fanicas.<\/span><\/p>\n<p><span style=\"font-weight: 400;\">O local abriga uma flora e fauna diversificada, destacando-se <\/span><b>aves migrat\u00f3rias e esp\u00e9cies end\u00e9micas<\/b><span style=\"font-weight: 400;\"> da regi\u00e3o. Al\u00e9m disso, os trilhos sinalizados permitem descobrir pequenos recantos e miradouros que oferecem <\/span><b>vistas panor\u00e2micas do Cant\u00e1brico<\/b><span style=\"font-weight: 400;\">.<\/span><\/p>\n<p>&nbsp;<\/p>\n<h3><b>Praia de Robayera<\/b><\/h3>\n<p><img decoding=\"async\" class=\"alignnone wp-image-118423 size-full\" src=\"https:\/\/www.mundiplus.com\/wp-content\/uploads\/2025\/03\/Playa-de-Robayera-Mundiplus.jpg\" alt=\"\" width=\"1024\" height=\"768\" srcset=\"https:\/\/www.mundiplus.com\/wp-content\/uploads\/2025\/03\/Playa-de-Robayera-Mundiplus.jpg 1024w, https:\/\/www.mundiplus.com\/wp-content\/uploads\/2025\/03\/Playa-de-Robayera-Mundiplus-300x225.jpg 300w, https:\/\/www.mundiplus.com\/wp-content\/uploads\/2025\/03\/Playa-de-Robayera-Mundiplus-768x576.jpg 768w, https:\/\/www.mundiplus.com\/wp-content\/uploads\/2025\/03\/Playa-de-Robayera-Mundiplus-600x450.jpg 600w\" sizes=\"(max-width: 1024px) 100vw, 1024px\" \/><\/p>\n<p><span style=\"font-weight: 400;\">A <\/span><b>Praia de Robayera<\/b><span style=\"font-weight: 400;\"> \u00e9 um dos recantos costeiros mais fascinantes da regi\u00e3o. Com uma extens\u00e3o que se adapta tanto a quem procura espa\u00e7os mais tranquilos como a quem prefere zonas mais animadas, destaca-se pela sua areia fina e dourada e pelas suas \u00e1guas azuis do Cant\u00e1brico.<\/span><\/p>\n<p><span style=\"font-weight: 400;\">Caracteriza-se pelo seu <\/span><b>ambiente virgem<\/b><span style=\"font-weight: 400;\"> e pela presen\u00e7a de dunas e vegeta\u00e7\u00e3o aut\u00f3ctone, o que a torna num lugar ideal para descontrair e desfrutar da tranquilidade. Durante o ver\u00e3o, \u00e9 comum ver fam\u00edlias e grupos de amigos a aproveitar o sol e o mar, enquanto que em outras \u00e9pocas do ano, a calma do ambiente torna-a perfeita para longas caminhadas e momentos de introspe\u00e7\u00e3o.<\/span><\/p>\n<p>&nbsp;<\/p>\n<h3><b>Cavernas de Cud\u00f3n<\/b><\/h3>\n<p><span style=\"font-weight: 400;\">A <\/span><b>Caverna de Cud\u00f3n<\/b><span style=\"font-weight: 400;\"> representa uma das atra\u00e7\u00f5es geol\u00f3gicas menos conhecidas, mas de grande interesse para quem se apaixona pela natureza e pela hist\u00f3ria da Terra. Esta forma\u00e7\u00e3o natural oferece um percurso fascinante atrav\u00e9s de forma\u00e7\u00f5es rochosas e estalactites, que contam a <\/span><b>hist\u00f3ria de mil\u00e9nios de processos geol\u00f3gicos<\/b><span style=\"font-weight: 400;\">. <\/span><\/p>\n<p><span style=\"font-weight: 400;\">Est\u00e1 localizada numa <\/span><b>zona de f\u00e1cil acesso<\/b><span style=\"font-weight: 400;\"> a partir de Mogro, sendo ideal para realizar visitas guiadas que expliquem os processos de sedimenta\u00e7\u00e3o e eros\u00e3o que moldaram o seu interior. <\/span><\/p>\n<p><span style=\"font-weight: 400;\">Al\u00e9m disso, o ambiente que a rodeia permite aos visitantes desfrutar de uma <\/span><b>paisagem de grande beleza<\/b><span style=\"font-weight: 400;\">, onde o contraste entre a luz natural e as sombras do interior cria uma atmosfera m\u00e1gica. \u00c9 importante respeitar as orienta\u00e7\u00f5es de conserva\u00e7\u00e3o do local, pois trata-se de um ecossistema delicado e de grande valor cient\u00edfico e natural.<\/span><\/p>\n<p>&nbsp;<\/p>\n<h3><b>Fal\u00e9sias de Cuch\u00eda<\/b><\/h3>\n<p><span style=\"font-weight: 400;\">Sem d\u00favida, um dos <\/span><b>espet\u00e1culos naturais mais impressionantes<\/b><span style=\"font-weight: 400;\"> da costa cant\u00e1brica. Estas forma\u00e7\u00f5es rochosas, moldadas pela for\u00e7a do Atl\u00e2ntico, erguem-se de forma imponente sobre o mar, oferecendo panor\u00e2micas de grande beleza e uma experi\u00eancia visual \u00fanica. Desde aqui, os visitantes podem apreciar a magnitude da linha costeira e a irrup\u00e7\u00e3o da natureza num <\/span><b>cen\u00e1rio quase selvagem<\/b><span style=\"font-weight: 400;\">. <\/span><\/p>\n<p><span style=\"font-weight: 400;\">O acesso costuma ser feito atrav\u00e9s de trilhos bem sinalizados, que convidam a parar para contemplar o horizonte e a desfrutar da brisa mar\u00edtima. Este local \u00e9 especialmente recomendado para amantes da fotografia e do caminhismo, pois cada \u00e2ngulo oferece uma composi\u00e7\u00e3o perfeita para capturar a ess\u00eancia do Cant\u00e1brico.<\/span><\/p>\n<p>&nbsp;<\/p>\n<h3><b>Miradouro de la Cuba<\/b><\/h3>\n<p><span style=\"font-weight: 400;\">O Miradouro de la Cuba oferece vistas panor\u00e2micas que abrangem <\/span><b>o mar, a costa e a vasta extens\u00e3o da regi\u00e3o<\/b><span style=\"font-weight: 400;\">. A sua localiza\u00e7\u00e3o permite observar tanto o vai e vem das ondas do Cant\u00e1brico como o verde da vegeta\u00e7\u00e3o que envolve a costa, criando uma combina\u00e7\u00e3o \u00fanica de cores e formas. <\/span><\/p>\n<p><span style=\"font-weight: 400;\">\u00c9 um local ideal para os amantes da natureza, da fotografia e da medita\u00e7\u00e3o, pois convida \u00e0 reflex\u00e3o e \u00e0 conex\u00e3o profunda com o ambiente. Al\u00e9m disso, em dias claros, <\/span><b>a vista estende-se at\u00e9 ao horizonte<\/b><span style=\"font-weight: 400;\">, oferecendo um espet\u00e1culo natural que cativa todos os visitantes. Sem d\u00favida, ser\u00e1 uma das recorda\u00e7\u00f5es mais especiais da viagem.<\/span><\/p>\n<p>&nbsp;<\/p>\n<h2><b>Gastronomia em Mogro<\/b><\/h2>\n<p><span style=\"font-weight: 400;\">A cozinha local \u00e9 um reflexo direto do seu ambiente, onde o mar e a terra oferecem produtos frescos e de qualidade. <\/span><\/p>\n<p><span style=\"font-weight: 400;\">Em cada prato percebe-se a influ\u00eancia do Cant\u00e1brico, destacando-se<\/span><b> os mariscos e peixes <\/b><span style=\"font-weight: 400;\">que chegam diariamente das \u00e1guas do Atl\u00e2ntico. O <\/span><b>centolo, as am\u00eaijoas e os mexilh\u00f5es<\/b><span style=\"font-weight: 400;\"> s\u00e3o protagonistas em restaurantes e bares, enquanto o <\/span><b>peixe da \u00e9poca<\/b><span style=\"font-weight: 400;\"> \u00e9 preparado de diversas maneiras, real\u00e7ando o seu sabor natural.<\/span><\/p>\n<p><span style=\"font-weight: 400;\">O <\/span><b>queijo da Cant\u00e1bria<\/b><span style=\"font-weight: 400;\">, conhecido pela sua cremosidade e sabor \u00fanico, \u00e9 outro dos manjares imperd\u00edveis. Normalmente \u00e9 servido tanto sozinho como acompanhado de p\u00e3es artesanais e compotas caseiras, numa combina\u00e7\u00e3o que homenageia as tradi\u00e7\u00f5es l\u00e1cteas da regi\u00e3o. <\/span><\/p>\n<p><span style=\"font-weight: 400;\">Pratos t\u00edpicos como o \u201c<\/span><b>sardinhado grelhado<\/b><span style=\"font-weight: 400;\">\u201d ou o \u201c<\/span><b>pastel de cabracho<\/b><span style=\"font-weight: 400;\">\u201d passaram de gera\u00e7\u00e3o em gera\u00e7\u00e3o.<\/span><\/p>\n","protected":false},"excerpt":{"rendered":"<p>Mogro \u00e9 uma encantadora pequena vila localizada na costa norte, na Comunidade Aut\u00f3noma da Cant\u00e1bria. Situada no munic\u00edpio de Miengo, a apenas alguns quil\u00f3metros da capital, Santander. Este local \u00e9 conhecido pelo seu maravilhoso ambiente natural, onde a praia e o mar Cant\u00e1brico se combinam com uma paisagem verde e montanhosa. O que o torna [&hellip;]<\/p>\n","protected":false},"author":1,"featured_media":118416,"comment_status":"open","ping_status":"open","sticky":false,"template":"","format":"standard","meta":{"footnotes":""},"categories":[574,578,602],"tags":[],"class_list":["post-118460","post","type-post","status-publish","format-standard","has-post-thumbnail","hentry","category-blog-do-caminho","category-caminho-a-pe","category-vilas-e-comarcas"],"_links":{"self":[{"href":"https:\/\/www.mundiplus.com\/pt-pt\/wp-json\/wp\/v2\/posts\/118460","targetHints":{"allow":["GET"]}}],"collection":[{"href":"https:\/\/www.mundiplus.com\/pt-pt\/wp-json\/wp\/v2\/posts"}],"about":[{"href":"https:\/\/www.mundiplus.com\/pt-pt\/wp-json\/wp\/v2\/types\/post"}],"author":[{"embeddable":true,"href":"https:\/\/www.mundiplus.com\/pt-pt\/wp-json\/wp\/v2\/users\/1"}],"replies":[{"embeddable":true,"href":"https:\/\/www.mundiplus.com\/pt-pt\/wp-json\/wp\/v2\/comments?post=118460"}],"version-history":[{"count":1,"href":"https:\/\/www.mundiplus.com\/pt-pt\/wp-json\/wp\/v2\/posts\/118460\/revisions"}],"predecessor-version":[{"id":129349,"href":"https:\/\/www.mundiplus.com\/pt-pt\/wp-json\/wp\/v2\/posts\/118460\/revisions\/129349"}],"wp:featuredmedia":[{"embeddable":true,"href":"https:\/\/www.mundiplus.com\/pt-pt\/wp-json\/wp\/v2\/media\/118416"}],"wp:attachment":[{"href":"https:\/\/www.mundiplus.com\/pt-pt\/wp-json\/wp\/v2\/media?parent=118460"}],"wp:term":[{"taxonomy":"category","embeddable":true,"href":"https:\/\/www.mundiplus.com\/pt-pt\/wp-json\/wp\/v2\/categories?post=118460"},{"taxonomy":"post_tag","embeddable":true,"href":"https:\/\/www.mundiplus.com\/pt-pt\/wp-json\/wp\/v2\/tags?post=118460"}],"curies":[{"name":"wp","href":"https:\/\/api.w.org\/{rel}","templated":true}]}}