{"id":118475,"date":"2025-03-14T18:22:23","date_gmt":"2025-03-14T18:22:23","guid":{"rendered":"https:\/\/www.mundiplus.com\/?p=118475"},"modified":"2026-03-26T10:29:57","modified_gmt":"2026-03-26T10:29:57","slug":"via-podiensis-prolongamento-do-itinerario-frances","status":"publish","type":"post","link":"https:\/\/www.mundiplus.com\/pt-pt\/via-podiensis-prolongamento-do-itinerario-frances\/","title":{"rendered":"Via Podiensis, prolongamento do itiner\u00e1rio franc\u00eas"},"content":{"rendered":"<p><img fetchpriority=\"high\" decoding=\"async\" class=\"alignnone wp-image-118448 size-full\" src=\"https:\/\/www.mundiplus.com\/wp-content\/uploads\/2025\/03\/Via-Podiensis-Mundiplus.jpg\" alt=\"\" width=\"1024\" height=\"683\" srcset=\"https:\/\/www.mundiplus.com\/wp-content\/uploads\/2025\/03\/Via-Podiensis-Mundiplus.jpg 1024w, https:\/\/www.mundiplus.com\/wp-content\/uploads\/2025\/03\/Via-Podiensis-Mundiplus-300x200.jpg 300w, https:\/\/www.mundiplus.com\/wp-content\/uploads\/2025\/03\/Via-Podiensis-Mundiplus-768x512.jpg 768w, https:\/\/www.mundiplus.com\/wp-content\/uploads\/2025\/03\/Via-Podiensis-Mundiplus-600x400.jpg 600w\" sizes=\"(max-width: 1024px) 100vw, 1024px\" \/><\/p>\n<p><span style=\"font-weight: 400;\">A <\/span><b>V\u00eda Podiensis<\/b><span style=\"font-weight: 400;\"> \u00e9 uma das <\/span><b>quatro grandes rotas jacobeias<\/b><span style=\"font-weight: 400;\"> que atravessam a Fran\u00e7a antes de se ligar ao <\/span><b>Caminho Franc\u00eas em Espanha<\/b><span style=\"font-weight: 400;\">. A sua origem encontra-se em <\/span><b>Le Puy-en-Velay<\/b><span style=\"font-weight: 400;\">, uma cidade com uma tradi\u00e7\u00e3o de peregrina\u00e7\u00e3o que remonta \u00e0 Idade M\u00e9dia.\u00a0<\/span><\/p>\n<p><span style=\"font-weight: 400;\">Ao longo deste percurso, vais descobrir paisagens impressionantes, abadias centen\u00e1rias e aldeias com um encanto especial que acolheram peregrinos durante s\u00e9culos. Esta rota \u00e9 perfeita se procuras uma experi\u00eancia mais prolongada antes de chegares aos caminhos espanh\u00f3is.\u00a0<\/span><\/p>\n<p><span style=\"font-weight: 400;\">Se tens interesse em saber mais sobre esta <\/span><i><span style=\"font-weight: 400;\">prolonga\u00e7\u00e3o<\/span><\/i><span style=\"font-weight: 400;\"> do Caminho de Santiago, nas pr\u00f3ximas linhas encontrar\u00e1s tudo o que precisas saber para percorr\u00ea-la.<\/span><\/p>\n<p>&nbsp;<\/p>\n<h2><b>A via Podiensis e a sua import\u00e2ncia no Caminho de Santiago<\/b><\/h2>\n<p><span style=\"font-weight: 400;\">Se procuras uma alternativa com um <\/span><b>toque mais franc\u00eas<\/b><span style=\"font-weight: 400;\">, a <\/span><b>V\u00eda Podiensis<\/b><span style=\"font-weight: 400;\"> \u00e9 uma excelente op\u00e7\u00e3o. Esta rota \u00e9 <\/span><b>uma das mais percorridas em Fran\u00e7a<\/b><span style=\"font-weight: 400;\"> e <\/span><b>conecta-se com o resto dos caminhos jacobeus<\/b><span style=\"font-weight: 400;\"> que atravessam a Europa.\u00a0<\/span><\/p>\n<p><span style=\"font-weight: 400;\">Os peregrinos que querem come\u00e7ar a sua viagem a partir de Fran\u00e7a e prolongar a experi\u00eancia encontram neste trajeto uma oportunidade \u00fanica para desfrutar de paisagens naturais impressionantes. Al\u00e9m disso, conta com uma <\/span><b>infraestrutura bem desenvolvida<\/b><span style=\"font-weight: 400;\">.<\/span><\/p>\n<p><span style=\"font-weight: 400;\">Nesta via destacam-se locais emblem\u00e1ticos como <\/span><b>Conques, Figeac e Moissac<\/b><span style=\"font-weight: 400;\">, localidades com uma forte tradi\u00e7\u00e3o jacobeia e patrim\u00f3nio arquitet\u00f3nico de grande valor. Al\u00e9m disso, \u00e9 um percurso que permite combinar a tranquilidade do campo com a riqueza cultural de cada paragem.<\/span><\/p>\n<p><span style=\"font-weight: 400;\">Desde <\/span><b>Mundiplus<\/b><span style=\"font-weight: 400;\">, queremos dar-te uma ampla informa\u00e7\u00e3o sobre esta rota, desde a sua hist\u00f3ria at\u00e9 \u00e0s suas semelhan\u00e7as com os diferentes <\/span><b>viagens Caminho de Santiago<\/b><span style=\"font-weight: 400;\">.<\/span><\/p>\n<p>&nbsp;<\/p>\n<h2><b>Diferen\u00e7as e semelhan\u00e7as com o Caminho de Santiago<\/b><\/h2>\n<p><span style=\"font-weight: 400;\">A V\u00eda Podiensis e o Caminho de Santiago em Espanha partilham o mesmo objetivo espiritual e cultural, mas apresentam caracter\u00edsticas que os tornam \u00fanicos. Enquanto ambos os caminhos conduzem ao destino sagrado, as suas <\/span><b>origens, ambientes e a experi\u00eancia do peregrino<\/b><span style=\"font-weight: 400;\"> variam de forma not\u00e1vel.\u00a0<\/span><\/p>\n<p><span style=\"font-weight: 400;\">A V\u00eda Podiensis origina-se em Le Puy-en-Velay, no <\/span><b>cora\u00e7\u00e3o de Fran\u00e7a<\/b><span style=\"font-weight: 400;\">, o que lhe confere um ambiente <\/span><b>marcado pela tradi\u00e7\u00e3o e pela arte francesa<\/b><span style=\"font-weight: 400;\">. O seu trajeto, que se estende por <\/span><b>mais de 750 quil\u00f3metros<\/b><span style=\"font-weight: 400;\">, permite ao caminheiro entrar em paisagens que combinam a riqueza natural do Maci\u00e7o Central com a hist\u00f3ria medieval.\u00a0<\/span><\/p>\n<p><span style=\"font-weight: 400;\">A rota oferece uma experi\u00eancia aut\u00eantica e serena, onde cada etapa convida \u00e0 introspe\u00e7\u00e3o e ao gozo da solid\u00e3o.\u00a0<\/span><\/p>\n<p><span style=\"font-weight: 400;\">Por outro lado, muitas das rotas espanholas, como o<\/span> <b>Caminho de Santiago desde Ourense<\/b><span style=\"font-weight: 400;\">, desenvolvem-se em cen\u00e1rios onde <\/span><b>a heran\u00e7a cultural se mistura com uma infraestrutura robusta<\/b><span style=\"font-weight: 400;\"> e uma maior aflu\u00eancia de peregrinos. Este contraste traduz-se numa <\/span><b>experi\u00eancia mais soci\u00e1vel<\/b><span style=\"font-weight: 400;\"> e din\u00e2mica, na qual a intera\u00e7\u00e3o entre caminheiros e a oferta de servi\u00e7os s\u00e3o mais presentes.<\/span><\/p>\n<p><span style=\"font-weight: 400;\">Outro aspeto fundamental \u00e9 a <\/span><b>sinaliza\u00e7\u00e3o e a infraestrutura de apoio<\/b><span style=\"font-weight: 400;\">. Na V\u00eda Podiensis, a marca\u00e7\u00e3o do caminho, embora clara e bem mantida, utiliza s\u00edmbolos pr\u00f3prios que respondem \u00e0 hist\u00f3ria e geografia do territ\u00f3rio franc\u00eas.\u00a0<\/span><\/p>\n<p><span style=\"font-weight: 400;\">Em contrapartida, em rotas como o<\/span> <b>Caminho de Santiago de Lugo a Santiago<\/b><span style=\"font-weight: 400;\">, a sinaliza\u00e7\u00e3o \u00e9 <\/span><b>mais homog\u00e9nea e padronizada<\/b><span style=\"font-weight: 400;\">, o que facilita a orienta\u00e7\u00e3o para peregrinos de todas as idades e n\u00edveis de experi\u00eancia. Esta diferen\u00e7a na sinaliza\u00e7\u00e3o pode influenciar a sensa\u00e7\u00e3o de seguran\u00e7a e o planeamento do percurso, sendo um fator determinante para o peregrino novato.<\/span><\/p>\n<p><span style=\"font-weight: 400;\">A dimens\u00e3o hist\u00f3rica e espiritual tamb\u00e9m se manifesta de forma diversa em ambas as rotas. Enquanto a V\u00eda Podiensis percorre territ\u00f3rios cheios de pequenas aldeias, abadias e monumentos que convidam \u00e0 medita\u00e7\u00e3o, o Caminho de Santiago em Espanha caracteriza-se pela <\/span><b>presen\u00e7a de grandes cidades<\/b><span style=\"font-weight: 400;\">, ref\u00fagios hist\u00f3ricos e uma oferta cultural mais ampla.\u00a0<\/span><\/p>\n<p><span style=\"font-weight: 400;\">Por exemplo, o<\/span> <b>Caminho de Santiago desde Ir\u00fan a Bilbao<\/b><span style=\"font-weight: 400;\"> integra tro\u00e7os rurais com zonas urbanas, permitindo ao peregrino desfrutar tanto da tranquilidade do campo como do dinamismo citadino.<\/span><\/p>\n<p><span style=\"font-weight: 400;\">O ritmo do percurso \u00e9 outra diferen\u00e7a not\u00e1vel. A V\u00eda Podiensis, por contar com tro\u00e7os menos frequentados, favorece uma <\/span><b>experi\u00eancia pausada e pessoal<\/b><span style=\"font-weight: 400;\">, ideal para aqueles que procuram um encontro \u00edntimo com a natureza e consigo mesmos.\u00a0<\/span><\/p>\n<p><span style=\"font-weight: 400;\">Em contraste, as diferentes rotas espanholas costumam ser <\/span><b>mais concorridas<\/b><span style=\"font-weight: 400;\">, facilitando a log\u00edstica e o acesso a servi\u00e7os, embora por vezes se perca algo de recolhimento.<\/span><\/p>\n<p>&nbsp;<\/p>\n<h2><b>Hist\u00f3ria do Caminho de Le Puy<\/b><\/h2>\n<p><img decoding=\"async\" class=\"alignnone wp-image-118436 size-full\" src=\"https:\/\/www.mundiplus.com\/wp-content\/uploads\/2025\/03\/Saint-Jean-Pied-de-Port-Mundiplus.jpg\" alt=\"\" width=\"1024\" height=\"683\" srcset=\"https:\/\/www.mundiplus.com\/wp-content\/uploads\/2025\/03\/Saint-Jean-Pied-de-Port-Mundiplus.jpg 1024w, https:\/\/www.mundiplus.com\/wp-content\/uploads\/2025\/03\/Saint-Jean-Pied-de-Port-Mundiplus-300x200.jpg 300w, https:\/\/www.mundiplus.com\/wp-content\/uploads\/2025\/03\/Saint-Jean-Pied-de-Port-Mundiplus-768x512.jpg 768w, https:\/\/www.mundiplus.com\/wp-content\/uploads\/2025\/03\/Saint-Jean-Pied-de-Port-Mundiplus-600x400.jpg 600w\" sizes=\"(max-width: 1024px) 100vw, 1024px\" \/><\/p>\n<p><span style=\"font-weight: 400;\">A sua hist\u00f3ria remonta \u00e0 <\/span><b>\u00e9poca medieval<\/b><span style=\"font-weight: 400;\">, sendo uma das rotas de peregrina\u00e7\u00e3o mais antigas e significativas que permitiram aos fi\u00e9is chegar a Santiago de Compostela. O seu origem situa-se em Le Puy-en-Velay, cidade que desde tempos remotos se tornou um <\/span><b>centro neur\u00e1lgico de espiritualidade e devo\u00e7\u00e3o<\/b><span style=\"font-weight: 400;\">. <\/span><\/p>\n<p><span style=\"font-weight: 400;\">Durante o s\u00e9culo V, este ponto destacou-se pela sua <\/span><b>import\u00e2ncia religiosa<\/b><span style=\"font-weight: 400;\">. Isto impulsionou a comunidade crist\u00e3 a estabelecer uma rota que ligasse o sul de Fran\u00e7a ao destino sagrado do ap\u00f3stolo Santiago.<\/span><\/p>\n<p><span style=\"font-weight: 400;\">Durante a Idade M\u00e9dia, o auge da peregrina\u00e7\u00e3o transformou a V\u00eda Podiensis num eixo vital para a <\/span><b>circula\u00e7\u00e3o de pessoas, ideias e bens<\/b><span style=\"font-weight: 400;\">. Os peregrinos, motivados tanto pela f\u00e9 como pelo desejo de reden\u00e7\u00e3o, enfrentavam longos trajetos atrav\u00e9s de terrenos agrestes e climas vari\u00e1veis. <\/span><\/p>\n<p><span style=\"font-weight: 400;\">A falta de infraestruturas no in\u00edcio obrigou os caminhantes a apoiarem-se em hospedagens mon\u00e1sticas e casas de viajantes. Com o tempo, estas paragens consolidaram-se em n\u00facleos urbanos e rurais que ofereciam abrigo e comida, marcando assim o in\u00edcio de uma rede de servi\u00e7os que, gradualmente, se modernizou.<\/span><\/p>\n<p><span style=\"font-weight: 400;\">Nas suas etapas, podem ser apreciados vest\u00edgios da <\/span><b>influ\u00eancia romana, visig\u00f3tica<\/b><span style=\"font-weight: 400;\"> e, posteriormente, da <\/span><b>tradi\u00e7\u00e3o crist\u00e3 consolidada<\/b><span style=\"font-weight: 400;\">. Documentos eclesi\u00e1sticos e cr\u00f3nicas medievais fazem refer\u00eancia a este trajeto, destacando a import\u00e2ncia das suas igrejas, abadias e albergues, que se ergueram como centros de acolhimento e culto.<\/span><\/p>\n<p><span style=\"font-weight: 400;\">A sua consolida\u00e7\u00e3o foi refor\u00e7ada durante a Baixa Idade M\u00e9dia, quando o fluxo de peregrinos aumentou consideravelmente. Esta \u00e9poca marcou um ponto de inflex\u00e3o no qual o caminho deixou de ser uma mera rota para se tornar num <\/span><b>fen\u00f3meno cultural europeu<\/b><span style=\"font-weight: 400;\">. <\/span><\/p>\n<p><span style=\"font-weight: 400;\">A multiplicidade de relatos e lendas que se gestaram em torno da rota contribuiu para lhe conferir uma atmosfera m\u00edstica. Cada pedra, cada sinal e cada lugar de culto parecia sussurrar hist\u00f3rias de f\u00e9, sacrif\u00edcio e esperan\u00e7a. A coexist\u00eancia de outras rotas jacobeias, como a <\/span><b>V\u00eda Turonensis<\/b><span style=\"font-weight: 400;\">, enriqueceu a tradi\u00e7\u00e3o peregrina e consolidou-a como uma op\u00e7\u00e3o distintiva e desafiante para os caminhantes.<\/span><\/p>\n<p><span style=\"font-weight: 400;\">Com a chegada da modernidade, o redescobrimento do patrim\u00f3nio cultural e a revitaliza\u00e7\u00e3o do Caminho de Santiago promoveram a recupera\u00e7\u00e3o da V\u00eda Podiensis. Os esfor\u00e7os para <\/span><b>preservar os seus monumentos<\/b><span style=\"font-weight: 400;\"> e adaptar infraestruturas permitiram que mantivesse a ess\u00eancia dos seus originais, ao mesmo tempo que oferece comodidades modernas. <\/span><\/p>\n<p><span style=\"font-weight: 400;\">O seu legado permanece vivo em cada passo do peregrino, lembrando que a viagem n\u00e3o \u00e9 apenas medida em quil\u00f3metros, mas na intensidade da experi\u00eancia e da liga\u00e7\u00e3o com a hist\u00f3ria.<\/span><\/p>\n<p>&nbsp;<\/p>\n<h2><b>Etapas e pontos chave da via Podiensis<\/b><\/h2>\n<p><img decoding=\"async\" class=\"alignnone wp-image-118442 size-full\" src=\"https:\/\/www.mundiplus.com\/wp-content\/uploads\/2025\/03\/Conques-Mundiplus.jpg\" alt=\"\" width=\"1000\" height=\"706\" srcset=\"https:\/\/www.mundiplus.com\/wp-content\/uploads\/2025\/03\/Conques-Mundiplus.jpg 1000w, https:\/\/www.mundiplus.com\/wp-content\/uploads\/2025\/03\/Conques-Mundiplus-300x212.jpg 300w, https:\/\/www.mundiplus.com\/wp-content\/uploads\/2025\/03\/Conques-Mundiplus-768x542.jpg 768w, https:\/\/www.mundiplus.com\/wp-content\/uploads\/2025\/03\/Conques-Mundiplus-600x424.jpg 600w\" sizes=\"(max-width: 1000px) 100vw, 1000px\" \/><\/p>\n<p><span style=\"font-weight: 400;\">A <\/span><b>V\u00eda Podiensis<\/b><span style=\"font-weight: 400;\"> atravessa mais de 750 quil\u00f3metros desde Le Puy-en-Velay at\u00e9 Saint-Jean-Pied-de-Port, divididos em cerca de <\/span><b>32 etapas<\/b><span style=\"font-weight: 400;\">. E \u00e9 que dentro do seu percurso existem muitas variantes, embora neste caso o ponto de origem e destino seja sempre o mesmo.<\/span><\/p>\n<p><span style=\"font-weight: 400;\">Cada uma delas tem o seu pr\u00f3prio atractivo, tanto a n\u00edvel hist\u00f3rico como paisag\u00edstico. Aqui deixamos algumas paragens imprescind\u00edveis:<\/span><\/p>\n<ul>\n<li style=\"font-weight: 400;\" aria-level=\"1\"><b>Le Puy-en-Velay<\/b><span style=\"font-weight: 400;\">: in\u00edcio do percurso e uma das cidades mais bonitas de Fran\u00e7a. A sua catedral \u00e9 Patrim\u00f3nio da Humanidade.<\/span><\/li>\n<\/ul>\n<p>&nbsp;<\/p>\n<ul>\n<li style=\"font-weight: 400;\" aria-level=\"1\"><b>Conques<\/b><span style=\"font-weight: 400;\">: uma aldeia medieval espectacular com a famosa abadia de Sainte-Foy.<\/span><\/li>\n<\/ul>\n<p>&nbsp;<\/p>\n<ul>\n<li style=\"font-weight: 400;\" aria-level=\"1\"><b>Figeac<\/b><span style=\"font-weight: 400;\">: com o seu encantador centro hist\u00f3rico e liga\u00e7\u00e3o com outras rotas de caminhada.<\/span><\/li>\n<\/ul>\n<p>&nbsp;<\/p>\n<ul>\n<li style=\"font-weight: 400;\" aria-level=\"1\"><b>Cahors<\/b><span style=\"font-weight: 400;\">: conhecida pelo seu vinho e pela sua impressionante ponte Valentr\u00e9.<\/span><\/li>\n<\/ul>\n<p>&nbsp;<\/p>\n<ul>\n<li style=\"font-weight: 400;\" aria-level=\"1\"><b>Moissac<\/b><span style=\"font-weight: 400;\">: destino chave com a sua abadia rom\u00e2nica e claustro de grande valor art\u00edstico.<\/span><\/li>\n<\/ul>\n<p>&nbsp;<\/p>\n<ul>\n<li style=\"font-weight: 400;\" aria-level=\"1\"><b>Saint-Jean-Pied-de-Port<\/b><span style=\"font-weight: 400;\">: ponto de liga\u00e7\u00e3o com o Caminho Franc\u00eas em Espanha.<\/span><\/li>\n<\/ul>\n<p>&nbsp;<\/p>\n<h2><b>Conselhos para percorrer a via Podiensis<\/b><\/h2>\n<p><span style=\"font-weight: 400;\">Se decidir seguir esta rota, \u00e9 importante que se prepare bem, pois o percurso tem algumas etapas exigentes. Aqui ficam alguns conselhos para tornar a sua peregrina\u00e7\u00e3o mais f\u00e1cil:<\/span><\/p>\n<ul>\n<li style=\"font-weight: 400;\" aria-level=\"1\"><b>Planifique as etapas<\/b><span style=\"font-weight: 400;\">: Embora a V\u00eda Podiensis tenha uma boa infraestrutura, \u00e9 recomend\u00e1vel reservar alojamento com anteced\u00eancia, especialmente em \u00e9poca alta.<\/span><\/li>\n<\/ul>\n<p>&nbsp;<\/p>\n<ul>\n<li style=\"font-weight: 400;\" aria-level=\"1\"><b>Leve o equipamento adequado<\/b><span style=\"font-weight: 400;\">: o terreno em Fran\u00e7a pode ser variado, com trilhos de montanha e caminhos mais planos. Um bom cal\u00e7ado e uma mochila bem distribu\u00edda far\u00e3o a diferen\u00e7a.<\/span><\/li>\n<\/ul>\n<p>&nbsp;<\/p>\n<ul>\n<li style=\"font-weight: 400;\" aria-level=\"1\"><b>Informe-se sobre a sinaliza\u00e7\u00e3o<\/b><span style=\"font-weight: 400;\">: embora esteja bem marcada, \u00e9 diferente da espanhola. Familiarize-se com os s\u00edmbolos e marcas que indicam o caminho.<\/span><\/li>\n<\/ul>\n<p>&nbsp;<\/p>\n<ul>\n<li style=\"font-weight: 400;\" aria-level=\"1\"><b>Experimente a gastronomia local<\/b><span style=\"font-weight: 400;\">: em cada regi\u00e3o por onde passar encontrar\u00e1 especialidades culin\u00e1rias que enriquecer\u00e3o a sua viagem. Desde queijos e vinhos at\u00e9 pratos tradicionais, a gastronomia faz parte da experi\u00eancia.<\/span><\/li>\n<\/ul>\n<p>&nbsp;<\/p>\n<ul>\n<li style=\"font-weight: 400;\" aria-level=\"1\"><b>Desfrute do ritmo do caminho<\/b><span style=\"font-weight: 400;\">: ao contr\u00e1rio de rotas mais concorridas, a V\u00eda Podiensis permite uma caminhada mais introspectiva e pausada. Aproveite para se conectar com o ambiente e com outros peregrinos.<\/span><\/li>\n<\/ul>\n","protected":false},"excerpt":{"rendered":"<p>A V\u00eda Podiensis \u00e9 uma das quatro grandes rotas jacobeias que atravessam a Fran\u00e7a antes de se ligar ao Caminho Franc\u00eas em Espanha. A sua origem encontra-se em Le Puy-en-Velay, uma cidade com uma tradi\u00e7\u00e3o de peregrina\u00e7\u00e3o que remonta \u00e0 Idade M\u00e9dia.\u00a0 Ao longo deste percurso, vais descobrir paisagens impressionantes, abadias centen\u00e1rias e aldeias com [&hellip;]<\/p>\n","protected":false},"author":1,"featured_media":118453,"comment_status":"open","ping_status":"open","sticky":false,"template":"","format":"standard","meta":{"footnotes":""},"categories":[574,578,586],"tags":[],"class_list":["post-118475","post","type-post","status-publish","format-standard","has-post-thumbnail","hentry","category-blog-do-caminho","category-caminho-a-pe","category-historia-pt"],"_links":{"self":[{"href":"https:\/\/www.mundiplus.com\/pt-pt\/wp-json\/wp\/v2\/posts\/118475","targetHints":{"allow":["GET"]}}],"collection":[{"href":"https:\/\/www.mundiplus.com\/pt-pt\/wp-json\/wp\/v2\/posts"}],"about":[{"href":"https:\/\/www.mundiplus.com\/pt-pt\/wp-json\/wp\/v2\/types\/post"}],"author":[{"embeddable":true,"href":"https:\/\/www.mundiplus.com\/pt-pt\/wp-json\/wp\/v2\/users\/1"}],"replies":[{"embeddable":true,"href":"https:\/\/www.mundiplus.com\/pt-pt\/wp-json\/wp\/v2\/comments?post=118475"}],"version-history":[{"count":2,"href":"https:\/\/www.mundiplus.com\/pt-pt\/wp-json\/wp\/v2\/posts\/118475\/revisions"}],"predecessor-version":[{"id":129300,"href":"https:\/\/www.mundiplus.com\/pt-pt\/wp-json\/wp\/v2\/posts\/118475\/revisions\/129300"}],"wp:featuredmedia":[{"embeddable":true,"href":"https:\/\/www.mundiplus.com\/pt-pt\/wp-json\/wp\/v2\/media\/118453"}],"wp:attachment":[{"href":"https:\/\/www.mundiplus.com\/pt-pt\/wp-json\/wp\/v2\/media?parent=118475"}],"wp:term":[{"taxonomy":"category","embeddable":true,"href":"https:\/\/www.mundiplus.com\/pt-pt\/wp-json\/wp\/v2\/categories?post=118475"},{"taxonomy":"post_tag","embeddable":true,"href":"https:\/\/www.mundiplus.com\/pt-pt\/wp-json\/wp\/v2\/tags?post=118475"}],"curies":[{"name":"wp","href":"https:\/\/api.w.org\/{rel}","templated":true}]}}