{"id":118565,"date":"2025-03-19T18:35:52","date_gmt":"2025-03-19T18:35:52","guid":{"rendered":"https:\/\/www.mundiplus.com\/?p=118565"},"modified":"2025-03-19T18:45:11","modified_gmt":"2025-03-19T18:45:11","slug":"a-catedral-de-san-salvador-ponto-de-partida-do-caminho-primitivo","status":"publish","type":"post","link":"https:\/\/www.mundiplus.com\/pt-pt\/catedral-de-sao-salvador-sobre-o-caminho-primitivo\/","title":{"rendered":"A Catedral de San Salvador, ponto de partida do Caminho Primitivo"},"content":{"rendered":"<p><img fetchpriority=\"high\" decoding=\"async\" class=\"alignnone wp-image-118529 size-full\" src=\"https:\/\/www.mundiplus.com\/wp-content\/uploads\/2025\/03\/Catedral-de-Oviedo-Mundiplus.jpg\" alt=\"\" width=\"1024\" height=\"683\" srcset=\"https:\/\/www.mundiplus.com\/wp-content\/uploads\/2025\/03\/Catedral-de-Oviedo-Mundiplus.jpg 1024w, https:\/\/www.mundiplus.com\/wp-content\/uploads\/2025\/03\/Catedral-de-Oviedo-Mundiplus-300x200.jpg 300w, https:\/\/www.mundiplus.com\/wp-content\/uploads\/2025\/03\/Catedral-de-Oviedo-Mundiplus-768x512.jpg 768w, https:\/\/www.mundiplus.com\/wp-content\/uploads\/2025\/03\/Catedral-de-Oviedo-Mundiplus-600x400.jpg 600w\" sizes=\"(max-width: 1024px) 100vw, 1024px\" \/><\/p>\n<p><span style=\"font-weight: 400;\">Chegas a Oviedo e caminhas pelas suas ruas at\u00e9 chegares a uma pra\u00e7a. Aqui, encontras uma estrutura majestosa. N\u00e3o se trata de um templo qualquer, mas da imponente <\/span><b>Catedral de S\u00e3o Salvador<\/b><span style=\"font-weight: 400;\">, um local com mais de mil anos de hist\u00f3ria e o ponto de partida do Caminho Primitivo.<\/span><\/p>\n<p><span style=\"font-weight: 400;\">Este percurso, escolhido pelo rei Alfonso II no s\u00e9culo IX, conserva a ess\u00eancia dos primeiros peregrinos. Mas <\/span><b>por que este lugar \u00e9 t\u00e3o especial?<\/b><span style=\"font-weight: 400;\"> Vejamos todos os detalhes a seguir.<\/span><\/p>\n<p>&nbsp;<\/p>\n<h2><b>Conex\u00e3o com outros caminhos para Santiago<\/b><\/h2>\n<p><span style=\"font-weight: 400;\">O Caminho Primitivo ergue-se como a <\/span><b>rota m\u00e3e da peregrina\u00e7\u00e3o a Santiago de Compostela<\/b><span style=\"font-weight: 400;\">. N\u00e3o s\u00f3 se distingue por ser a mais antiga, mas tamb\u00e9m pelas <\/span><b>exig\u00eancias f\u00edsicas<\/b><span style=\"font-weight: 400;\"> e espirituais que imp\u00f5e a quem o percorre.<\/span><\/p>\n<p><span style=\"font-weight: 400;\">Este trajeto, que <\/span><b>come\u00e7a na Catedral de S\u00e3o Salvador<\/b><span style=\"font-weight: 400;\">, exige uma prepara\u00e7\u00e3o meticulosa tanto no f\u00edsico como no log\u00edstico. As suas etapas caracterizam-se por subidas acentuadas, descidas t\u00e9cnicas e um tra\u00e7ado que se adentra em paisagens agrestes e repletas de hist\u00f3ria.<\/span><\/p>\n<p><span style=\"font-weight: 400;\">Neste percurso, cada quil\u00f3metro torna-se numa <\/span><b>viagem por vest\u00edgios arqueol\u00f3gicos, mosteiros<\/b><span style=\"font-weight: 400;\"> e pequenos n\u00facleos populacionais que foram testemunhas da passagem de antigos peregrinos. Este caminho <\/span><b>conecta a espiritualidade da peregrina\u00e7\u00e3o com a natureza em estado puro<\/b><span style=\"font-weight: 400;\">. Faz com que o esfor\u00e7o f\u00edsico se transforme num ato de introspe\u00e7\u00e3o e conex\u00e3o profunda.<\/span><\/p>\n<p><span style=\"font-weight: 400;\">Em contraste, rotas como o<\/span><a href=\"https:\/\/www.mundiplus.com\/pt\/caminos\/a-pie\/camino-sanabres\/camino-de-santiago-desde-orense\/\"> <b>Caminho Sanabr\u00eas desde Ourense<\/b><\/a><span style=\"font-weight: 400;\"> oferecem uma experi\u00eancia diferente, onde o percurso beneficia da influ\u00eancia da tradi\u00e7\u00e3o galega. Este caminho combina paisagens ribeirinhas e uma arquitetura que, embora menos exigente em termos topogr\u00e1ficos, destaca-se pelo seu encanto rural e pelos seus v\u00ednculos com a tradi\u00e7\u00e3o ancestral da regi\u00e3o.<\/span><\/p>\n<ul>\n<li style=\"font-weight: 400;\" aria-level=\"1\"><span style=\"font-weight: 400;\">A compara\u00e7\u00e3o \u00e9 inevit\u00e1vel: enquanto o Sanabr\u00eas seduz pela sua acessibilidade e diversidade de cen\u00e1rios; o Primitivo aposta na autenticidade de um percurso quase inalterado pelo tempo.<\/span><\/li>\n<\/ul>\n<p>&nbsp;<\/p>\n<p><span style=\"font-weight: 400;\">Da mesma forma, tamb\u00e9m \u00e9 interessante contrastar o Caminho Primitivo com a rota do<\/span><a href=\"https:\/\/www.mundiplus.com\/pt\/caminos\/a-pie\/camino-norte\/camino-de-santiago-desde-irun\/\"> <b>Caminho de Santiago desde Ir\u00fan at\u00e9 Bilbao<\/b><\/a><span style=\"font-weight: 400;\">, onde a<\/span><b> influ\u00eancia basca <\/b><span style=\"font-weight: 400;\">se faz sentir em cada trecho.<\/span><\/p>\n<ul>\n<li style=\"font-weight: 400;\" aria-level=\"1\"><span style=\"font-weight: 400;\">Esta variante incorpora <\/span><b>elementos urbanos e paisagens costeiras<\/b><span style=\"font-weight: 400;\"> que se distanciam do esp\u00edrito austero e ancestral do Primitivo. Neste caso, o terreno montanhoso e a escassa interven\u00e7\u00e3o moderna potenciam um sentido de descoberta e supera\u00e7\u00e3o pessoal.<\/span><\/li>\n<\/ul>\n<p>&nbsp;<\/p>\n<p><span style=\"font-weight: 400;\">Se preferires, podes fazer o<\/span><a href=\"https:\/\/www.mundiplus.com\/pt\/caminos\/a-pie\/camino-primitivo\/camino-de-santiago-desde-lugo\/\"> <b>Caminho de Santiago Primitivo desde Lugo<\/b><\/a><span style=\"font-weight: 400;\">. Este trecho \u00e9 talvez algo menos exigente que o caminho iniciado em Oviedo. Igualmente, oferece aos peregrinos a possibilidade de explorar um emaranhado cultural diverso sem renunciar ao desafio f\u00edsico que caracteriza o caminho original.<\/span><\/p>\n<p><span style=\"font-weight: 400;\">Sim, contar com o aconselhamento de uma<\/span><a href=\"https:\/\/www.mundiplus.com\/pt\/\"> <b>ag\u00eancia especializada no Caminho de Santiago<\/b><\/a><span style=\"font-weight: 400;\"> \u00e9 imprescind\u00edvel para abordar um itiner\u00e1rio t\u00e3o exigente como o Primitivo. Na Mundiplus, n\u00e3o s\u00f3 fornecemos informa\u00e7\u00f5es detalhadas sobre alojamentos e etapas cr\u00edticas. Al\u00e9m disso, oferecemos recursos para preparar o corpo e a mente para as adversidades do percurso.<\/span><\/p>\n<p>&nbsp;<\/p>\n<h2><b>Um templo com influ\u00eancias g\u00f3ticas e prerrom\u00e2nicas<\/b><\/h2>\n<p><span style=\"font-weight: 400;\">A <\/span><b>Catedral de S\u00e3o Salvador<\/b><span style=\"font-weight: 400;\">, conhecida como Sancta Ovetensis, \u00e9 um templo com uma hist\u00f3ria interessante que combina influ\u00eancias <\/span><b>g\u00f3ticas, prerrom\u00e2nicas, rom\u00e2nicas, renascentistas e barrocas<\/b><span style=\"font-weight: 400;\">.<\/span><\/p>\n<p><span style=\"font-weight: 400;\">A sua origem remonta ao <\/span><b>s\u00e9culo VIII<\/b><span style=\"font-weight: 400;\">, quando o rei Fruela I mandou construir uma bas\u00edlica no mesmo local. No entanto, a estrutura atual, <\/span><b>sobretudo g\u00f3tica<\/b><span style=\"font-weight: 400;\">, come\u00e7ou a ser constru\u00edda no final do s\u00e9culo XIII e foi conclu\u00edda no s\u00e9culo XVI.<\/span><\/p>\n<p><span style=\"font-weight: 400;\">A torre, um elemento destacado da arquitetura renascentista, \u00e9 <\/span><b>vis\u00edvel de v\u00e1rios pontos da cidade<\/b><span style=\"font-weight: 400;\"> e tornou-se num emblema de Oviedo.<\/span><\/p>\n<p>&nbsp;<\/p>\n<h3><b>A C\u00e2mara Santa, tesouro da arte religiosa<\/b><\/h3>\n<p><img decoding=\"async\" class=\"alignnone wp-image-118535 size-full\" src=\"https:\/\/www.mundiplus.com\/wp-content\/uploads\/2025\/03\/Camara-Santa-Mundiplus.jpg\" alt=\"\" width=\"1024\" height=\"680\" srcset=\"https:\/\/www.mundiplus.com\/wp-content\/uploads\/2025\/03\/Camara-Santa-Mundiplus.jpg 1024w, https:\/\/www.mundiplus.com\/wp-content\/uploads\/2025\/03\/Camara-Santa-Mundiplus-300x199.jpg 300w, https:\/\/www.mundiplus.com\/wp-content\/uploads\/2025\/03\/Camara-Santa-Mundiplus-768x510.jpg 768w, https:\/\/www.mundiplus.com\/wp-content\/uploads\/2025\/03\/Camara-Santa-Mundiplus-600x398.jpg 600w\" sizes=\"(max-width: 1024px) 100vw, 1024px\" \/><\/p>\n<p><span style=\"font-weight: 400;\">A <\/span><b>C\u00e2mara Santa<\/b><span style=\"font-weight: 400;\"> \u00e9 um dos espa\u00e7os mais destacados da Catedral de S\u00e3o Salvador, classificada como <\/span><b>Patrim\u00f3nio da Humanidade pela UNESCO<\/b><span style=\"font-weight: 400;\">. Nela encontram-se duas das cruzes mais emblem\u00e1ticas das Ast\u00farias: <\/span><b>a Cruz da Vit\u00f3ria e a Cruz dos Anjos<\/b><span style=\"font-weight: 400;\">.<\/span><\/p>\n<p><span style=\"font-weight: 400;\">Estes s\u00edmbolos representam a hist\u00f3ria do reino asturiano e t\u00eam sido uma refer\u00eancia importante para os peregrinos que iniciavam o seu percurso em Oviedo. A C\u00e2mara Santa \u00e9 um <\/span><b>edif\u00edcio prerrom\u00e2nico<\/b><span style=\"font-weight: 400;\"> do s\u00e9culo IX, constru\u00eddo como capela palatina por Alfonso II o Casto.<\/span><\/p>\n<p><span style=\"font-weight: 400;\">Al\u00e9m das cruzes, alberga outras rel\u00edquias significativas como o <\/span><b>Arca Santa<\/b><span style=\"font-weight: 400;\"> e o <\/span><b>Santo Sud\u00e1rio<\/b><span style=\"font-weight: 400;\">. O acesso a esta capela subterr\u00e2nea \u00e9 imprescind\u00edvel na visita \u00e0 catedral, oferecendo uma experi\u00eancia espiritual e cultural \u00fanica.<\/span><\/p>\n<p>&nbsp;<\/p>\n<h2><b>Rela\u00e7\u00e3o com o Caminho de Santiago Primitivo<\/b><\/h2>\n<p><span style=\"font-weight: 400;\">O Caminho Primitivo come\u00e7a na Catedral de S\u00e3o Salvador de Oviedo, seguindo a rota que o rei Alfonso II utilizou para visitar a rec\u00e9m-descoberta tumba do Ap\u00f3stolo Santiago. Ao contr\u00e1rio do Caminho Franc\u00eas, esta op\u00e7\u00e3o caracteriza-se por ser <\/span><b>mais exigente fisicamente<\/b><span style=\"font-weight: 400;\">, mas oferece paisagens impressionantes e um ambiente menos massificado.<\/span><\/p>\n<p><span style=\"font-weight: 400;\">Se procuras uma experi\u00eancia aut\u00eantica e conectar-te com a hist\u00f3ria original do Caminho, esta \u00e9 uma excelente escolha. O Caminho Primitivo abrange cerca de <\/span><b>325 quil\u00f3metros<\/b><span style=\"font-weight: 400;\">, divididos em v\u00e1rias etapas. \u00c9 uma alternativa ideal para quem deseja uma experi\u00eancia mais tranquila e em contacto com a natureza.<\/span><\/p>\n<p>&nbsp;<\/p>\n<h2><b>Elementos que n\u00e3o podes perder na tua visita<\/b><\/h2>\n<p><img decoding=\"async\" class=\"alignnone wp-image-118523 size-full\" src=\"https:\/\/www.mundiplus.com\/wp-content\/uploads\/2025\/03\/Cruz-de-la-Victoria-Mundiplus.jpg\" alt=\"\" width=\"576\" height=\"1024\" srcset=\"https:\/\/www.mundiplus.com\/wp-content\/uploads\/2025\/03\/Cruz-de-la-Victoria-Mundiplus.jpg 576w, https:\/\/www.mundiplus.com\/wp-content\/uploads\/2025\/03\/Cruz-de-la-Victoria-Mundiplus-169x300.jpg 169w\" sizes=\"(max-width: 576px) 100vw, 576px\" \/><\/p>\n<p><span style=\"font-weight: 400;\">Al\u00e9m da sua import\u00e2ncia hist\u00f3rica, a catedral alberga detalhes que merecem aten\u00e7\u00e3o. As capelas barrocas, como a de <\/span><b>Nossa Senhora do Rei Casto<\/b><span style=\"font-weight: 400;\">, representam exemplos destacados da arte barroca. As esculturas g\u00f3ticas do claustro e o ret\u00e1bulo maior s\u00e3o imprescind\u00edveis.<\/span><\/p>\n<p><span style=\"font-weight: 400;\">O <\/span><b>Santo Sud\u00e1rio de Oviedo<\/b><span style=\"font-weight: 400;\">, conservado na C\u00e2mara Santa, \u00e9 uma rel\u00edquia de grande relev\u00e2ncia religiosa. Cada elemento dentro do templo tem uma hist\u00f3ria a contar, o que torna a visita numa experi\u00eancia cultural e espiritual valiosa.<\/span><\/p>\n<p>&nbsp;<\/p>\n<h2><b>O papel da Catedral na cultura ovetense<\/b><\/h2>\n<p><span style=\"font-weight: 400;\">A Catedral de S\u00e3o Salvador tornou-se um ponto destacado na vida da cidade de Oviedo. Serve como <\/span><b>sede de celebra\u00e7\u00f5es religiosas<\/b><span style=\"font-weight: 400;\"> importantes e \u00e9 um lugar onde turistas e locais convivem de forma integrada.<\/span><\/p>\n<p><span style=\"font-weight: 400;\">A pra\u00e7a que a rodeia funciona como um ponto de encontro, com bares e cafeterias ao redor, ideais para fazer uma pausa antes de continuar a explorar a cidade.<\/span><\/p>\n<p><span style=\"font-weight: 400;\">Oviedo, com o seu ambiente tranquilo e acolhedor, \u00e9 um lugar perfeito para <\/span><b>iniciar uma peregrina\u00e7\u00e3o ou descobrir a sua riqueza patrimonial<\/b><span style=\"font-weight: 400;\">. A catedral tem sido uma importante fonte de inspira\u00e7\u00e3o para artistas e escritores.<\/span><\/p>\n<p><span style=\"font-weight: 400;\">A sua hist\u00f3ria entrela\u00e7a-se com a vida da cidade, tornando-a um <\/span><b>emblema cultural e religioso das Ast\u00farias<\/b><span style=\"font-weight: 400;\">. A sua import\u00e2ncia espiritual e social faz dela um destino imprescind\u00edvel para qualquer visitante.<\/span><\/p>\n<p>&nbsp;<\/p>\n<h2><b>Planeia o teu percurso com informa\u00e7\u00f5es \u00fateis<\/b><\/h2>\n<p><span style=\"font-weight: 400;\">Se decidires visitar a Catedral de S\u00e3o Salvador, h\u00e1 alguns aspetos que deves considerar. O <\/span><b>hor\u00e1rio de abertura<\/b><span style=\"font-weight: 400;\"> varia conforme a temporada, pelo que \u00e9 recomend\u00e1vel consult\u00e1-lo com anteced\u00eancia. No entanto, como guia aproximada, dir-te-emos que o hor\u00e1rio de abertura \u00e9: <\/span><\/p>\n<ul>\n<li style=\"font-weight: 400;\" aria-level=\"1\"><span style=\"font-weight: 400;\">De 10 \u00e0s 13 e de 16 \u00e0s 18 de segunda a sexta-feira.<\/span><\/li>\n<li style=\"font-weight: 400;\" aria-level=\"1\"><span style=\"font-weight: 400;\">De 16 \u00e0s 17 aos s\u00e1bados.<\/span><\/li>\n<\/ul>\n<p><span style=\"font-weight: 400;\">O acesso \u00e0 C\u00e2mara Santa est\u00e1 <\/span><b>inclu\u00eddo nas visitas guiadas gerais<\/b><span style=\"font-weight: 400;\">, por isso tem isso em conta ao organizar o teu percurso. Al\u00e9m disso, se planeias fazer o Caminho Primitivo, aqui <\/span><b>podes obter a tua credencial de peregrino<\/b><span style=\"font-weight: 400;\">, um documento essencial para quem deseja completar o percurso.<\/span><\/p>\n<p><span style=\"font-weight: 400;\">Lembra-te que aos domingos n\u00e3o s\u00e3o permitidas visitas tur\u00edsticas, por isso \u00e9 fundamental programar a tua visita em dias \u00fateis para aproveitares ao m\u00e1ximo o percurso.<\/span><\/p>\n","protected":false},"excerpt":{"rendered":"<p>Chegas a Oviedo e caminhas pelas suas ruas at\u00e9 chegares a uma pra\u00e7a. Aqui, encontras uma estrutura majestosa. N\u00e3o se trata de um templo qualquer, mas da imponente Catedral de S\u00e3o Salvador, um local com mais de mil anos de hist\u00f3ria e o ponto de partida do Caminho Primitivo. Este percurso, escolhido pelo rei Alfonso [&hellip;]<\/p>\n","protected":false},"author":1,"featured_media":118534,"comment_status":"open","ping_status":"open","sticky":false,"template":"","format":"standard","meta":{"footnotes":""},"categories":[574,578,586,606],"tags":[],"class_list":["post-118565","post","type-post","status-publish","format-standard","has-post-thumbnail","hentry","category-blog-do-caminho","category-caminho-a-pe","category-historia-pt","category-locais-iconicos"],"_links":{"self":[{"href":"https:\/\/www.mundiplus.com\/pt-pt\/wp-json\/wp\/v2\/posts\/118565","targetHints":{"allow":["GET"]}}],"collection":[{"href":"https:\/\/www.mundiplus.com\/pt-pt\/wp-json\/wp\/v2\/posts"}],"about":[{"href":"https:\/\/www.mundiplus.com\/pt-pt\/wp-json\/wp\/v2\/types\/post"}],"author":[{"embeddable":true,"href":"https:\/\/www.mundiplus.com\/pt-pt\/wp-json\/wp\/v2\/users\/1"}],"replies":[{"embeddable":true,"href":"https:\/\/www.mundiplus.com\/pt-pt\/wp-json\/wp\/v2\/comments?post=118565"}],"version-history":[{"count":0,"href":"https:\/\/www.mundiplus.com\/pt-pt\/wp-json\/wp\/v2\/posts\/118565\/revisions"}],"wp:featuredmedia":[{"embeddable":true,"href":"https:\/\/www.mundiplus.com\/pt-pt\/wp-json\/wp\/v2\/media\/118534"}],"wp:attachment":[{"href":"https:\/\/www.mundiplus.com\/pt-pt\/wp-json\/wp\/v2\/media?parent=118565"}],"wp:term":[{"taxonomy":"category","embeddable":true,"href":"https:\/\/www.mundiplus.com\/pt-pt\/wp-json\/wp\/v2\/categories?post=118565"},{"taxonomy":"post_tag","embeddable":true,"href":"https:\/\/www.mundiplus.com\/pt-pt\/wp-json\/wp\/v2\/tags?post=118565"}],"curies":[{"name":"wp","href":"https:\/\/api.w.org\/{rel}","templated":true}]}}