{"id":118812,"date":"2025-03-26T18:49:45","date_gmt":"2025-03-26T18:49:45","guid":{"rendered":"https:\/\/www.mundiplus.com\/?p=118812"},"modified":"2026-03-26T11:20:18","modified_gmt":"2026-03-26T11:20:18","slug":"quantas-mudas-de-roupa-devo-levar-para-o-caminho-de-santiago","status":"publish","type":"post","link":"https:\/\/www.mundiplus.com\/pt-pt\/quantas-mudas-de-roupa-levar-no-caminho-de-santiago\/","title":{"rendered":"Quantas mudas de roupa devo levar para o Caminho de Santiago?"},"content":{"rendered":"<p><img fetchpriority=\"high\" decoding=\"async\" class=\"alignnone wp-image-118771 size-full\" src=\"https:\/\/www.mundiplus.com\/wp-content\/uploads\/2025\/03\/Cuantas-mudas-de-ropa-hay-que-llevar-para-el-camino-Santiago-Mundiplus.jpg\" alt=\"\" width=\"1000\" height=\"688\" srcset=\"https:\/\/www.mundiplus.com\/wp-content\/uploads\/2025\/03\/Cuantas-mudas-de-ropa-hay-que-llevar-para-el-camino-Santiago-Mundiplus.jpg 1000w, https:\/\/www.mundiplus.com\/wp-content\/uploads\/2025\/03\/Cuantas-mudas-de-ropa-hay-que-llevar-para-el-camino-Santiago-Mundiplus-300x206.jpg 300w, https:\/\/www.mundiplus.com\/wp-content\/uploads\/2025\/03\/Cuantas-mudas-de-ropa-hay-que-llevar-para-el-camino-Santiago-Mundiplus-768x528.jpg 768w, https:\/\/www.mundiplus.com\/wp-content\/uploads\/2025\/03\/Cuantas-mudas-de-ropa-hay-que-llevar-para-el-camino-Santiago-Mundiplus-600x413.jpg 600w\" sizes=\"(max-width: 1000px) 100vw, 1000px\" \/><br \/>\n<span style=\"font-weight: 400;\">Pisaste o primeiro trilho e notas que a tua mochila pesa demais. A ideia de carregar mais do que o necess\u00e1rio faz-te hesitar sobre quais roupas incluir ou deixar em casa. Ser\u00e1 que precisas mesmo de tantas t-shirts? Ser\u00e1 indispens\u00e1vel um par de cal\u00e7as extra?<\/span><\/p>\n<p><b>Escolher a quantidade certa de roupa<\/b><span style=\"font-weight: 400;\"> para o Caminho de Santiago pode fazer a diferen\u00e7a entre uma <\/span><b>travessia confort\u00e1vel ou um pesadelo<\/b><span style=\"font-weight: 400;\">. E \u00e9 que levar demasiado implica peso desnecess\u00e1rio. Levar pouco pode deixar-te sem op\u00e7\u00f5es quando mais precisares. Desde a Mundiplus, queremos ajudar-te a encontrar o equil\u00edbrio para desfrutares da viagem sem arrependimentos.<\/span><\/p>\n<p>&nbsp;<\/p>\n<h2><b>Alternativas consoante o tipo de caminho escolhido<\/b><\/h2>\n<p><span style=\"font-weight: 400;\">Cada rota tem as suas particularidades. Para te servir de guia de aproxima\u00e7\u00e3o, vamos dar-te alguns exemplos:<\/span><\/p>\n<ul>\n<li style=\"font-weight: 400;\" aria-level=\"1\"><span style=\"font-weight: 400;\">O <\/span><b>Caminho de Santiago desde Ourense<\/b><span style=\"font-weight: 400;\"> \u00e9 um trajeto de aproximadamente 6 dias em clima h\u00famido e vari\u00e1vel. Neste caso, recomenda-se incluir algumas roupas extra para enfrentar mudan\u00e7as repentinas, mantendo um equil\u00edbrio entre conforto e peso.<\/span><\/li>\n<\/ul>\n<p>&nbsp;<\/p>\n<ul>\n<li style=\"font-weight: 400;\" aria-level=\"1\"><b>O Caminho do Norte <\/b><span style=\"font-weight: 400;\">\u00e9 uma rota que geralmente dura entre 30 a 35 dias, onde a influ\u00eancia mar\u00edtima e as chuvas s\u00e3o frequentes. Por isso, \u00e9 aconselh\u00e1vel levar mais roupas imperme\u00e1veis e leves, com op\u00e7\u00f5es adicionais para condi\u00e7\u00f5es muito h\u00famidas.<\/span><\/li>\n<\/ul>\n<p>&nbsp;<\/p>\n<ul>\n<li style=\"list-style-type: none;\">\n<ul>\n<li style=\"font-weight: 400;\" aria-level=\"2\"><span style=\"font-weight: 400;\">Tamb\u00e9m podes fazer o <\/span><b>Caminho do Norte Irun Bilbao<\/b><span style=\"font-weight: 400;\">, que s\u00e3o 7 etapas que resumem na perfei\u00e7\u00e3o o clima que encontrar\u00e1s na totalidade desta rota.<\/span><\/li>\n<\/ul>\n<\/li>\n<\/ul>\n<p>&nbsp;<\/p>\n<ul>\n<li style=\"font-weight: 400;\" aria-level=\"1\"><span style=\"font-weight: 400;\">No <\/span><b>Caminho Primitivo<\/b><span style=\"font-weight: 400;\">,<\/span> <span style=\"font-weight: 400;\">com uma dura\u00e7\u00e3o de 14-15 dias em terreno exigente, o ideal \u00e9 optar por roupa respir\u00e1vel e de secagem r\u00e1pida, mantendo a quantidade de mudas ajustada para evitar sobrecarregar a mochila. Tamb\u00e9m podes fazer o <\/span><b>Caminho de Santiago Lugo<\/b><span style=\"font-weight: 400;\"> e evitar os trechos mais exigentes.<\/span><\/li>\n<\/ul>\n<p>&nbsp;<\/p>\n<ul>\n<li style=\"font-weight: 400;\" aria-level=\"1\"><span style=\"font-weight: 400;\">O <\/span><b>Caminho Franc\u00eas <\/b><span style=\"font-weight: 400;\">geralmente dura entre 25 e 30 dias, permitindo planear um n\u00famero moderado de mudan\u00e7as. Neste caso, encontrar\u00e1s muitas oportunidades para lavar roupa nos albergues e hostels que te ajudar\u00e3o a manter a bagagem leve.<\/span><\/li>\n<\/ul>\n<p>&nbsp;<\/p>\n<ul>\n<li style=\"font-weight: 400;\" aria-level=\"1\"><span style=\"font-weight: 400;\">O <\/span><b>Caminho Portugu\u00eas<\/b><span style=\"font-weight: 400;\">. Para um percurso de 20 a 25 dias em climas mais temperados, \u00e9 aconselh\u00e1vel escolher roupa vers\u00e1til e leve. Tamb\u00e9m podes adicionar uma ou duas pe\u00e7as adicionais para as noites mais frescas.<\/span><\/li>\n<\/ul>\n<p>&nbsp;<\/p>\n<ul>\n<li style=\"font-weight: 400;\" aria-level=\"1\"><span style=\"font-weight: 400;\">O <\/span><b>Caminho Ingl\u00eas<\/b><span style=\"font-weight: 400;\">,<\/span> <span style=\"font-weight: 400;\">por ser uma rota mais curta, de cerca de 10-12 dias, pode-se reduzir o n\u00famero de mudas, concentrando a escolha no essencial e aproveitando os pontos de lavagem ao longo do caminho.<\/span><\/li>\n<\/ul>\n<p>&nbsp;<\/p>\n<p><span style=\"font-weight: 400;\">Se optares por um <\/span><b>Caminho de Santiago organizado<\/b><span style=\"font-weight: 400;\">, talvez n\u00e3o precises de tantas roupas, j\u00e1 que poder\u00e1s lavar na acomoda\u00e7\u00e3o com mais facilidade. Al\u00e9m disso, ag\u00eancias como a Mundiplus aconselham-te sobre como preparar a tua mochila.<\/span><\/p>\n<p>&nbsp;<\/p>\n<h2><b>Fatores-chave para decidir quantas roupas levar<\/b><\/h2>\n<p><img decoding=\"async\" class=\"alignnone wp-image-118765 size-full\" src=\"https:\/\/www.mundiplus.com\/wp-content\/uploads\/2025\/03\/Cuantas-mudas-de-ropa-hay-que-llevar-para-el-camino-de-Santiago-Mundiplus.jpg\" alt=\"\" width=\"1000\" height=\"667\" srcset=\"https:\/\/www.mundiplus.com\/wp-content\/uploads\/2025\/03\/Cuantas-mudas-de-ropa-hay-que-llevar-para-el-camino-de-Santiago-Mundiplus.jpg 1000w, https:\/\/www.mundiplus.com\/wp-content\/uploads\/2025\/03\/Cuantas-mudas-de-ropa-hay-que-llevar-para-el-camino-de-Santiago-Mundiplus-300x200.jpg 300w, https:\/\/www.mundiplus.com\/wp-content\/uploads\/2025\/03\/Cuantas-mudas-de-ropa-hay-que-llevar-para-el-camino-de-Santiago-Mundiplus-768x512.jpg 768w, https:\/\/www.mundiplus.com\/wp-content\/uploads\/2025\/03\/Cuantas-mudas-de-ropa-hay-que-llevar-para-el-camino-de-Santiago-Mundiplus-600x400.jpg 600w\" sizes=\"(max-width: 1000px) 100vw, 1000px\" \/><\/p>\n<p><b>N\u00e3o existe uma regra fixa para a quantidade de mudas necess\u00e1rias<\/b><span style=\"font-weight: 400;\">. No entanto, existem aspectos que te ajudar\u00e3o a reduzir op\u00e7\u00f5es:<\/span><\/p>\n<ul>\n<li style=\"font-weight: 400;\" aria-level=\"1\"><b>Dura\u00e7\u00e3o do percurso<\/b><span style=\"font-weight: 400;\">: n\u00e3o \u00e9 o mesmo caminhar cinco dias que um m\u00eas. Em trajetos curtos, podes dar-te ao luxo de levar algo extra, mas em viagens longas, cada grama conta. Reduzir peso evitar\u00e1 fadiga e melhorar\u00e1 a tua experi\u00eancia.<\/span><\/li>\n<\/ul>\n<p>&nbsp;<\/p>\n<ul>\n<li style=\"font-weight: 400;\" aria-level=\"1\"><b>Esta\u00e7\u00f5es do ano<\/b><span style=\"font-weight: 400;\">: no ver\u00e3o, garante que levas roupas respir\u00e1veis e leves para evitar o superaquecimento. No inverno, o sistema de camadas t\u00e9rmicas permite-te regular a temperatura sem a necessidade de carregar roupas muito volumosas.<\/span><\/li>\n<\/ul>\n<p>&nbsp;<\/p>\n<ul>\n<li style=\"font-weight: 400;\" aria-level=\"1\"><b>Frequ\u00eancia de lavagem<\/b><span style=\"font-weight: 400;\">: se estiveres disposto a lavar todos os dias (ou quase todos), poder\u00e1s levar menos mudan\u00e7as. Isso aligera a mochila e facilita a mobilidade.<\/span><\/li>\n<\/ul>\n<p>&nbsp;<\/p>\n<ul>\n<li style=\"font-weight: 400;\" aria-level=\"1\"><b>Conforto pessoal<\/b><span style=\"font-weight: 400;\">: alguns preferem variedade de roupas para se trocarem, enquanto outros optam pelo essencial e priorizam a praticidade. Encontra o equil\u00edbrio que melhor se adapta ao teu estilo.<\/span><\/li>\n<\/ul>\n<p>&nbsp;<\/p>\n<h2><b>Mudas recomendadas para um peregrino m\u00e9dio<\/b><\/h2>\n<p><img decoding=\"async\" class=\"alignnone wp-image-118777 size-full\" src=\"https:\/\/www.mundiplus.com\/wp-content\/uploads\/2025\/03\/Cuantas-mudas-de-ropa-hay-que-llevar-para-el-camino-Mundiplus.jpg\" alt=\"\" width=\"1000\" height=\"667\" srcset=\"https:\/\/www.mundiplus.com\/wp-content\/uploads\/2025\/03\/Cuantas-mudas-de-ropa-hay-que-llevar-para-el-camino-Mundiplus.jpg 1000w, https:\/\/www.mundiplus.com\/wp-content\/uploads\/2025\/03\/Cuantas-mudas-de-ropa-hay-que-llevar-para-el-camino-Mundiplus-300x200.jpg 300w, https:\/\/www.mundiplus.com\/wp-content\/uploads\/2025\/03\/Cuantas-mudas-de-ropa-hay-que-llevar-para-el-camino-Mundiplus-768x512.jpg 768w, https:\/\/www.mundiplus.com\/wp-content\/uploads\/2025\/03\/Cuantas-mudas-de-ropa-hay-que-llevar-para-el-camino-Mundiplus-600x400.jpg 600w\" sizes=\"(max-width: 1000px) 100vw, 1000px\" \/><\/p>\n<p><span style=\"font-weight: 400;\">A op\u00e7\u00e3o mais equilibrada \u00e9 <\/span><b>levar tr\u00eas conjuntos completos<\/b><span style=\"font-weight: 400;\">. Um para caminhar, outro seco para a tarde e um de reposi\u00e7\u00e3o. Assim, ter\u00e1s sempre roupa limpa enquanto uma muda seca. Esta \u00e9 uma lista b\u00e1sica:<\/span><\/p>\n<ul>\n<li style=\"font-weight: 400;\" aria-level=\"1\"><b>Tr\u00eas t-shirts<\/b><span style=\"font-weight: 400;\"> t\u00e9cnicas (leves e respir\u00e1veis).<\/span><\/li>\n<li style=\"font-weight: 400;\" aria-level=\"1\"><b>Dois pares de cal\u00e7as<\/b><span style=\"font-weight: 400;\"> (um longo e outro curto ou desmont\u00e1vel).<\/span><\/li>\n<li style=\"font-weight: 400;\" aria-level=\"1\"><b>Tr\u00eas pares de meias<\/b><span style=\"font-weight: 400;\"> t\u00e9cnicas (evitam fric\u00e7\u00f5es).<\/span><\/li>\n<li style=\"font-weight: 400;\" aria-level=\"1\"><b>Tr\u00eas mudas de roupa interior<\/b><span style=\"font-weight: 400;\">.<\/span><\/li>\n<li style=\"font-weight: 400;\" aria-level=\"1\"><b>Uma pe\u00e7a de agasalho<\/b><span style=\"font-weight: 400;\"> (consoante a esta\u00e7\u00e3o).<\/span><\/li>\n<li style=\"font-weight: 400;\" aria-level=\"1\"><b>Um imperme\u00e1vel ou poncho<\/b><span style=\"font-weight: 400;\"> (imprescind\u00edvel em certas \u00e9pocas).<\/span><\/li>\n<\/ul>\n<p>&nbsp;<\/p>\n<h2><b>Dicas para lavar roupa durante o Caminho<\/b><\/h2>\n<p><span style=\"font-weight: 400;\">Levar menos significa que ter\u00e1s de lavar mais frequentemente. Para o fazer de forma eficaz, tem em conta o seguinte:<\/span><\/p>\n<ul>\n<li style=\"font-weight: 400;\" aria-level=\"1\"><span style=\"font-weight: 400;\">Usa <\/span><b>sab\u00e3o biodegrad\u00e1vel e s\u00f3lido<\/b><span style=\"font-weight: 400;\"> para evitar derrames e proteger o meio ambiente. \u00c9 mais compacto, dura mais do que o sab\u00e3o l\u00edquido e evita restri\u00e7\u00f5es em aeroportos ou ao atravessar fronteiras. Al\u00e9m disso, pode ser usado tanto para lavar roupas como para a higiene pessoal.<\/span><\/li>\n<\/ul>\n<p>&nbsp;<\/p>\n<ul>\n<li style=\"font-weight: 400;\" aria-level=\"1\"><b>Lava no final do dia<\/b><span style=\"font-weight: 400;\"> para que as roupas tenham tempo suficiente para secar antes de as usares novamente. Assim, evitar\u00e1s maus odores, acumula\u00e7\u00e3o de humidade e a necessidade de levar mais pe\u00e7as.<\/span><\/li>\n<\/ul>\n<p>&nbsp;<\/p>\n<ul>\n<li style=\"font-weight: 400;\" aria-level=\"1\"><span style=\"font-weight: 400;\">Leva uma <\/span><b>corda el\u00e1stica<\/b><span style=\"font-weight: 400;\"> para pendurar a roupa em qualquer lugar, como albergues, \u00e1rvores ou at\u00e9 dentro da tenda de campismo. \u00c9 leve, ocupa pouco espa\u00e7o e facilita a secagem em qualquer circunst\u00e2ncia.<\/span><\/li>\n<\/ul>\n<p>&nbsp;<\/p>\n<ul>\n<li style=\"font-weight: 400;\" aria-level=\"1\"><span style=\"font-weight: 400;\">Se chover, <\/span><b>pendura a roupa dentro da mochila<\/b><span style=\"font-weight: 400;\">, prendendo-a com alfinetes de seguran\u00e7a ou uma corda. Assim, aproveitar\u00e1s o calor corporal e evitar\u00e1s que a humidade danifique as tuas pe\u00e7as.<\/span><\/li>\n<\/ul>\n<p>&nbsp;<\/p>\n<h2><b>Quanto pesa a roupa na mochila?<\/b><\/h2>\n<p><b>10% do teu peso corporal \u00e9 a carga recomendada para a mochila<\/b><span style=\"font-weight: 400;\">. Este c\u00e1lculo inclui roupas, saco-cama, kit de primeiros socorros e outros itens b\u00e1sicos. Cada grama conta, por isso \u00e9 importante escolher roupas leves e de secagem r\u00e1pida.<\/span><\/p>\n<p><span style=\"font-weight: 400;\">Levar menos peso na mochila ajuda a reduzir o esfor\u00e7o f\u00edsico, melhora o conforto e a mobilidade durante o percurso. Uma bagagem mais leve <\/span><b>diminui o risco de les\u00f5es nas costas<\/b><span style=\"font-weight: 400;\"> e nas articula\u00e7\u00f5es, permitindo-te caminhar dist\u00e2ncias maiores sem te cansares rapidamente.<\/span><\/p>\n<p><span style=\"font-weight: 400;\">Al\u00e9m disso, <\/span><b>facilita os movimentos em terrenos dif\u00edceis<\/b><span style=\"font-weight: 400;\"> e torna a experi\u00eancia da viagem mais agrad\u00e1vel. Optar por roupas leves e de secagem r\u00e1pida ajuda a reduzir a carga sem sacrificar a funcionalidade.<\/span><\/p>\n<p><span style=\"font-weight: 400;\">Lembra-te de que cada grama a menos na mochila significa mais energia e a possibilidade de desfrutar plenamente de cada passo do caminho.<\/span><\/p>\n<p>&nbsp;<\/p>\n<h2><b>Melhor prevenir: roupa que n\u00e3o pode faltar<\/b><\/h2>\n<p><span style=\"font-weight: 400;\">Al\u00e9m das roupas b\u00e1sicas, existem acess\u00f3rios que podem fazer a diferen\u00e7a:<\/span><\/p>\n<ul>\n<li style=\"font-weight: 400;\" aria-level=\"1\"><b>Bon\u00e9 ou chap\u00e9u<\/b><span style=\"font-weight: 400;\">: prote\u00e7\u00e3o contra o sol.<\/span><\/li>\n<li style=\"font-weight: 400;\" aria-level=\"1\"><b>Luvas e gola para o pesco\u00e7o<\/b><span style=\"font-weight: 400;\">: at\u00e9 no ver\u00e3o podem ser \u00fateis!<\/span><\/li>\n<li style=\"font-weight: 400;\" aria-level=\"1\"><b>Chinelos leves<\/b><span style=\"font-weight: 400;\">: para descansar os p\u00e9s ap\u00f3s o dia de caminhada.<\/span><\/li>\n<li style=\"font-weight: 400;\" aria-level=\"1\"><b>Meias t\u00e9rmicas<\/b><span style=\"font-weight: 400;\">: ideais para dormir ou caminhar em dias frios.<\/span><\/li>\n<\/ul>\n<p>&nbsp;<\/p>\n<h2><b>Recomenda\u00e7\u00f5es para otimizar a tua bagagem<\/b><\/h2>\n<ul>\n<li style=\"font-weight: 400;\" aria-level=\"1\"><b>Escolhe roupa de secagem r\u00e1pida<\/b><span style=\"font-weight: 400;\">. Evita materiais que ret\u00eam humidade e demoram a secar, como o algod\u00e3o. Opta por tecidos t\u00e9cnicos, respir\u00e1veis e leves que te mantenham seco e confort\u00e1vel.<\/span><\/li>\n<\/ul>\n<p>&nbsp;<\/p>\n<ul>\n<li style=\"font-weight: 400;\" aria-level=\"1\"><b>Usa o sistema de camadas<\/b><span style=\"font-weight: 400;\">. \u00c9 prefer\u00edvel levar v\u00e1rias pe\u00e7as finas e combin\u00e1veis em vez de uma pe\u00e7a \u00fanica grossa e desconfort\u00e1vel. Assim, poder\u00e1s adaptar-te \u00e0s mudan\u00e7as de temperatura sem carregar peso desnecess\u00e1rio.<\/span><\/li>\n<\/ul>\n<p>&nbsp;<\/p>\n<ul>\n<li style=\"font-weight: 400;\" aria-level=\"1\"><b>N\u00e3o leves &#8220;s\u00f3 por precau\u00e7\u00e3o&#8221;<\/b><span style=\"font-weight: 400;\">. Se tiveres d\u00favidas sobre uma pe\u00e7a, provavelmente n\u00e3o precisas dela. Levar apenas o essencial reduzir\u00e1 o peso da mochila e facilitar\u00e1 a viagem.<\/span><\/li>\n<\/ul>\n<p>&nbsp;<\/p>\n<ul>\n<li style=\"font-weight: 400;\" aria-level=\"1\"><b>Lava com frequ\u00eancia<\/b><span style=\"font-weight: 400;\">. Aproveita os lugares onde descansares que tenham m\u00e1quinas de lavar ou lava \u00e0 m\u00e3o todos os dias. Assim, poder\u00e1s viajar com menos roupa sem sacrificar a higiene.<\/span><\/li>\n<\/ul>\n<p>&nbsp;<\/p>\n<ul>\n<li style=\"font-weight: 400;\" aria-level=\"1\"><b>Leva sacos de compress\u00e3o<\/b><span style=\"font-weight: 400;\">. Estes ajudar\u00e3o a reduzir o volume da roupa e a manter tudo bem organizado dentro da mochila.<\/span><\/li>\n<\/ul>\n<p>&nbsp;<\/p>\n<h2><b>O segredo est\u00e1 na qualidade, n\u00e3o na quantidade<\/b><\/h2>\n<p><span style=\"font-weight: 400;\">Investir em roupa de qualidade garante o teu conforto e efici\u00eancia durante a viagem. Pe\u00e7as respir\u00e1veis, sem costuras e de secagem r\u00e1pida previnem escoria\u00e7\u00f5es e reduzem o risco de desconforto. N\u00e3o \u00e9 necess\u00e1rio levar roupa em excesso, mas sim <\/span><b>escolher pe\u00e7as funcionais e vers\u00e1teis<\/b><span style=\"font-weight: 400;\"> que possam ser combinadas entre si. Se tiveres d\u00favidas entre duas op\u00e7\u00f5es, opta sempre pela mais leve e compacta.<\/span><\/p>\n<p><span style=\"font-weight: 400;\">Um bom planeamento permitir\u00e1 otimizar o espa\u00e7o na mochila e reduzir o peso desnecess\u00e1rio, tornando cada percurso mais confort\u00e1vel e suport\u00e1vel. No final, <\/span><b>uma mochila bem organizada ser\u00e1 a tua melhor aliada<\/b><span style=\"font-weight: 400;\">.<\/span><\/p>\n","protected":false},"excerpt":{"rendered":"<p>Pisaste o primeiro trilho e notas que a tua mochila pesa demais. A ideia de carregar mais do que o necess\u00e1rio faz-te hesitar sobre quais roupas incluir ou deixar em casa. Ser\u00e1 que precisas mesmo de tantas t-shirts? Ser\u00e1 indispens\u00e1vel um par de cal\u00e7as extra? Escolher a quantidade certa de roupa para o Caminho de [&hellip;]<\/p>\n","protected":false},"author":1,"featured_media":118776,"comment_status":"open","ping_status":"open","sticky":false,"template":"","format":"standard","meta":{"footnotes":""},"categories":[590,574,578],"tags":[],"class_list":["post-118812","post","type-post","status-publish","format-standard","has-post-thumbnail","hentry","category-a-mochila","category-blog-do-caminho","category-caminho-a-pe"],"_links":{"self":[{"href":"https:\/\/www.mundiplus.com\/pt-pt\/wp-json\/wp\/v2\/posts\/118812","targetHints":{"allow":["GET"]}}],"collection":[{"href":"https:\/\/www.mundiplus.com\/pt-pt\/wp-json\/wp\/v2\/posts"}],"about":[{"href":"https:\/\/www.mundiplus.com\/pt-pt\/wp-json\/wp\/v2\/types\/post"}],"author":[{"embeddable":true,"href":"https:\/\/www.mundiplus.com\/pt-pt\/wp-json\/wp\/v2\/users\/1"}],"replies":[{"embeddable":true,"href":"https:\/\/www.mundiplus.com\/pt-pt\/wp-json\/wp\/v2\/comments?post=118812"}],"version-history":[{"count":1,"href":"https:\/\/www.mundiplus.com\/pt-pt\/wp-json\/wp\/v2\/posts\/118812\/revisions"}],"predecessor-version":[{"id":129317,"href":"https:\/\/www.mundiplus.com\/pt-pt\/wp-json\/wp\/v2\/posts\/118812\/revisions\/129317"}],"wp:featuredmedia":[{"embeddable":true,"href":"https:\/\/www.mundiplus.com\/pt-pt\/wp-json\/wp\/v2\/media\/118776"}],"wp:attachment":[{"href":"https:\/\/www.mundiplus.com\/pt-pt\/wp-json\/wp\/v2\/media?parent=118812"}],"wp:term":[{"taxonomy":"category","embeddable":true,"href":"https:\/\/www.mundiplus.com\/pt-pt\/wp-json\/wp\/v2\/categories?post=118812"},{"taxonomy":"post_tag","embeddable":true,"href":"https:\/\/www.mundiplus.com\/pt-pt\/wp-json\/wp\/v2\/tags?post=118812"}],"curies":[{"name":"wp","href":"https:\/\/api.w.org\/{rel}","templated":true}]}}