{"id":118817,"date":"2025-03-28T18:37:05","date_gmt":"2025-03-28T18:37:05","guid":{"rendered":"https:\/\/www.mundiplus.com\/?p=118817"},"modified":"2025-03-28T18:39:04","modified_gmt":"2025-03-28T18:39:04","slug":"as-ilhas-cies-uma-pausa-no-meio-do-caminho-portugues","status":"publish","type":"post","link":"https:\/\/www.mundiplus.com\/pt-pt\/as-ilhas-cies-e-a-rota-costeira-portuguesa\/","title":{"rendered":"As Ilhas C\u00edes, uma pausa no meio do Caminho Portugu\u00eas"},"content":{"rendered":"<p><img fetchpriority=\"high\" decoding=\"async\" class=\"alignnone wp-image-118786 size-full\" src=\"https:\/\/www.mundiplus.com\/wp-content\/uploads\/2025\/03\/Islas-Cies-Mundiplus.jpg\" alt=\"\" width=\"1024\" height=\"683\" srcset=\"https:\/\/www.mundiplus.com\/wp-content\/uploads\/2025\/03\/Islas-Cies-Mundiplus.jpg 1024w, https:\/\/www.mundiplus.com\/wp-content\/uploads\/2025\/03\/Islas-Cies-Mundiplus-300x200.jpg 300w, https:\/\/www.mundiplus.com\/wp-content\/uploads\/2025\/03\/Islas-Cies-Mundiplus-768x512.jpg 768w, https:\/\/www.mundiplus.com\/wp-content\/uploads\/2025\/03\/Islas-Cies-Mundiplus-600x400.jpg 600w\" sizes=\"(max-width: 1024px) 100vw, 1024px\" \/><\/p>\n<p><span style=\"font-weight: 400;\">O <\/span><b>Caminho Portugu\u00eas pela Costa<\/b><span style=\"font-weight: 400;\"> \u00e9, sem d\u00favida, uma das rotas de peregrina\u00e7\u00e3o mais enriquecedoras para chegar \u00e0 Catedral de Santiago. E \u00e9 que aqui se esconde um verdadeiro para\u00edso natural: <\/span><b>as Ilhas C\u00edes<\/b><span style=\"font-weight: 400;\">. As pr\u00f3ximas linhas ir\u00e3o gui\u00e1-lo pela hist\u00f3ria, atra\u00e7\u00f5es naturais e dicas pr\u00e1ticas para desfrutar deste enclave \u00fanico.<\/span><\/p>\n<p><span style=\"font-weight: 400;\">Estas apresentam-se como um o\u00e1sis de tranquilidade, ideal para desligar e reconectar com a natureza. Aqui conhecer\u00e1 detalhes hist\u00f3ricos e culturais que enriquecem a rota, al\u00e9m de informa\u00e7\u00f5es pr\u00e1ticas para planear a sua visita.<\/span><\/p>\n<p><span style=\"font-weight: 400;\">Antes de lhe falar das maravilhas do local, como especialistas em <\/span><a href=\"https:\/\/www.mundiplus.com\/pt\/\"><b>Caminho Santiago Organizado<\/b><\/a><span style=\"font-weight: 400;\">, queremos falar-lhe do Caminho Portugu\u00eas pela Costa e dar-lhe algumas raz\u00f5es para a sua escolha. Para al\u00e9m desta maravilha natural, tem muito mais para oferecer.<\/span><\/p>\n<p>&nbsp;<\/p>\n<h2><b>Porque escolher o Caminho Portugu\u00eas pela Costa<\/b><\/h2>\n<p><span style=\"font-weight: 400;\">O tro\u00e7o costeiro do Caminho Portugu\u00eas oferece uma experi\u00eancia \u00fanica ao <\/span><b>combinar o misticismo da peregrina\u00e7\u00e3o com o esplendor das paisagens mar\u00edtimas<\/b><span style=\"font-weight: 400;\">. Caminhando junto ao oceano, os peregrinos desfrutam de um <\/span><b>clima ameno<\/b><span style=\"font-weight: 400;\">, vistas ininterruptas do Atl\u00e2ntico e uma atmosfera de serenidade que potencia a introspe\u00e7\u00e3o e o bem-estar f\u00edsico e mental. <\/span><\/p>\n<p><span style=\"font-weight: 400;\">A proximidade ao mar permite que cada passo seja como uma imers\u00e3o na natureza, tornando o percurso num espa\u00e7o de medita\u00e7\u00e3o e renova\u00e7\u00e3o.<\/span><\/p>\n<p>&nbsp;<\/p>\n<h3><b>Compara\u00e7\u00e3o com outras variantes do Caminho<\/b><\/h3>\n<ul>\n<li style=\"font-weight: 400;\" aria-level=\"1\"><span style=\"font-weight: 400;\">O <\/span><a href=\"https:\/\/www.mundiplus.com\/pt\/caminos\/a-pie\/camino-sanabres\/camino-de-santiago-desde-orense\/\"><b>caminho Santiago desde Ourense<\/b><\/a><span style=\"font-weight: 400;\"> distingue-se pelo seu ambiente acolhedor e pelas suas paisagens rurais, fundindo a tradi\u00e7\u00e3o galega com uma rica heran\u00e7a cultural a cada passo. Neste caso, tamb\u00e9m percorrer\u00e1 apenas solo galego, mas completamente pelo interior.<\/span><\/li>\n<\/ul>\n<p>&nbsp;<\/p>\n<ul>\n<li style=\"font-weight: 400;\" aria-level=\"1\"><span style=\"font-weight: 400;\">O <\/span><a href=\"https:\/\/www.mundiplus.com\/pt\/caminos\/a-pie\/camino-primitivo\/camino-de-santiago-desde-lugo\/\"><b>Caminho Santiago Lugo<\/b><\/a><span style=\"font-weight: 400;\"> \u00e9 um pouco mais duro. Enquanto o Caminho Portugu\u00eas pela Costa \u00e9 geralmente plano, esta op\u00e7\u00e3o requer um maior esfor\u00e7o f\u00edsico.<\/span><\/li>\n<\/ul>\n<p>&nbsp;<\/p>\n<ul>\n<li style=\"font-weight: 400;\" aria-level=\"1\"><span style=\"font-weight: 400;\">O <\/span><a href=\"https:\/\/www.mundiplus.com\/pt\/caminos\/a-pie\/camino-norte\/camino-de-santiago-desde-irun\/\"><b>Caminho do Norte Irun Bilbao<\/b><\/a><span style=\"font-weight: 400;\">, especialmente este tro\u00e7o, tamb\u00e9m \u00e9 paralelo ao mar, mas neste caso ao Mar Cant\u00e1brico.<\/span><\/li>\n<\/ul>\n<p>&nbsp;<\/p>\n<ul>\n<li style=\"font-weight: 400;\" aria-level=\"1\"><span style=\"font-weight: 400;\">O <\/span><b>Caminho Franc\u00eas<\/b><span style=\"font-weight: 400;\"> \u00e9 a rota mais emblem\u00e1tica e transitada. Oferece uma imers\u00e3o profunda na hist\u00f3ria e na tradi\u00e7\u00e3o do Caminho, com monumentos, vilas encantadoras e uma excelente infraestrutura para o peregrino.<\/span><\/li>\n<\/ul>\n<p>&nbsp;<\/p>\n<h2><b>Descobrindo as Ilhas C\u00edes: um para\u00edso natural<\/b><\/h2>\n<p><img decoding=\"async\" class=\"alignnone wp-image-118792 size-full\" src=\"https:\/\/www.mundiplus.com\/wp-content\/uploads\/2025\/03\/Playa-de-Rodas-Mundiplus.jpg\" alt=\"\" width=\"1024\" height=\"768\" srcset=\"https:\/\/www.mundiplus.com\/wp-content\/uploads\/2025\/03\/Playa-de-Rodas-Mundiplus.jpg 1024w, https:\/\/www.mundiplus.com\/wp-content\/uploads\/2025\/03\/Playa-de-Rodas-Mundiplus-300x225.jpg 300w, https:\/\/www.mundiplus.com\/wp-content\/uploads\/2025\/03\/Playa-de-Rodas-Mundiplus-768x576.jpg 768w, https:\/\/www.mundiplus.com\/wp-content\/uploads\/2025\/03\/Playa-de-Rodas-Mundiplus-600x450.jpg 600w\" sizes=\"(max-width: 1024px) 100vw, 1024px\" \/><\/p>\n<p><span style=\"font-weight: 400;\">As Ilhas C\u00edes fazem parte do <\/span><b>Parque Nacional Mar\u00edtimo-Terrestre das Ilhas Atl\u00e2nticas da Galiza<\/b><span style=\"font-weight: 400;\">. <\/span><\/p>\n<p><span style=\"font-weight: 400;\">A sua hist\u00f3ria remonta a tempos antigos, quando foram utilizadas como <\/span><b>ref\u00fagio e lugar de culto<\/b><span style=\"font-weight: 400;\"> por antigas comunidades mar\u00edtimas. Com o passar dos s\u00e9culos, a sua beleza singular levou \u00e0 sua prote\u00e7\u00e3o, consolidando-se como uma \u00e1rea natural de excecional<\/span><b> valor ecol\u00f3gico e cultural<\/b><span style=\"font-weight: 400;\">. A sua transforma\u00e7\u00e3o em parque nacional permitiu conservar um ecossistema \u00fanico.<\/span><\/p>\n<p>&nbsp;<\/p>\n<h3><b>O que ver nas Ilhas C\u00edes<\/b><\/h3>\n<p><img decoding=\"async\" class=\"alignnone wp-image-118798 size-full\" src=\"https:\/\/www.mundiplus.com\/wp-content\/uploads\/2025\/03\/Faro-de-Porta-Mundiplus.jpg\" alt=\"\" width=\"1024\" height=\"683\" srcset=\"https:\/\/www.mundiplus.com\/wp-content\/uploads\/2025\/03\/Faro-de-Porta-Mundiplus.jpg 1024w, https:\/\/www.mundiplus.com\/wp-content\/uploads\/2025\/03\/Faro-de-Porta-Mundiplus-300x200.jpg 300w, https:\/\/www.mundiplus.com\/wp-content\/uploads\/2025\/03\/Faro-de-Porta-Mundiplus-768x512.jpg 768w, https:\/\/www.mundiplus.com\/wp-content\/uploads\/2025\/03\/Faro-de-Porta-Mundiplus-600x400.jpg 600w\" sizes=\"(max-width: 1024px) 100vw, 1024px\" \/><\/p>\n<p><span style=\"font-weight: 400;\">O local oferece uma grande variedade de atra\u00e7\u00f5es que fazem de cada visita uma experi\u00eancia enriquecedora:<\/span><\/p>\n<p><span style=\"font-weight: 400;\">A <\/span><b>Praia de Rodas<\/b><span style=\"font-weight: 400;\"> \u00e9, sem d\u00favida, a maior atra\u00e7\u00e3o. Reconhecida mundialmente pela sua <\/span><b>areia branca e \u00e1guas turquesa<\/b><span style=\"font-weight: 400;\">, foi considerada em v\u00e1rias ocasi\u00f5es como <\/span><b>uma das melhores praias do planeta<\/b><span style=\"font-weight: 400;\">. A sua forma semicircular e o seu ambiente natural intacto tornam-na o cen\u00e1rio perfeito para relaxar e contemplar a magnitude do oceano Atl\u00e2ntico. <\/span><\/p>\n<p><span style=\"font-weight: 400;\">Al\u00e9m disso, a serenidade das suas \u00e1guas convida a desfrutar de passeios longos e a praticar atividades como o snorkeling em zonas seguras. Tamb\u00e9m pode visitar as <\/span><b>Praias de Nossa Senhora, de Conchas<\/b> <b>ou de Figueiras<\/b><span style=\"font-weight: 400;\">. Em qualquer uma destas pode praticar snorkeling.<\/span><\/p>\n<p><span style=\"font-weight: 400;\">A <\/span><b>diversidade de trilhos<\/b><span style=\"font-weight: 400;\"> que percorrem as ilhas permite descobrir recantos pouco conhecidos e desfrutar de vistas panor\u00e2micas espetaculares. Os caminhos est\u00e3o bem sinalizados e conduzem a miradouros e far\u00f3is de onde se podem contemplar belos pores-do-sol, os penhascos, pequenas enseadas e a imensid\u00e3o do mar. <\/span><\/p>\n<p><span style=\"font-weight: 400;\">A prote\u00e7\u00e3o das C\u00edes permitiu que florescesse uma <\/span><b>not\u00e1vel biodiversidade<\/b><span style=\"font-weight: 400;\">: <\/span><\/p>\n<ul>\n<li style=\"font-weight: 400;\" aria-level=\"1\"><span style=\"font-weight: 400;\">A <\/span><b>vegeta\u00e7\u00e3o aut\u00f3ctone<\/b><span style=\"font-weight: 400;\"> mistura-se com esp\u00e9cies introduzidas que se adaptaram ao clima mar\u00edtimo. N\u00e3o \u00e9 abundante, mas encontrar\u00e1 algumas esp\u00e9cies end\u00e9micas. Avisamos que o que mais predomina s\u00e3o pinheiros e eucaliptos.<\/span><\/li>\n<\/ul>\n<p>&nbsp;<\/p>\n<ul>\n<li style=\"font-weight: 400;\" aria-level=\"1\"><span style=\"font-weight: 400;\">A <\/span><b>fauna<\/b><span style=\"font-weight: 400;\">, composta por aves marinhas, pequenos mam\u00edferos e uma rica variedade de invertebrados, constitui um atrativo adicional para os observadores da natureza. Entre as aves, destacam-se esp\u00e9cies como o <\/span><b>cern\u00edcalo<\/b><span style=\"font-weight: 400;\"> e <\/span><b>diversas gaivotas<\/b><span style=\"font-weight: 400;\">, que oferecem um espet\u00e1culo natural digno de admira\u00e7\u00e3o.<\/span><\/li>\n<\/ul>\n<p>&nbsp;<\/p>\n<p><span style=\"font-weight: 400;\">Al\u00e9m da sua beleza natural, as ilhas est\u00e3o impregnadas de <\/span><b>lendas e tradi\u00e7\u00f5es<\/b><span style=\"font-weight: 400;\">. Algumas rotas interpretativas narram hist\u00f3rias antigas, lendas de marinheiros e relatos que ligam o ambiente com epis\u00f3dios hist\u00f3ricos relevantes para a regi\u00e3o.<\/span><\/p>\n<p>&nbsp;<\/p>\n<h2><b>Como chegar \u00e0s Ilhas C\u00edes<\/b><\/h2>\n<p><span style=\"font-weight: 400;\">Chegar \u00e0s Ilhas C\u00edes \u00e9 relativamente simples, embora exija algum planeamento. Os acessos mais comuns s\u00e3o feitos <\/span><b>de barco<\/b><span style=\"font-weight: 400;\">. Os portos de <\/span><b>Vigo<\/b><span style=\"font-weight: 400;\"> e <\/span><b>Cangas<\/b><span style=\"font-weight: 400;\"> s\u00e3o os principais pontos de partida para as excurs\u00f5es di\u00e1rias. A partir destas localidades, organizam-se sa\u00eddas de ferry ou lanchas r\u00e1pidas que, em <\/span><b>aproximadamente 30-45 minutos<\/b><span style=\"font-weight: 400;\">, o transportam para este para\u00edso natural.<\/span><\/p>\n<p><span style=\"font-weight: 400;\">Cada temporada, especialmente durante os meses de ver\u00e3o, a procura por lugares aumenta, pelo que \u00e9 aconselh\u00e1vel<\/span><b> reservar com anteced\u00eancia<\/b><span style=\"font-weight: 400;\">. A comunica\u00e7\u00e3o entre os portos e as ilhas est\u00e1 bem coordenada, e existem hor\u00e1rios fixos que permitem aos visitantes planear o dia, considerando tanto a chegada como o regresso.<\/span><\/p>\n<p>&nbsp;<\/p>\n<h3><b>Dicas para o planeamento da visita<\/b><\/h3>\n<ul>\n<li style=\"font-weight: 400;\" aria-level=\"1\"><b>Reserva antecipada<\/b><span style=\"font-weight: 400;\">: dado que a aflu\u00eancia de visitantes aumenta consideravelmente no ver\u00e3o, \u00e9 fundamental reservar o bilhete de barco com anteced\u00eancia para garantir o seu lugar. O custo \u00e9 de cerca de <\/span><b>22 euros ida e volta<\/b><span style=\"font-weight: 400;\">.<\/span><\/li>\n<\/ul>\n<p>&nbsp;<\/p>\n<ul>\n<li style=\"font-weight: 400;\" aria-level=\"1\"><b>Hor\u00e1rios e dura\u00e7\u00e3o<\/b><span style=\"font-weight: 400;\">: informe-se bem sobre os hor\u00e1rios de sa\u00edda e regresso. Geralmente, as excurs\u00f5es s\u00e3o organizadas com uma dura\u00e7\u00e3o aproximada de 5 a 7 horas, o que permite desfrutar do local sem pressas.<\/span><\/li>\n<\/ul>\n<p>&nbsp;<\/p>\n<ul>\n<li style=\"font-weight: 400;\" aria-level=\"1\"><b>Equipamento<\/b><span style=\"font-weight: 400;\">: leve cal\u00e7ado confort\u00e1vel para caminhar, prote\u00e7\u00e3o solar, \u00e1gua e algo de comida. Embora existam zonas de restaura\u00e7\u00e3o, \u00e9 recomend\u00e1vel levar provis\u00f5es b\u00e1sicas.<\/span><\/li>\n<\/ul>\n<p>&nbsp;<\/p>\n<ul>\n<li style=\"font-weight: 400;\" aria-level=\"1\"><b>Normas de conserva\u00e7\u00e3o<\/b><span style=\"font-weight: 400;\">: lembre-se que as ilhas fazem parte de um parque nacional, por isso deve respeitar as normas de conserva\u00e7\u00e3o. \u00c9 proibido deixar lixo e deve respeitar as \u00e1reas sinalizadas para preservar a flora e fauna aut\u00f3ctones.<\/span><\/li>\n<\/ul>\n<p>&nbsp;<\/p>\n<p><span style=\"font-weight: 400;\">Existem <\/span><b>bares e restaurantes<\/b><span style=\"font-weight: 400;\">: embora seja um espa\u00e7o natural, existem alguns estabelecimentos de restaura\u00e7\u00e3o, caso queira viver uma experi\u00eancia mais confort\u00e1vel.<\/span><\/p>\n","protected":false},"excerpt":{"rendered":"<p>O Caminho Portugu\u00eas pela Costa \u00e9, sem d\u00favida, uma das rotas de peregrina\u00e7\u00e3o mais enriquecedoras para chegar \u00e0 Catedral de Santiago. E \u00e9 que aqui se esconde um verdadeiro para\u00edso natural: as Ilhas C\u00edes. As pr\u00f3ximas linhas ir\u00e3o gui\u00e1-lo pela hist\u00f3ria, atra\u00e7\u00f5es naturais e dicas pr\u00e1ticas para desfrutar deste enclave \u00fanico. Estas apresentam-se como um [&hellip;]<\/p>\n","protected":false},"author":1,"featured_media":118791,"comment_status":"open","ping_status":"open","sticky":false,"template":"","format":"standard","meta":{"footnotes":""},"categories":[574,578,606],"tags":[],"class_list":["post-118817","post","type-post","status-publish","format-standard","has-post-thumbnail","hentry","category-blog-do-caminho","category-caminho-a-pe","category-locais-iconicos"],"_links":{"self":[{"href":"https:\/\/www.mundiplus.com\/pt-pt\/wp-json\/wp\/v2\/posts\/118817","targetHints":{"allow":["GET"]}}],"collection":[{"href":"https:\/\/www.mundiplus.com\/pt-pt\/wp-json\/wp\/v2\/posts"}],"about":[{"href":"https:\/\/www.mundiplus.com\/pt-pt\/wp-json\/wp\/v2\/types\/post"}],"author":[{"embeddable":true,"href":"https:\/\/www.mundiplus.com\/pt-pt\/wp-json\/wp\/v2\/users\/1"}],"replies":[{"embeddable":true,"href":"https:\/\/www.mundiplus.com\/pt-pt\/wp-json\/wp\/v2\/comments?post=118817"}],"version-history":[{"count":0,"href":"https:\/\/www.mundiplus.com\/pt-pt\/wp-json\/wp\/v2\/posts\/118817\/revisions"}],"wp:featuredmedia":[{"embeddable":true,"href":"https:\/\/www.mundiplus.com\/pt-pt\/wp-json\/wp\/v2\/media\/118791"}],"wp:attachment":[{"href":"https:\/\/www.mundiplus.com\/pt-pt\/wp-json\/wp\/v2\/media?parent=118817"}],"wp:term":[{"taxonomy":"category","embeddable":true,"href":"https:\/\/www.mundiplus.com\/pt-pt\/wp-json\/wp\/v2\/categories?post=118817"},{"taxonomy":"post_tag","embeddable":true,"href":"https:\/\/www.mundiplus.com\/pt-pt\/wp-json\/wp\/v2\/tags?post=118817"}],"curies":[{"name":"wp","href":"https:\/\/api.w.org\/{rel}","templated":true}]}}