{"id":119054,"date":"2025-04-05T09:36:23","date_gmt":"2025-04-05T09:36:23","guid":{"rendered":"https:\/\/www.mundiplus.com\/?p=119054"},"modified":"2025-04-05T09:46:05","modified_gmt":"2025-04-05T09:46:05","slug":"caravaca-de-la-cruz-peregrinacao-a-outra-cidade-santa","status":"publish","type":"post","link":"https:\/\/www.mundiplus.com\/pt-pt\/caravaca-de-la-cruz-peregrinacao-e-cidade-santa\/","title":{"rendered":"Caravaca de la Cruz, peregrina\u00e7\u00e3o a outra cidade santa"},"content":{"rendered":"<p><img fetchpriority=\"high\" decoding=\"async\" class=\"alignnone wp-image-118987 size-full\" src=\"https:\/\/www.mundiplus.com\/wp-content\/uploads\/2025\/04\/Blog-Mundiplus.png\" alt=\"\" width=\"1023\" height=\"539\" srcset=\"https:\/\/www.mundiplus.com\/wp-content\/uploads\/2025\/04\/Blog-Mundiplus.png 1023w, https:\/\/www.mundiplus.com\/wp-content\/uploads\/2025\/04\/Blog-Mundiplus-300x158.png 300w, https:\/\/www.mundiplus.com\/wp-content\/uploads\/2025\/04\/Blog-Mundiplus-768x405.png 768w, https:\/\/www.mundiplus.com\/wp-content\/uploads\/2025\/04\/Blog-Mundiplus-600x316.png 600w\" sizes=\"(max-width: 1023px) 100vw, 1023px\" \/><\/p>\n<p><span style=\"font-weight: 400;\">Em Espanha, a peregrina\u00e7\u00e3o mais conhecida \u00e9, sem d\u00favida, o Caminho de Santiago. No entanto, existe outro destino que atrai todos os anos milhares de caminheiros por motivos de f\u00e9, hist\u00f3ria e espiritualidade: <\/span><b>Caravaca de la Cruz<\/b><span style=\"font-weight: 400;\">, na Regi\u00e3o de M\u00farcia. <\/span><\/p>\n<p><span style=\"font-weight: 400;\">Esta cidade ostenta a honra de ser uma das<\/span><b> cinco cidades santas do cristianismo<\/b><span style=\"font-weight: 400;\">, e o seu santu\u00e1rio alberga uma das rel\u00edquias mais veneradas do mundo: <\/span><b>a Vera Cruz<\/b><span style=\"font-weight: 400;\">.<\/span><\/p>\n<p>&nbsp;<\/p>\n<h2><b>Caravaca de la Cruz: uma das cinco cidades santas do cristianismo<\/b><\/h2>\n<p><span style=\"font-weight: 400;\">O t\u00edtulo de \u201ccidade santa\u201d n\u00e3o \u00e9 frequente. Apenas cinco cidades no mundo det\u00eam este t\u00edtulo: <\/span><b>Jerusal\u00e9m, Roma, Santiago de Compostela, Santo Tor\u00edbio de Li\u00e9bana e Caravaca de la Cruz<\/b><span style=\"font-weight: 400;\">. <\/span><\/p>\n<p><span style=\"font-weight: 400;\">O reconhecimento foi concedido pelo Papa Jo\u00e3o Paulo II em 1998, juntamente com a <\/span><b>celebra\u00e7\u00e3o de um Ano Jubilar Perp\u00e9tuo a cada sete anos<\/b><span style=\"font-weight: 400;\">. Este \u00e9 um privil\u00e9gio que, at\u00e9 ent\u00e3o, s\u00f3 era partilhado por Santiago de Compostela no mundo hisp\u00e2nico.<\/span><\/p>\n<p><span style=\"font-weight: 400;\">Esta distin\u00e7\u00e3o faz dela um <\/span><b>ponto de encontro para os crentes<\/b><span style=\"font-weight: 400;\">. Os peregrinos podem obter indulg\u00eancia plen\u00e1ria ao peregrinar at\u00e9 \u00e0 sua bas\u00edlica nos anos jubilares ou durante o resto do tempo, sob determinadas condi\u00e7\u00f5es religiosas.<\/span><\/p>\n<p>&nbsp;<\/p>\n<h3><b>Hist\u00f3ria da Vera Cruz e origem da peregrina\u00e7\u00e3o<\/b><\/h3>\n<p><img decoding=\"async\" class=\"alignnone wp-image-119003 size-full\" src=\"https:\/\/www.mundiplus.com\/wp-content\/uploads\/2025\/04\/Vera-Cruz-Caravaca-Mundiplus.jpg\" alt=\"\" width=\"1023\" height=\"648\" srcset=\"https:\/\/www.mundiplus.com\/wp-content\/uploads\/2025\/04\/Vera-Cruz-Caravaca-Mundiplus.jpg 1023w, https:\/\/www.mundiplus.com\/wp-content\/uploads\/2025\/04\/Vera-Cruz-Caravaca-Mundiplus-300x190.jpg 300w, https:\/\/www.mundiplus.com\/wp-content\/uploads\/2025\/04\/Vera-Cruz-Caravaca-Mundiplus-768x486.jpg 768w, https:\/\/www.mundiplus.com\/wp-content\/uploads\/2025\/04\/Vera-Cruz-Caravaca-Mundiplus-600x380.jpg 600w\" sizes=\"(max-width: 1023px) 100vw, 1023px\" \/><\/p>\n<p><span style=\"font-weight: 400;\">A devo\u00e7\u00e3o \u00e0 Vera Cruz de Caravaca nasce de uma hist\u00f3ria que mistura f\u00e9 e lenda. <\/span><\/p>\n<p><span style=\"font-weight: 400;\">Segundo a tradi\u00e7\u00e3o, no s\u00e9culo XIII, um sacerdote foi levado prisioneiro pelos mu\u00e7ulmanos at\u00e9 \u00e0 cidade. L\u00e1, foi-lhe pedido que celebrasse uma missa, mas, como n\u00e3o tinha uma cruz sobre o altar, o ato foi suspenso. Foi ent\u00e3o que dois anjos desceram do c\u00e9u trazendo uma cruz de bra\u00e7o duplo horizontal: a <\/span><b>reliquia da Vera Cruz<\/b><span style=\"font-weight: 400;\">.<\/span><\/p>\n<p><span style=\"font-weight: 400;\">Al\u00e9m da lenda, a rel\u00edquia \u2014 um peda\u00e7o da cruz em que Jesus Cristo foi crucificado \u2014 foi <\/span><b>custodiada durante s\u00e9culos por v\u00e1rias ordens religiosas<\/b><span style=\"font-weight: 400;\">. Hoje, continua a ser o eixo espiritual da cidade e o motor da peregrina\u00e7\u00e3o.<\/span><\/p>\n<p>&nbsp;<\/p>\n<h3><b>O Caminho da Cruz: rotas, etapas e dura\u00e7\u00e3o<\/b><\/h3>\n<p><span style=\"font-weight: 400;\">Embora com um car\u00e1ter mais religioso, o Caminho da Cruz \u00e9 inspirado no Caminho de Santiago. Al\u00e9m disso, oferece aos peregrinos v\u00e1rias rotas para chegar a Caravaca. As duas principais s\u00e3o:<\/span><\/p>\n<ul>\n<li style=\"font-weight: 400;\" aria-level=\"1\"><b>Caminho do Ap\u00f3stolo<\/b><span style=\"font-weight: 400;\">: Parte de <\/span><b>Roncesvalles<\/b><span style=\"font-weight: 400;\"> e percorre aproximadamente 900 km at\u00e9 chegar a Caravaca, conectando-se com o Caminho de Santiago at\u00e9 Puente la Reina. \u00c9 a rota mais longa e espiritual.<\/span><\/li>\n<\/ul>\n<p>&nbsp;<\/p>\n<ul>\n<li style=\"font-weight: 400;\" aria-level=\"1\"><b>Caminho do Levante<\/b><span style=\"font-weight: 400;\">: Come\u00e7a em <\/span><b>Orihuela<\/b><span style=\"font-weight: 400;\">, Alicante, e entra no interior de M\u00farcia. Tem cerca de 120 km e \u00e9 a mais percorrida atualmente.<\/span><\/li>\n<\/ul>\n<p>&nbsp;<\/p>\n<p><span style=\"font-weight: 400;\">Ambas as rotas est\u00e3o sinalizadas, t\u00eam albergues e servi\u00e7os, e atravessam paisagens de grande beleza e valor patrimonial. O Caminho da Cruz n\u00e3o \u00e9 apenas uma rota religiosa, mas tamb\u00e9m cultural e natural.<\/span><\/p>\n<p><span style=\"font-weight: 400;\">Estas duas s\u00e3o as mais populares, mas no total existem 8 formas de chegar, embora, salvo o Caminho do Ap\u00f3stolo, sejam rotas com pouco mais de 100 quil\u00f3metros.<\/span><\/p>\n<p>&nbsp;<\/p>\n<h2><b>O que ver em Caravaca de la Cruz al\u00e9m da bas\u00edlica<\/b><\/h2>\n<p><img decoding=\"async\" class=\"alignnone wp-image-119009 size-full\" src=\"https:\/\/www.mundiplus.com\/wp-content\/uploads\/2025\/04\/Real-Basilica-Santuario-Mundiplus.jpg\" alt=\"\" width=\"1024\" height=\"683\" srcset=\"https:\/\/www.mundiplus.com\/wp-content\/uploads\/2025\/04\/Real-Basilica-Santuario-Mundiplus.jpg 1024w, https:\/\/www.mundiplus.com\/wp-content\/uploads\/2025\/04\/Real-Basilica-Santuario-Mundiplus-300x200.jpg 300w, https:\/\/www.mundiplus.com\/wp-content\/uploads\/2025\/04\/Real-Basilica-Santuario-Mundiplus-768x512.jpg 768w, https:\/\/www.mundiplus.com\/wp-content\/uploads\/2025\/04\/Real-Basilica-Santuario-Mundiplus-600x400.jpg 600w\" sizes=\"(max-width: 1024px) 100vw, 1024px\" \/><\/p>\n<p><span style=\"font-weight: 400;\">Embora o Santu\u00e1rio da Vera Cruz seja a principal atra\u00e7\u00e3o, <\/span><b>Caravaca<\/b><span style=\"font-weight: 400;\"> oferece muito mais ao visitante:<\/span><\/p>\n<ul>\n<li style=\"font-weight: 400;\" aria-level=\"1\"><b>Real Bas\u00edlica-Santu\u00e1rio da Vera Cruz<\/b><span style=\"font-weight: 400;\">: situada sobre uma colina no interior do castelo medieval, \u00e9 o cora\u00e7\u00e3o da cidade santa. O seu estilo barroco e o interior carregado de simbolismo impressionam o peregrino.<\/span><\/li>\n<\/ul>\n<p>&nbsp;<\/p>\n<ul>\n<li style=\"font-weight: 400;\" aria-level=\"1\"><b>Castelo de Caravaca<\/b><span style=\"font-weight: 400;\">: fortaleza do s\u00e9culo XV de onde se domina toda a cidade.<\/span><\/li>\n<\/ul>\n<p>&nbsp;<\/p>\n<ul>\n<li style=\"font-weight: 400;\" aria-level=\"1\"><b>Museu da Festa<\/b><span style=\"font-weight: 400;\">: dedicado \u00e0s celebra\u00e7\u00f5es mais famosas de Caravaca: as <\/span><b>Festas da Sant\u00edssima e Vera Cruz<\/b><span style=\"font-weight: 400;\">, com os seus cavalos do vinho, declaradas de Interesse Tur\u00edstico Internacional.<\/span><\/li>\n<\/ul>\n<p>&nbsp;<\/p>\n<ul>\n<li style=\"font-weight: 400;\" aria-level=\"1\"><b>Paragem das Fontes do Marqu\u00eas<\/b><span style=\"font-weight: 400;\">: um espa\u00e7o natural perto da cidade ideal para o descanso do caminheiro.<\/span><\/li>\n<\/ul>\n<p>&nbsp;<\/p>\n<ul>\n<li style=\"font-weight: 400;\" aria-level=\"1\"><b>Banhos de Archivel<\/b><span style=\"font-weight: 400;\">: termas naturais conhecidas desde a \u00e9poca romana, perfeitas para relaxar ap\u00f3s a rota.<\/span><\/li>\n<\/ul>\n<p>&nbsp;<\/p>\n<h2><b>Peregrinar para Caravaca vs. Caminho de Santiago: duas rotas de f\u00e9 com alma pr\u00f3pria<\/b><\/h2>\n<p><span style=\"font-weight: 400;\">Embora Caravaca de la Cruz e Santiago de Compostela partilhem uma profunda raiz crist\u00e3, cada peregrina\u00e7\u00e3o tem a sua ess\u00eancia \u00fanica. Ambas oferecem experi\u00eancias espirituais e pessoais inesquec\u00edveis, mas <\/span><b>diferem na hist\u00f3ria, magnitude e perfil de peregrino<\/b><span style=\"font-weight: 400;\">.<\/span><\/p>\n<p><span style=\"font-weight: 400;\">O <\/span><b>Caminho de Santiago<\/b><span style=\"font-weight: 400;\"> \u00e9 uma das rotas mais antigas do mundo, declarada Patrim\u00f3nio da Humanidade. O seu tra\u00e7ado estende-se por milhares de quil\u00f3metros <\/span><b>por toda a Europa<\/b><span style=\"font-weight: 400;\"> (como sabes, tem tro\u00e7os em Portugal e em Fran\u00e7a).<\/span><\/p>\n<p><span style=\"font-weight: 400;\">Gra\u00e7as \u00e0 infraestrutura desenvolvida ao longo do tempo, muitos peregrinos optam por um<\/span><a href=\"https:\/\/www.mundiplus.com\/pt\/\"> <b>Caminho de Santiago organizado<\/b><\/a><span style=\"font-weight: 400;\"> que lhes permite disfrutar da experi\u00eancia com servi\u00e7os inclu\u00eddos, como transporte de mochilas, alojamento e assist\u00eancia.<\/span><\/p>\n<p><span style=\"font-weight: 400;\">Entre as rotas mais destacadas do Caminho de Santiago encontram-se:<\/span><\/p>\n<ul>\n<li style=\"font-weight: 400;\" aria-level=\"1\"><span style=\"font-weight: 400;\">O<\/span><a href=\"https:\/\/www.mundiplus.com\/pt\/caminos\/a-pie\/camino-de-santiago-desde-ribadeo\/\"> <b>Caminho Santiago desde Ribadeo<\/b><\/a><span style=\"font-weight: 400;\">, que faz parte do Caminho do Norte, percorre a costa galega com paisagens mar\u00edtimas impressionantes e etapas bem sinalizadas.<\/span><\/li>\n<\/ul>\n<p>&nbsp;<\/p>\n<ul>\n<li style=\"font-weight: 400;\" aria-level=\"1\"><span style=\"font-weight: 400;\">O<\/span><a href=\"https:\/\/www.mundiplus.com\/pt\/caminos\/a-pie\/camino-norte\/camino-de-santiago-desde-bilbao\/\"> <b>Caminho de Santiago desde Bilbao<\/b><\/a><span style=\"font-weight: 400;\">, tamb\u00e9m dentro do Caminho do Norte, combina cultura urbana, arte e tradi\u00e7\u00e3o basca com a espiritualidade da viagem.<\/span><\/li>\n<\/ul>\n<p>&nbsp;<\/p>\n<ul>\n<li style=\"font-weight: 400;\" aria-level=\"1\"><span style=\"font-weight: 400;\">O<\/span><a href=\"https:\/\/www.mundiplus.com\/pt\/caminos\/a-pie\/camino-portugues\/camino-de-santiago-desde-tui\/\"> <b>Caminho Santiago desde Tui<\/b><\/a><span style=\"font-weight: 400;\">, ponto de entrada do Caminho Portugu\u00eas na Galiza, \u00e9 ideal para quem disp\u00f5e de pouco tempo, pois cobre os \u00faltimos 100 km necess\u00e1rios para obter a Compostela.<\/span><\/li>\n<\/ul>\n<p>&nbsp;<\/p>\n<p><span style=\"font-weight: 400;\">Caravaca, por sua vez, oferece uma <\/span><b>rota menos massificada<\/b><span style=\"font-weight: 400;\">, o que permite uma conex\u00e3o mais \u00edntima com o ambiente e a f\u00e9. Al\u00e9m disso, a maioria das rotas para Caravaca ainda est\u00e1 em processo de consolida\u00e7\u00e3o, o que representa um atrativo para aqueles que procuram algo mais aut\u00eantico e menos percorrido.<\/span><\/p>\n<p>&nbsp;<\/p>\n<h2><b>Quando peregrinar para Caravaca de la Cruz? Datas-chave<\/b><\/h2>\n<p><img loading=\"lazy\" decoding=\"async\" class=\"alignnone wp-image-118997 size-full\" src=\"https:\/\/www.mundiplus.com\/wp-content\/uploads\/2025\/04\/Fiestas-de-la-Santisima-y-Vera-Cruz-Mundiplus.jpg\" alt=\"\" width=\"1024\" height=\"793\" srcset=\"https:\/\/www.mundiplus.com\/wp-content\/uploads\/2025\/04\/Fiestas-de-la-Santisima-y-Vera-Cruz-Mundiplus.jpg 1024w, https:\/\/www.mundiplus.com\/wp-content\/uploads\/2025\/04\/Fiestas-de-la-Santisima-y-Vera-Cruz-Mundiplus-300x232.jpg 300w, https:\/\/www.mundiplus.com\/wp-content\/uploads\/2025\/04\/Fiestas-de-la-Santisima-y-Vera-Cruz-Mundiplus-768x595.jpg 768w, https:\/\/www.mundiplus.com\/wp-content\/uploads\/2025\/04\/Fiestas-de-la-Santisima-y-Vera-Cruz-Mundiplus-600x465.jpg 600w\" sizes=\"(max-width: 1024px) 100vw, 1024px\" \/><\/p>\n<p><span style=\"font-weight: 400;\">A melhor \u00e9poca para fazer o Caminho da Cruz depende dos interesses do peregrino:<\/span><\/p>\n<ul>\n<li style=\"font-weight: 400;\" aria-level=\"1\"><b>Ano Jubilar<\/b><span style=\"font-weight: 400;\">: Celebra-se a cada 7 anos (o pr\u00f3ximo ser\u00e1 em 2030). Durante esses anos vive-se um ambiente muito especial, com milhares de peregrinos e atividades religiosas, culturais e festivas.<\/span><\/li>\n<\/ul>\n<p>&nbsp;<\/p>\n<ul>\n<li style=\"font-weight: 400;\" aria-level=\"1\"><b>1 a 5 de maio<\/b><span style=\"font-weight: 400;\">: As Festas da Sant\u00edssima e Vera Cruz, com os Cavalos do Vinho, s\u00e3o uma das celebra\u00e7\u00f5es mais singulares de Espanha. Vale a pena planear a chegada a Caravaca durante estes dias.<\/span><\/li>\n<\/ul>\n<p>&nbsp;<\/p>\n<ul>\n<li style=\"font-weight: 400;\" aria-level=\"1\"><b>Primavera e outono<\/b><span style=\"font-weight: 400;\">: climas suaves, ideais para caminhar longas dist\u00e2ncias sem calor extremo.<\/span><\/li>\n<\/ul>\n<p>&nbsp;<\/p>\n<h2><b>Conselhos pr\u00e1ticos para planear a tua peregrina\u00e7\u00e3o a Caravaca<\/b><\/h2>\n<ul>\n<li style=\"font-weight: 400;\" aria-level=\"1\"><b>Alojamento<\/b><span style=\"font-weight: 400;\">: Caravaca disp\u00f5e de albergues, casas rurais, hostels e hot\u00e9is. Em \u00e9poca alta ou anos jubilares, \u00e9 aconselh\u00e1vel fazer a reserva com anteced\u00eancia.<\/span><\/li>\n<\/ul>\n<p>&nbsp;<\/p>\n<ul>\n<li style=\"font-weight: 400;\" aria-level=\"1\"><b>Sinaliza\u00e7\u00e3o<\/b><span style=\"font-weight: 400;\">: as 2 rotas principais est\u00e3o bem sinalizadas (n\u00e3o assim as outras 6), mas \u00e9 aconselh\u00e1vel levar GPS ou mapas se se optar por caminhos secund\u00e1rios.<\/span><\/li>\n<\/ul>\n<p>&nbsp;<\/p>\n<ul>\n<li style=\"font-weight: 400;\" aria-level=\"1\"><b>Equipamento<\/b><span style=\"font-weight: 400;\">: cal\u00e7ado confort\u00e1vel, prote\u00e7\u00e3o solar, bast\u00e3o e mochila leve s\u00e3o essenciais. Tamb\u00e9m \u00e9 bom levar \u00e1gua e algum alimento caso atravesse zonas rurais sem servi\u00e7os.<\/span><\/li>\n<\/ul>\n<p>&nbsp;<\/p>\n<ul>\n<li style=\"font-weight: 400;\" aria-level=\"1\"><b>Servi\u00e7os ao peregrino<\/b><span style=\"font-weight: 400;\">: Em Caravaca \u00e9 poss\u00edvel obter a credencial do peregrino e o certificado de peregrina\u00e7\u00e3o, semelhantes \u00e0 Compostela.<\/span><\/li>\n<\/ul>\n<p><b><br \/>\n<\/b><span style=\"font-weight: 400;\">Caravaca de la Cruz n\u00e3o \u00e9 apenas uma cidade santa, \u00e9 um destino de peregrina\u00e7\u00e3o com alma pr\u00f3pria. A sua hist\u00f3ria, a sua paisagem e a sua profunda espiritualidade fazem dela uma alternativa complementar \u2014e n\u00e3o excluente\u2014 ao Caminho de Santiago. Seja por devo\u00e7\u00e3o, cultura ou aventura interior, o Caminho da Cruz merece um lugar no cora\u00e7\u00e3o de qualquer peregrino.<\/span><\/p>\n","protected":false},"excerpt":{"rendered":"<p>Em Espanha, a peregrina\u00e7\u00e3o mais conhecida \u00e9, sem d\u00favida, o Caminho de Santiago. No entanto, existe outro destino que atrai todos os anos milhares de caminheiros por motivos de f\u00e9, hist\u00f3ria e espiritualidade: Caravaca de la Cruz, na Regi\u00e3o de M\u00farcia. Esta cidade ostenta a honra de ser uma das cinco cidades santas do cristianismo, [&hellip;]<\/p>\n","protected":false},"author":1,"featured_media":119014,"comment_status":"open","ping_status":"open","sticky":false,"template":"","format":"standard","meta":{"footnotes":""},"categories":[574,578,586],"tags":[],"class_list":["post-119054","post","type-post","status-publish","format-standard","has-post-thumbnail","hentry","category-blog-do-caminho","category-caminho-a-pe","category-historia-pt"],"_links":{"self":[{"href":"https:\/\/www.mundiplus.com\/pt-pt\/wp-json\/wp\/v2\/posts\/119054","targetHints":{"allow":["GET"]}}],"collection":[{"href":"https:\/\/www.mundiplus.com\/pt-pt\/wp-json\/wp\/v2\/posts"}],"about":[{"href":"https:\/\/www.mundiplus.com\/pt-pt\/wp-json\/wp\/v2\/types\/post"}],"author":[{"embeddable":true,"href":"https:\/\/www.mundiplus.com\/pt-pt\/wp-json\/wp\/v2\/users\/1"}],"replies":[{"embeddable":true,"href":"https:\/\/www.mundiplus.com\/pt-pt\/wp-json\/wp\/v2\/comments?post=119054"}],"version-history":[{"count":0,"href":"https:\/\/www.mundiplus.com\/pt-pt\/wp-json\/wp\/v2\/posts\/119054\/revisions"}],"wp:featuredmedia":[{"embeddable":true,"href":"https:\/\/www.mundiplus.com\/pt-pt\/wp-json\/wp\/v2\/media\/119014"}],"wp:attachment":[{"href":"https:\/\/www.mundiplus.com\/pt-pt\/wp-json\/wp\/v2\/media?parent=119054"}],"wp:term":[{"taxonomy":"category","embeddable":true,"href":"https:\/\/www.mundiplus.com\/pt-pt\/wp-json\/wp\/v2\/categories?post=119054"},{"taxonomy":"post_tag","embeddable":true,"href":"https:\/\/www.mundiplus.com\/pt-pt\/wp-json\/wp\/v2\/tags?post=119054"}],"curies":[{"name":"wp","href":"https:\/\/api.w.org\/{rel}","templated":true}]}}