{"id":119143,"date":"2025-04-07T17:03:52","date_gmt":"2025-04-07T17:03:52","guid":{"rendered":"https:\/\/www.mundiplus.com\/?p=119143"},"modified":"2026-03-26T11:24:46","modified_gmt":"2026-03-26T11:24:46","slug":"presentes-originais-para-os-seus-entes-queridos-ao-terminar-o-caminho-de-santiago","status":"publish","type":"post","link":"https:\/\/www.mundiplus.com\/pt-pt\/presentes-depois-do-caminho-de-santiago\/","title":{"rendered":"Presentes originais para os seus entes queridos ao terminar o Caminho de Santiago"},"content":{"rendered":"<p><img fetchpriority=\"high\" decoding=\"async\" class=\"alignnone wp-image-118987 size-full\" src=\"https:\/\/www.mundiplus.com\/wp-content\/uploads\/2025\/04\/Blog-Mundiplus.png\" alt=\"\" width=\"1023\" height=\"539\" srcset=\"https:\/\/www.mundiplus.com\/wp-content\/uploads\/2025\/04\/Blog-Mundiplus.png 1023w, https:\/\/www.mundiplus.com\/wp-content\/uploads\/2025\/04\/Blog-Mundiplus-300x158.png 300w, https:\/\/www.mundiplus.com\/wp-content\/uploads\/2025\/04\/Blog-Mundiplus-768x405.png 768w, https:\/\/www.mundiplus.com\/wp-content\/uploads\/2025\/04\/Blog-Mundiplus-600x316.png 600w\" sizes=\"(max-width: 1023px) 100vw, 1023px\" \/><\/p>\n<p><span style=\"font-weight: 400;\">Terminar o Caminho de Santiago \u00e9 muito mais do que cruzar uma meta f\u00edsica: \u00e9 fechar um ciclo de transforma\u00e7\u00e3o pessoal. Ao chegar \u00e0 Pra\u00e7a do Obradoiro, com a Catedral \u00e0 frente e o cora\u00e7\u00e3o cheio de emo\u00e7\u00f5es, sente-se a necessidade de partilhar essa viagem interior com aqueles que nos acompanharam, mesmo que \u00e0 dist\u00e2ncia.<\/span><\/p>\n<p><b>Qual a melhor forma de o fazer do que com um presente especial? <\/b><span style=\"font-weight: 400;\">Um gesto pode ser mais do que um objeto: pode ser uma forma de dizer \u201cobrigado\u201d, de partilhar uma viv\u00eancia, de inspirar outros ou de guardar uma lembran\u00e7a para sempre.<\/span><\/p>\n<p><b>Vai fazer um <\/b><b>pacote organizado pelo Caminho de Santiago<\/b><b>?<\/b><span style=\"font-weight: 400;\"> Independentemente da sua escolha, propomos-lhe <\/span><b>ideias originais<\/b><span style=\"font-weight: 400;\"> e com significado para que escolha o presente perfeito para os seus entes queridos&#8230; e porque n\u00e3o, tamb\u00e9m para si.<\/span><\/p>\n<p>&nbsp;<\/p>\n<h2><b>Porque oferecer um presente depois de concluir o Caminho de Santiago?<\/b><\/h2>\n<p><span style=\"font-weight: 400;\">O Caminho transforma, e tudo o que \u00e9 transformador merece ser celebrado. Oferecer um presente ap\u00f3s concluir esta experi\u00eancia pode ter m\u00faltiplos significados:<\/span><\/p>\n<ul>\n<li style=\"font-weight: 400;\" aria-level=\"1\"><b>Agradecimento<\/b><span style=\"font-weight: 400;\">: para aqueles que o apoiaram emocionalmente ou o incentivaram a seguir em frente.<\/span><\/li>\n<\/ul>\n<p>&nbsp;<\/p>\n<ul>\n<li style=\"font-weight: 400;\" aria-level=\"1\"><b>Conex\u00e3o<\/b><span style=\"font-weight: 400;\">: \u00e9 uma forma de incluir os seus entes queridos na sua viv\u00eancia, mesmo que n\u00e3o tenham caminhado consigo.<\/span><\/li>\n<\/ul>\n<p>&nbsp;<\/p>\n<ul>\n<li style=\"font-weight: 400;\" aria-level=\"1\"><b>Inspira\u00e7\u00e3o<\/b><span style=\"font-weight: 400;\">: pode semear em outros a semente do seu pr\u00f3prio Caminho.<\/span><\/li>\n<\/ul>\n<p>&nbsp;<\/p>\n<ul>\n<li style=\"font-weight: 400;\" aria-level=\"1\"><b>Lembran\u00e7a<\/b><span style=\"font-weight: 400;\">: um objeto f\u00edsico que encerra a hist\u00f3ria, o esfor\u00e7o e as emo\u00e7\u00f5es do peregrino.<\/span><\/li>\n<\/ul>\n<p>&nbsp;<\/p>\n<p><span style=\"font-weight: 400;\">Um presente ap\u00f3s o Caminho n\u00e3o \u00e9 uma obriga\u00e7\u00e3o, \u00e9 uma continua\u00e7\u00e3o da viagem: mais uma etapa, desta vez para partilhar.<\/span><\/p>\n<p>&nbsp;<\/p>\n<h2><b>Chaves para escolher um presente com significado<\/b><\/h2>\n<ul>\n<li style=\"font-weight: 400;\" aria-level=\"1\"><b>Pense na pessoa que vai receber<\/b><span style=\"font-weight: 400;\">: que rela\u00e7\u00e3o tem com essa pessoa? O que a interessa? Que emo\u00e7\u00f5es gostaria de transmitir-lhe com esse presente? Talvez algu\u00e9m o espere com entusiasmo, o apoie \u00e0 dist\u00e2ncia ou o inspire a come\u00e7ar o Caminho. O presente deve falar a essa rela\u00e7\u00e3o espec\u00edfica.<\/span><\/li>\n<\/ul>\n<p>&nbsp;<\/p>\n<ul>\n<li style=\"font-weight: 400;\" aria-level=\"1\"><b>Relacione o presente com uma etapa do seu caminho<\/b><span style=\"font-weight: 400;\">: houve algum momento especial em que pensou nessa pessoa? Alguma etapa espec\u00edfica que queira contar atrav\u00e9s de um gesto? Os objetos que representam um trecho espec\u00edfico ou uma viv\u00eancia emocional t\u00eam muito mais valor do que os gen\u00e9ricos.<\/span><\/li>\n<\/ul>\n<p>&nbsp;<\/p>\n<ul>\n<li style=\"font-weight: 400;\" aria-level=\"1\"><b>Opte pelo local, artesanal e aut\u00eantico<\/b><span style=\"font-weight: 400;\">: em vez de comprar souvenirs em s\u00e9rie, procure produtos feitos por artes\u00e3os que vivem e sentem o Caminho. Muitas vezes, encontrar\u00e1 verdadeiras j\u00f3ias em pequenos ateli\u00eas ou mercados pr\u00f3ximos das etapas finais.<\/span><\/li>\n<\/ul>\n<p>&nbsp;<\/p>\n<h2><b>Presentes tradicionais\u2026 com um toque diferente<\/b><\/h2>\n<p><img decoding=\"async\" class=\"alignnone wp-image-119120 size-full\" src=\"https:\/\/www.mundiplus.com\/wp-content\/uploads\/2025\/04\/Bastones-Souvenir-Mundiplus.jpg\" alt=\"\" width=\"1024\" height=\"683\" srcset=\"https:\/\/www.mundiplus.com\/wp-content\/uploads\/2025\/04\/Bastones-Souvenir-Mundiplus.jpg 1024w, https:\/\/www.mundiplus.com\/wp-content\/uploads\/2025\/04\/Bastones-Souvenir-Mundiplus-300x200.jpg 300w, https:\/\/www.mundiplus.com\/wp-content\/uploads\/2025\/04\/Bastones-Souvenir-Mundiplus-768x512.jpg 768w, https:\/\/www.mundiplus.com\/wp-content\/uploads\/2025\/04\/Bastones-Souvenir-Mundiplus-600x400.jpg 600w\" sizes=\"(max-width: 1024px) 100vw, 1024px\" \/><\/p>\n<p><span style=\"font-weight: 400;\">Alguns objetos s\u00e3o t\u00edpicos do Caminho, mas podem ser reinterpretados para lhes dar originalidade e emo\u00e7\u00e3o:<\/span><\/p>\n<ul>\n<li style=\"font-weight: 400;\" aria-level=\"1\"><b>A concha do peregrino<\/b><span style=\"font-weight: 400;\">: s\u00edmbolo ic\u00f3nico do Caminho, mas procure vers\u00f5es esculpidas, pintadas \u00e0 m\u00e3o, gravadas com nomes ou datas, ou at\u00e9 feitas de cer\u00e2mica ou madeira.<\/span><\/li>\n<\/ul>\n<p>&nbsp;<\/p>\n<ul>\n<li style=\"font-weight: 400;\" aria-level=\"1\"><b>A cruz de Santiago<\/b><span style=\"font-weight: 400;\">: um cl\u00e1ssico, mas pode encontrar vers\u00f5es artesanais em couro, prata, cer\u00e2mica ou at\u00e9 feitas com pedras do pr\u00f3prio Caminho.<\/span><\/li>\n<\/ul>\n<p>&nbsp;<\/p>\n<ul>\n<li style=\"font-weight: 400;\" aria-level=\"1\"><b>Pulseiras ou pendentes do Caminho<\/b><span style=\"font-weight: 400;\">: melhor se forem feitos com materiais reciclados, como os cord\u00f5es de botas de peregrino ou madeira recolhida de alguma etapa.<\/span><\/li>\n<\/ul>\n<p>&nbsp;<\/p>\n<ul>\n<li style=\"font-weight: 400;\" aria-level=\"1\"><b>Imagens do Ap\u00f3stolo Santiago<\/b><span style=\"font-weight: 400;\">: se quiser algo religioso, pode encontrar esculturas feitas \u00e0 m\u00e3o por artistas locais, com um estilo moderno ou minimalista.<\/span><\/li>\n<\/ul>\n<p>&nbsp;<\/p>\n<h2><b>Presentes gastron\u00f3micos com sabor a Caminho<\/b><\/h2>\n<p><img decoding=\"async\" class=\"alignnone wp-image-119126 size-full\" src=\"https:\/\/www.mundiplus.com\/wp-content\/uploads\/2025\/04\/Tarta-de-Santiago-Mundiplus.jpg\" alt=\"\" width=\"1024\" height=\"682\" srcset=\"https:\/\/www.mundiplus.com\/wp-content\/uploads\/2025\/04\/Tarta-de-Santiago-Mundiplus.jpg 1024w, https:\/\/www.mundiplus.com\/wp-content\/uploads\/2025\/04\/Tarta-de-Santiago-Mundiplus-300x200.jpg 300w, https:\/\/www.mundiplus.com\/wp-content\/uploads\/2025\/04\/Tarta-de-Santiago-Mundiplus-768x512.jpg 768w, https:\/\/www.mundiplus.com\/wp-content\/uploads\/2025\/04\/Tarta-de-Santiago-Mundiplus-600x400.jpg 600w\" sizes=\"(max-width: 1024px) 100vw, 1024px\" \/><\/p>\n<p><span style=\"font-weight: 400;\">A comida tamb\u00e9m \u00e9 mem\u00f3ria. Porque n\u00e3o levar o sabor do Caminho para casa e partilh\u00e1-lo?<\/span><\/p>\n<ul>\n<li style=\"font-weight: 400;\" aria-level=\"1\"><b>Queijos artesanais<\/b><span style=\"font-weight: 400;\"> de zonas como a Galiza, Castela e Le\u00e3o ou Navarra.<\/span><\/li>\n<\/ul>\n<p>&nbsp;<\/p>\n<ul>\n<li style=\"font-weight: 400;\" aria-level=\"1\"><b>Vinhos locais<\/b><span style=\"font-weight: 400;\"> das regi\u00f5es que atravessou: Ribeira Sacra, Bierzo, Rioja, etc.<\/span><\/li>\n<\/ul>\n<p>&nbsp;<\/p>\n<ul>\n<li style=\"font-weight: 400;\" aria-level=\"1\"><b>Doces t\u00edpicos<\/b><span style=\"font-weight: 400;\">: torta de Santiago, am\u00eandoas, compotas caseiras, bolachas artesanais.<\/span><\/li>\n<\/ul>\n<p>&nbsp;<\/p>\n<ul>\n<li style=\"font-weight: 400;\" aria-level=\"1\"><b>Carnes curadas e conservas<\/b><span style=\"font-weight: 400;\">: embutidos de Le\u00f3n, conservas galegas do mar, mel do Bierzo\u2026<\/span><\/li>\n<\/ul>\n<p>&nbsp;<\/p>\n<p><span style=\"font-weight: 400;\">Uma op\u00e7\u00e3o muito interessante \u00e9 preparar um \u201c<\/span><b>pack gastron\u00f3mico<\/b><span style=\"font-weight: 400;\"> do Caminho\u201d com produtos de diferentes etapas. Por exemplo: um vinho de Navarra, um queijo do Bierzo e uma torta galega. Ideal para oferecer a uma fam\u00edlia ou para preparar um jantar onde poder\u00e1 contar a sua experi\u00eancia enquanto partilha sabores.<\/span><\/p>\n<p>&nbsp;<\/p>\n<h2><b>Detalhes personalizados feitos por artes\u00e3os do Caminho<\/b><\/h2>\n<p><img loading=\"lazy\" decoding=\"async\" class=\"alignnone wp-image-119132 size-full\" src=\"https:\/\/www.mundiplus.com\/wp-content\/uploads\/2025\/04\/Plato-Souvenir-Mundiplus.jpg\" alt=\"\" width=\"1024\" height=\"1024\" srcset=\"https:\/\/www.mundiplus.com\/wp-content\/uploads\/2025\/04\/Plato-Souvenir-Mundiplus.jpg 1024w, https:\/\/www.mundiplus.com\/wp-content\/uploads\/2025\/04\/Plato-Souvenir-Mundiplus-300x300.jpg 300w, https:\/\/www.mundiplus.com\/wp-content\/uploads\/2025\/04\/Plato-Souvenir-Mundiplus-150x150.jpg 150w, https:\/\/www.mundiplus.com\/wp-content\/uploads\/2025\/04\/Plato-Souvenir-Mundiplus-768x768.jpg 768w, https:\/\/www.mundiplus.com\/wp-content\/uploads\/2025\/04\/Plato-Souvenir-Mundiplus-600x600.jpg 600w, https:\/\/www.mundiplus.com\/wp-content\/uploads\/2025\/04\/Plato-Souvenir-Mundiplus-100x100.jpg 100w\" sizes=\"(max-width: 1024px) 100vw, 1024px\" \/><\/p>\n<p><span style=\"font-weight: 400;\">Ao longo da rota encontrar\u00e1 pequenos ateli\u00eas e lojas que fazem magia com as suas m\u00e3os. Aqui ficam algumas ideias que pode encomendar ou comprar diretamente:<\/span><\/p>\n<ul>\n<li style=\"font-weight: 400;\" aria-level=\"1\"><b>Canecas ou pratos de cer\u00e2mica<\/b><span style=\"font-weight: 400;\"> com frases gravadas como <\/span><i><span style=\"font-weight: 400;\">\u201cUltreia\u201d<\/span><\/i><span style=\"font-weight: 400;\">, <\/span><i><span style=\"font-weight: 400;\">\u201cBom Caminho\u201d<\/span><\/i><span style=\"font-weight: 400;\"> ou <\/span><i><span style=\"font-weight: 400;\">\u201cSegue os teus passos\u201d<\/span><\/i><span style=\"font-weight: 400;\">.<\/span><\/li>\n<\/ul>\n<p>&nbsp;<\/p>\n<ul>\n<li style=\"font-weight: 400;\" aria-level=\"1\"><b>Chaveiros, im\u00e3s ou pendentes<\/b><span style=\"font-weight: 400;\"> feitos \u00e0 m\u00e3o com couro, madeira ou conchas aut\u00eanticas.<\/span><\/li>\n<\/ul>\n<p>&nbsp;<\/p>\n<ul>\n<li style=\"font-weight: 400;\" aria-level=\"1\"><b>Mapas do Caminho<\/b><span style=\"font-weight: 400;\"> em madeira, tecido ou lona, com as etapas percorridas assinaladas.<\/span><\/li>\n<\/ul>\n<p>&nbsp;<\/p>\n<ul>\n<li style=\"font-weight: 400;\" aria-level=\"1\"><b>Cadernos artesanais<\/b><span style=\"font-weight: 400;\"> com capas de couro ou ilustrados com motivos do Caminho.<\/span><\/li>\n<\/ul>\n<p>&nbsp;<\/p>\n<ul>\n<li style=\"font-weight: 400;\" aria-level=\"1\"><b>T-shirts bordadas<\/b><span style=\"font-weight: 400;\"> ou serigrafadas por artistas locais.<\/span><\/li>\n<\/ul>\n<p>&nbsp;<\/p>\n<p><span style=\"font-weight: 400;\">Tudo o que tenha um toque artesanal e personalizado transforma-se numa lembran\u00e7a que n\u00e3o se esquece.<\/span><\/p>\n<p>&nbsp;<\/p>\n<h2><b>Presentes para inspirar outros a fazer o Caminho<\/b><\/h2>\n<p><span style=\"font-weight: 400;\">A sua experi\u00eancia pode ser a fa\u00edsca que desperte a curiosidade de outros. Se quiser oferecer inspira\u00e7\u00e3o, aqui est\u00e3o boas ideias:<\/span><\/p>\n<ul>\n<li style=\"font-weight: 400;\" aria-level=\"1\"><b>Guias do Caminho<\/b><span style=\"font-weight: 400;\"> com anota\u00e7\u00f5es pessoais, assinalando as suas paradas, conselhos ou lugares especiais.<\/span><\/li>\n<\/ul>\n<p>&nbsp;<\/p>\n<ul>\n<li style=\"font-weight: 400;\" aria-level=\"1\"><b>Um di\u00e1rio de viagem<\/b><span style=\"font-weight: 400;\"> impresso ou escrito \u00e0 m\u00e3o, com fotos, pensamentos e anedotas.<\/span><\/li>\n<\/ul>\n<p>&nbsp;<\/p>\n<ul>\n<li style=\"font-weight: 400;\" aria-level=\"1\"><b>Uma mochila simb\u00f3lica<\/b><span style=\"font-weight: 400;\"> com objetos pequenos que levou consigo ou que representam a sua viagem.<\/span><\/li>\n<\/ul>\n<p>&nbsp;<\/p>\n<ul>\n<li style=\"font-weight: 400;\" aria-level=\"1\"><b>Uma \u201cconvite\u201d criativo<\/b><span style=\"font-weight: 400;\"> para o Caminho: um cart\u00e3o a dizer \u201cEspero por ti na pr\u00f3xima etapa\u201d, acompanhado de uma concha ou um mapa do trajeto.<\/span><\/li>\n<\/ul>\n<p>&nbsp;<\/p>\n<h2><b>Presentes espirituais e carregados de inten\u00e7\u00e3o<\/b><\/h2>\n<p><span style=\"font-weight: 400;\">Para quem valoriza o simb\u00f3lico ou o espiritual, existem gestos que podem ter um impacto emocional profundo:<\/span><\/p>\n<ul>\n<li style=\"font-weight: 400;\" aria-level=\"1\"><b>Medalhas ou ros\u00e1rios aben\u00e7oados<\/b><span style=\"font-weight: 400;\"> na Catedral de Santiago.<\/span><\/li>\n<\/ul>\n<p>&nbsp;<\/p>\n<ul>\n<li style=\"font-weight: 400;\" aria-level=\"1\"><b>Pedras do Caminho<\/b><span style=\"font-weight: 400;\">, decoradas ou com frases escritas \u00e0 m\u00e3o, que representam o peso deixado para tr\u00e1s.<\/span><\/li>\n<\/ul>\n<p>&nbsp;<\/p>\n<ul>\n<li style=\"font-weight: 400;\" aria-level=\"1\"><b>Candles with intention<\/b><span style=\"font-weight: 400;\">, acesas pelo peregrino ao chegar ao Obradoiro.<\/span><\/li>\n<\/ul>\n<p>&nbsp;<\/p>\n<ul>\n<li style=\"font-weight: 400;\" aria-level=\"1\"><b>Garrafas com terra, \u00e1gua ou areia<\/b><span style=\"font-weight: 400;\"> recolhidas simbolicamente no \u00faltimo trecho.<\/span><\/li>\n<\/ul>\n<p>&nbsp;<\/p>\n<p><span style=\"font-weight: 400;\">Tamb\u00e9m podes escrever uma <\/span><b>carta de agradecimento ou b\u00ean\u00e7\u00e3o<\/b><span style=\"font-weight: 400;\"> para algu\u00e9m que te acompanhou em pensamento. Um gesto simples, mas eterno.<\/span><\/p>\n<p>&nbsp;<\/p>\n<h2><b>Onde comprar presentes \u00fanicos em Santiago de Compostela?<\/b><\/h2>\n<p><span style=\"font-weight: 400;\">A cidade est\u00e1 cheia de cantos m\u00e1gicos onde encontrar\u00e1s presentes \u00fanicos. Alguns locais recomendados:<\/span><\/p>\n<ul>\n<li style=\"font-weight: 400;\" aria-level=\"1\"><b>Ateli\u00eas artesanais<\/b><span style=\"font-weight: 400;\"> no centro hist\u00f3rico, onde os pr\u00f3prios artistas atendem e criam no local.<\/span><\/li>\n<\/ul>\n<p>&nbsp;<\/p>\n<ul>\n<li style=\"font-weight: 400;\" aria-level=\"1\"><b>Lojas especializadas<\/b><span style=\"font-weight: 400;\"> no Caminho, com guias, romances e relatos de peregrinos.<\/span><\/li>\n<\/ul>\n<p>&nbsp;<\/p>\n<ul>\n<li style=\"font-weight: 400;\" aria-level=\"1\"><b>Mercados locais<\/b><span style=\"font-weight: 400;\"> onde encontrar\u00e1s produtos gastron\u00f3micos diretamente de produtores.<\/span><\/li>\n<\/ul>\n<p>&nbsp;<\/p>\n<ul>\n<li style=\"font-weight: 400;\" aria-level=\"1\"><b>Lojas ao redor da Catedral<\/b><span style=\"font-weight: 400;\">: evita as mais comerciais e entra nas pequenas, onde costumam ter pe\u00e7as mais aut\u00eanticas.<\/span><\/li>\n<\/ul>\n<p>&nbsp;<\/p>\n<p><span style=\"font-weight: 400;\">Tamb\u00e9m podes encontrar op\u00e7\u00f5es interessantes em locais como <\/span><b>Fisterra<\/b><span style=\"font-weight: 400;\">, onde muitos peregrinos terminam a sua viagem e os produtos t\u00eam um ar mais \u00edntimo e simb\u00f3lico.<\/span><\/p>\n<p><span style=\"font-weight: 400;\">Ao terminar o Caminho de Santiago, n\u00e3o se leva apenas uma mochila cheia de quil\u00f3metros: tamb\u00e9m se leva viv\u00eancias, aprendizagens, sil\u00eancios, risos e l\u00e1grimas. Fazer um presente \u00e9 uma forma de traduzir tudo isso num gesto que toque o cora\u00e7\u00e3o de quem te ama. N\u00e3o se trata de gastar muito nem de procurar o perfeito: <\/span><b>trata-se de partilhar uma parte de ti<\/b><span style=\"font-weight: 400;\">.<\/span><\/p>\n<p>&nbsp;<\/p>\n<h2><b>Presentes com alma do Caminho: recorda\u00e7\u00f5es \u00fanicas de outras rotas e destinos<\/b><\/h2>\n<p><span style=\"font-weight: 400;\">Embora Santiago de Compostela seja o ponto final da maioria dos Caminhos, muitas viv\u00eancias intensas e oportunidades para encontrar presentes especiais descobrem-se muito antes de chegar \u00e0 meta. Cada rota tem a sua pr\u00f3pria ess\u00eancia, as suas paisagens, as suas aldeias com alma\u2026 e tamb\u00e9m os seus artes\u00e3os, produtos t\u00edpicos e ateli\u00eas cheios de hist\u00f3ria.<\/span><\/p>\n<p><span style=\"font-weight: 400;\">No<\/span> <b>Caminho de Santiago desde Ribadeo<\/b><span style=\"font-weight: 400;\">, por exemplo, percorre-se a beleza do litoral galego combinada com aldeias piscat\u00f3rias e ateli\u00eas que trabalham a madeira, a concha e a cer\u00e2mica. Os mercados da Mari\u00f1a Lucense ou as pequenas feiras de produtos locais s\u00e3o locais perfeitos para encontrar presentes com hist\u00f3ria e m\u00e3os por tr\u00e1s.<\/span><\/p>\n<p><span style=\"font-weight: 400;\">Se preferires o norte industrial e verde, o<\/span> <b>Caminho de Santiago desde Bilbao<\/b><span style=\"font-weight: 400;\"> oferece uma rota que mistura o urbano com o ancestral. Desde Bilbao at\u00e9 Cant\u00e1bria, encontram-se pequenas lojas de artistas bascos e cant\u00e1bricos, que criam desde joalharia com s\u00edmbolos do Caminho at\u00e9 cosm\u00e9ticos artesanais com ingredientes da zona. <\/span><\/p>\n<p><span style=\"font-weight: 400;\">No<\/span> <b>Caminho de Santiago desde Tui<\/b><span style=\"font-weight: 400;\">, uma das rotas mais escolhidas por quem faz o Caminho Portugu\u00eas, h\u00e1 uma multid\u00e3o de detalhes que podem ser adquiridos em aldeias como Tui, Porri\u00f1o ou Pontevedra: desde bordados galegos e linogravuras at\u00e9 vinhos do Mi\u00f1o e sabonetes artesanais.<\/span><\/p>\n<p><span style=\"font-weight: 400;\">Mas h\u00e1 mais al\u00e9m:<\/span><\/p>\n<ul>\n<li style=\"font-weight: 400;\" aria-level=\"1\"><span style=\"font-weight: 400;\">No <\/span><b>Caminho Primitivo<\/b><span style=\"font-weight: 400;\"> podes encontrar ateli\u00eas escondidos nas montanhas asturianas que produzem artigos de marroquinaria, esculturas de madeira ou queijos que n\u00e3o chegam \u00e0 grande distribui\u00e7\u00e3o.<\/span><\/li>\n<\/ul>\n<p>&nbsp;<\/p>\n<ul>\n<li style=\"font-weight: 400;\" aria-level=\"1\"><span style=\"font-weight: 400;\">No <\/span><b>Caminho Sanabr\u00eas<\/b><span style=\"font-weight: 400;\">, os bordados zamoranos e o mel da Serra da Culebra s\u00e3o uma forma saborosa de recordar a passagem por estas terras.<\/span><\/li>\n<\/ul>\n<p>&nbsp;<\/p>\n<ul>\n<li style=\"font-weight: 400;\" aria-level=\"1\"><span style=\"font-weight: 400;\">O <\/span><b>Caminho Ingl\u00eas<\/b><span style=\"font-weight: 400;\">, por sua vez, oferece uma experi\u00eancia mais \u00edntima, perfeita para recolher presentes discretos mas muito emotivos. Por exemplo, livros de peregrinos, cruzes celtas ou artesanato em pedra.<\/span><\/li>\n<\/ul>\n<p>&nbsp;<\/p>\n<p><span style=\"font-weight: 400;\">Lembra-te: cada etapa tem algo a contar, e cada paragem \u00e9 uma oportunidade para levar contigo um peda\u00e7o dessa hist\u00f3ria. Oferece o Caminho\u2026 desde o in\u00edcio at\u00e9 ao fim.<\/span><\/p>\n","protected":false},"excerpt":{"rendered":"<p>Terminar o Caminho de Santiago \u00e9 muito mais do que cruzar uma meta f\u00edsica: \u00e9 fechar um ciclo de transforma\u00e7\u00e3o pessoal. Ao chegar \u00e0 Pra\u00e7a do Obradoiro, com a Catedral \u00e0 frente e o cora\u00e7\u00e3o cheio de emo\u00e7\u00f5es, sente-se a necessidade de partilhar essa viagem interior com aqueles que nos acompanharam, mesmo que \u00e0 dist\u00e2ncia. [&hellip;]<\/p>\n","protected":false},"author":1,"featured_media":119125,"comment_status":"open","ping_status":"open","sticky":false,"template":"","format":"standard","meta":{"footnotes":""},"categories":[590,574,578],"tags":[],"class_list":["post-119143","post","type-post","status-publish","format-standard","has-post-thumbnail","hentry","category-a-mochila","category-blog-do-caminho","category-caminho-a-pe"],"_links":{"self":[{"href":"https:\/\/www.mundiplus.com\/pt-pt\/wp-json\/wp\/v2\/posts\/119143","targetHints":{"allow":["GET"]}}],"collection":[{"href":"https:\/\/www.mundiplus.com\/pt-pt\/wp-json\/wp\/v2\/posts"}],"about":[{"href":"https:\/\/www.mundiplus.com\/pt-pt\/wp-json\/wp\/v2\/types\/post"}],"author":[{"embeddable":true,"href":"https:\/\/www.mundiplus.com\/pt-pt\/wp-json\/wp\/v2\/users\/1"}],"replies":[{"embeddable":true,"href":"https:\/\/www.mundiplus.com\/pt-pt\/wp-json\/wp\/v2\/comments?post=119143"}],"version-history":[{"count":1,"href":"https:\/\/www.mundiplus.com\/pt-pt\/wp-json\/wp\/v2\/posts\/119143\/revisions"}],"predecessor-version":[{"id":129322,"href":"https:\/\/www.mundiplus.com\/pt-pt\/wp-json\/wp\/v2\/posts\/119143\/revisions\/129322"}],"wp:featuredmedia":[{"embeddable":true,"href":"https:\/\/www.mundiplus.com\/pt-pt\/wp-json\/wp\/v2\/media\/119125"}],"wp:attachment":[{"href":"https:\/\/www.mundiplus.com\/pt-pt\/wp-json\/wp\/v2\/media?parent=119143"}],"wp:term":[{"taxonomy":"category","embeddable":true,"href":"https:\/\/www.mundiplus.com\/pt-pt\/wp-json\/wp\/v2\/categories?post=119143"},{"taxonomy":"post_tag","embeddable":true,"href":"https:\/\/www.mundiplus.com\/pt-pt\/wp-json\/wp\/v2\/tags?post=119143"}],"curies":[{"name":"wp","href":"https:\/\/api.w.org\/{rel}","templated":true}]}}