{"id":119148,"date":"2025-04-11T18:02:41","date_gmt":"2025-04-11T18:02:41","guid":{"rendered":"https:\/\/www.mundiplus.com\/?p=119148"},"modified":"2026-03-26T15:16:37","modified_gmt":"2026-03-26T15:16:37","slug":"o-que-ver-em-llanes","status":"publish","type":"post","link":"https:\/\/www.mundiplus.com\/pt-pt\/o-que-ver-em-llanes\/","title":{"rendered":"O que ver em Llanes |"},"content":{"rendered":"<p><img fetchpriority=\"high\" decoding=\"async\" class=\"alignnone wp-image-118987 size-full\" src=\"https:\/\/www.mundiplus.com\/wp-content\/uploads\/2025\/04\/Blog-Mundiplus.png\" alt=\"\" width=\"1023\" height=\"539\" srcset=\"https:\/\/www.mundiplus.com\/wp-content\/uploads\/2025\/04\/Blog-Mundiplus.png 1023w, https:\/\/www.mundiplus.com\/wp-content\/uploads\/2025\/04\/Blog-Mundiplus-300x158.png 300w, https:\/\/www.mundiplus.com\/wp-content\/uploads\/2025\/04\/Blog-Mundiplus-768x405.png 768w, https:\/\/www.mundiplus.com\/wp-content\/uploads\/2025\/04\/Blog-Mundiplus-600x316.png 600w\" sizes=\"(max-width: 1023px) 100vw, 1023px\" \/><\/p>\n<p><span style=\"font-weight: 400;\">Situada entre o mar Cant\u00e1brico e os Picos de Europa, <\/span><b>Llanes<\/b><span style=\"font-weight: 400;\"> \u00e9 um dos destinos mais encantadores do norte de Espanha. Esta vila asturiana destaca-se n\u00e3o s\u00f3 pela sua beleza natural e patrim\u00f3nio hist\u00f3rico, mas tamb\u00e9m por ser uma etapa importante do <\/span><b>Caminho de Santiago do Norte<\/b><span style=\"font-weight: 400;\">, uma das rotas jacobeias mais espetaculares pela sua proximidade \u00e0 costa.<\/span><\/p>\n<p><span style=\"font-weight: 400;\">Neste artigo vamos descobrir <\/span><b>tudo o que ver em Llanes<\/b><span style=\"font-weight: 400;\">, desde o seu centro hist\u00f3rico at\u00e9 \u00e0s suas praias selvagens, com especial aten\u00e7\u00e3o ao papel do lugar como ponto-chave para os peregrinos.<\/span><\/p>\n<p>&nbsp;<\/p>\n<h2><b>Llanes no Caminho de Santiago: etapa chave do Caminho do Norte<\/b><\/h2>\n<p><span style=\"font-weight: 400;\">Escolher uma rota do Caminho nem sempre \u00e9 f\u00e1cil, por isso muitos optam por um<\/span> <b>caminho de Santiago organizado<\/b><span style=\"font-weight: 400;\">, o que facilita a log\u00edstica e permite concentrar-se na viv\u00eancia espiritual e cultural. Este tipo de servi\u00e7os est\u00e3o dispon\u00edveis em todas as rotas principais e oferecem apoio constante, transporte de bagagens, alojamentos selecionados e assist\u00eancia em caso de necessidade.<\/span><\/p>\n<p><span style=\"font-weight: 400;\">Escolher come\u00e7ar o<\/span> <b>caminho de Santiago desde Bilbao<\/b><span style=\"font-weight: 400;\"> permite desfrutar desde o primeiro dia da arquitetura basca, dos portos pesqueiros e de uma costa recortada de enorme beleza. Mais \u00e0 frente, o<\/span> <b>caminho Santiago desde Ribadeo<\/b><span style=\"font-weight: 400;\">, j\u00e1 na Galiza, oferece uma entrada direta \u00e0 Mari\u00f1a Lucense e ao tramo final desta rota atl\u00e2ntica.<\/span><\/p>\n<p><span style=\"font-weight: 400;\">Cada rota tem as suas particularidades. Por exemplo, o<\/span> <b>caminho Santiago desde Tui<\/b><span style=\"font-weight: 400;\"> \u00e9 uma das op\u00e7\u00f5es mais populares. Principalmente para aqueles que t\u00eam pouco tempo e querem <\/span><b>completar os \u00faltimos 100 quil\u00f3metros at\u00e9 Santiago<\/b><span style=\"font-weight: 400;\">. \u00c9 uma rota bem sinalizada e com um perfil mais suave em compara\u00e7\u00e3o com o Norte. Ideal para quem procura uma <\/span><b>experi\u00eancia mais social ou acess\u00edvel<\/b><span style=\"font-weight: 400;\">.<\/span><\/p>\n<p>&nbsp;<\/p>\n<h2><b>O centro hist\u00f3rico de Llanes: um passeio pela Idade M\u00e9dia<\/b><\/h2>\n<p><span style=\"font-weight: 400;\">Llanes conserva um tra\u00e7ado medieval que convida a ser percorrido sem pressas. O seu centro hist\u00f3rico, declarado <\/span><b>Conjunto Hist\u00f3rico-Art\u00edstico<\/b><span style=\"font-weight: 400;\">, \u00e9 <\/span><b>um dos mais bem preservados das Ast\u00farias<\/b><span style=\"font-weight: 400;\">. Entre ruas empedradas, casas brasoadas e muralhas, o peregrino e o viajante podem conectar-se com s\u00e9culos de hist\u00f3ria.<\/span><\/p>\n<p>&nbsp;<\/p>\n<h3><b>Lugares imprescind\u00edveis<\/b><\/h3>\n<p><img decoding=\"async\" class=\"alignnone wp-image-119105 size-full\" src=\"https:\/\/www.mundiplus.com\/wp-content\/uploads\/2025\/04\/Basilica-de-Santa-Maria-del-Conceyu-Mundiplus.jpg\" alt=\"\" width=\"1024\" height=\"683\" srcset=\"https:\/\/www.mundiplus.com\/wp-content\/uploads\/2025\/04\/Basilica-de-Santa-Maria-del-Conceyu-Mundiplus.jpg 1024w, https:\/\/www.mundiplus.com\/wp-content\/uploads\/2025\/04\/Basilica-de-Santa-Maria-del-Conceyu-Mundiplus-300x200.jpg 300w, https:\/\/www.mundiplus.com\/wp-content\/uploads\/2025\/04\/Basilica-de-Santa-Maria-del-Conceyu-Mundiplus-768x512.jpg 768w, https:\/\/www.mundiplus.com\/wp-content\/uploads\/2025\/04\/Basilica-de-Santa-Maria-del-Conceyu-Mundiplus-600x400.jpg 600w\" sizes=\"(max-width: 1024px) 100vw, 1024px\" \/><\/p>\n<ul>\n<li style=\"font-weight: 400;\" aria-level=\"1\"><b>Basilica de Santa Mar\u00eda del Conceyu<\/b><span style=\"font-weight: 400;\">: esta igreja g\u00f3tica do s\u00e9culo XIII \u00e9 uma das poucas constru\u00e7\u00f5es religiosas de estilo g\u00f3tico que se conservam nas Ast\u00farias. Destaca-se pela sua sobriedade exterior e riqueza interior, com ret\u00e1bulos barrocos e uma estrutura robusta que reflete a import\u00e2ncia de Llanes durante a Idade M\u00e9dia.<\/span><\/li>\n<\/ul>\n<p>&nbsp;<\/p>\n<ul>\n<li style=\"font-weight: 400;\" aria-level=\"1\"><b>Muralhas e Torre\u00e3o<\/b><span style=\"font-weight: 400;\">: constru\u00eddas entre os s\u00e9culos XIII e XV, protegiam a vila de incurs\u00f5es mar\u00edtimas. Ainda hoje se conservam tramos vis\u00edveis e o imponente Torre\u00e3o, que servia de defesa e vigil\u00e2ncia. Atualmente, alberga o posto de turismo.<\/span><\/li>\n<\/ul>\n<p>&nbsp;<\/p>\n<ul>\n<li style=\"font-weight: 400;\" aria-level=\"1\"><b>Pal\u00e1cios<\/b><span style=\"font-weight: 400;\">: espalhados pelo centro hist\u00f3rico, encontramos elegantes pal\u00e1cios como o de Gasta\u00f1aga, de estilo renascentista; o dos Duques de Estrada, com influ\u00eancias barrocas; e a Casa de Rivero. Estas resid\u00eancias senhoriais refletem o esplendor econ\u00f3mico de Llanes nos s\u00e9culos passados.<\/span><\/li>\n<\/ul>\n<p>&nbsp;<\/p>\n<ul>\n<li style=\"font-weight: 400;\" aria-level=\"1\"><b>Pra\u00e7a de Santa Ana<\/b><span style=\"font-weight: 400;\">: esta pra\u00e7a \u00e9 um dos recantos com mais vida do centro hist\u00f3rico. Rodeada de edif\u00edcios tradicionais, acolhe esplanadas, lojas e eventos culturais. No seu centro ergue-se a capela hom\u00f3nima, e todo o ambiente convida ao descanso e \u00e0 observa\u00e7\u00e3o do ritmo di\u00e1rio da vila.<\/span><\/li>\n<\/ul>\n<p>&nbsp;<\/p>\n<h2><b>As praias de Llanes: natureza em estado puro<\/b><\/h2>\n<p><span style=\"font-weight: 400;\">O concelho de Llanes tem <\/span><b>mais de 30 praias<\/b><span style=\"font-weight: 400;\">, muitas delas quase selvagens, que tornam este trecho de costa um dos mais espetaculares do norte da Pen\u00ednsula. Algumas est\u00e3o muito perto do Caminho do Norte, sendo acess\u00edveis para os peregrinos que querem descansar junto ao mar.<\/span><\/p>\n<p>&nbsp;<\/p>\n<h3><b>Praias em destaque<\/b><\/h3>\n<ul>\n<li style=\"font-weight: 400;\" aria-level=\"1\"><b>Praia de Tor\u00f3<\/b><span style=\"font-weight: 400;\">: com as suas caracter\u00edsticas rochas pontiagudas.<\/span><\/li>\n<\/ul>\n<p>&nbsp;<\/p>\n<ul>\n<li style=\"font-weight: 400;\" aria-level=\"1\"><b>Praia de Poo<\/b><span style=\"font-weight: 400;\">: tranquila, ideal para um banho depois de um dia de caminhada.<\/span><\/li>\n<\/ul>\n<p>&nbsp;<\/p>\n<ul>\n<li style=\"font-weight: 400;\" aria-level=\"1\"><b>Praia de Gulpiyuri<\/b><span style=\"font-weight: 400;\">: uma praia interior, classificada como monumento natural.<\/span><\/li>\n<\/ul>\n<p>&nbsp;<\/p>\n<ul>\n<li style=\"font-weight: 400;\" aria-level=\"1\"><b>Praia de Andr\u00edn<\/b><span style=\"font-weight: 400;\">: extensa e rodeada de fal\u00e9sias.<\/span><\/li>\n<\/ul>\n<p>&nbsp;<\/p>\n<p><span style=\"font-weight: 400;\">S\u00e3o locais ideais para se conectar com a natureza, meditar, descansar ou simplesmente desfrutar da paisagem.<\/span><\/p>\n<p>&nbsp;<\/p>\n<h2><b>Monumentos e locais de interesse que n\u00e3o pode perder<\/b><\/h2>\n<p><img decoding=\"async\" class=\"alignnone wp-image-119111 size-full\" src=\"https:\/\/www.mundiplus.com\/wp-content\/uploads\/2025\/04\/Cubos-de-la-Memoria-Mundiplus.jpg\" alt=\"\" width=\"1024\" height=\"683\" srcset=\"https:\/\/www.mundiplus.com\/wp-content\/uploads\/2025\/04\/Cubos-de-la-Memoria-Mundiplus.jpg 1024w, https:\/\/www.mundiplus.com\/wp-content\/uploads\/2025\/04\/Cubos-de-la-Memoria-Mundiplus-300x200.jpg 300w, https:\/\/www.mundiplus.com\/wp-content\/uploads\/2025\/04\/Cubos-de-la-Memoria-Mundiplus-768x512.jpg 768w, https:\/\/www.mundiplus.com\/wp-content\/uploads\/2025\/04\/Cubos-de-la-Memoria-Mundiplus-600x400.jpg 600w\" sizes=\"(max-width: 1024px) 100vw, 1024px\" \/><\/p>\n<p><span style=\"font-weight: 400;\">Para al\u00e9m do centro hist\u00f3rico e das praias, este local conta com espa\u00e7os culturais e naturais de grande valor.<\/span><\/p>\n<ul>\n<li style=\"font-weight: 400;\" aria-level=\"1\"><b>Cubos da Mem\u00f3ria: <\/b><span style=\"font-weight: 400;\">esta obra do artista basco Agust\u00edn Ibarrola transforma o quebra-mar do porto de Llanes numa galeria ao ar livre. Os blocos de bet\u00e3o, decorados com formas, cores e s\u00edmbolos, refletem a mem\u00f3ria coletiva da vila piscat\u00f3ria, a sua hist\u00f3ria, cultura e identidade visual frente ao Cant\u00e1brico.<\/span><\/li>\n<\/ul>\n<p>&nbsp;<\/p>\n<ul>\n<li style=\"font-weight: 400;\" aria-level=\"1\"><b>Passeio de San Pedro<\/b><span style=\"font-weight: 400;\">: constru\u00eddo no s\u00e9culo XIX sobre uma fal\u00e9sia, este passeio ajardinado oferece uma das panor\u00e2micas mais impressionantes de Llanes. Daqui pode-se observar o mar, o porto e os telhados do centro hist\u00f3rico. \u00c9 um lugar perfeito para passeios ao final do dia e desfrutar da brisa marinha.<\/span><\/li>\n<\/ul>\n<p>&nbsp;<\/p>\n<ul>\n<li style=\"font-weight: 400;\" aria-level=\"1\"><b>Capelas e igrejas rurais<\/b><span style=\"font-weight: 400;\">: espalhadas pelo concelho de Llanes, pequenas capelas como a de La Magdalena ou San Ant\u00f3n conservam a arquitetura popular asturiana e s\u00e3o testemunhas de antigas tradi\u00e7\u00f5es religiosas. Muitas est\u00e3o associadas a festas locais e refletem a profunda devo\u00e7\u00e3o que caracteriza a comunidade llanisca.<\/span><\/li>\n<\/ul>\n<p>&nbsp;<\/p>\n<ul>\n<li style=\"font-weight: 400;\" aria-level=\"1\"><b>Museu Etnogr\u00e1fico do Oriente das Ast\u00farias<\/b><span style=\"font-weight: 400;\">: situado na localidade de Porr\u00faa, a apenas alguns minutos de Llanes, este museu recolhe a vida quotidiana das comunidades rurais asturianas. Nele podemos ver ferramentas tradicionais, trajes, utens\u00edlios dom\u00e9sticos e reconstru\u00e7\u00f5es de habita\u00e7\u00f5es, oferecendo um olhar valioso sobre o passado campesino do Oriente Asturiano.<\/span><\/li>\n<\/ul>\n<p>&nbsp;<\/p>\n<h2><b>Festas e tradi\u00e7\u00f5es locais que pode viver se coincidir<\/b><\/h2>\n<p><span style=\"font-weight: 400;\">Este maravilhoso lugar conserva um calend\u00e1rio festivo muito ativo, com celebra\u00e7\u00f5es cheias de cor, m\u00fasica e tradi\u00e7\u00e3o. Se a sua passagem pela vila coincidir com alguma delas, poder\u00e1 desfrutar da hospitalidade asturiana na sua m\u00e1xima express\u00e3o.<\/span><\/p>\n<p><span style=\"font-weight: 400;\">Algumas das festas principais s\u00e3o: <\/span><b>A Magdalena<\/b><span style=\"font-weight: 400;\"> (22 de julho), <\/span><b>S\u00e3o Roque<\/b><span style=\"font-weight: 400;\"> (16 de agosto), <\/span><b>A Virgem do Conceyu<\/b><span style=\"font-weight: 400;\"> (15 de agosto), <\/span><b>Festa do Cristo Rei<\/b><span style=\"font-weight: 400;\"> (setembro).<\/span><\/p>\n<p>&nbsp;<\/p>\n<h2><b>Gastronomia llanisca para recarregar energias<\/b><\/h2>\n<p><span style=\"font-weight: 400;\">A cozinha asturiana \u00e9 famosa pela sua robustez e sabor. Em Llanes, peregrinos e turistas podem desfrutar de pratos tradicionais e produtos locais que ajudam a repor as energias ap\u00f3s uma longa etapa. Alguns pratos t\u00edpicos s\u00e3o a fabada asturiana, o chouri\u00e7o \u00e0 sidra, o queijo de cabrales, os peixes do Cant\u00e1brico, o pastel de cabracho e os bolos pr\u00e9\u00f1ados, ideais para levar na mochila.<\/span><\/p>\n<p>&nbsp;<\/p>\n<h2><b>Rutas e excurs\u00f5es a partir de Llanes para quem fica mais um dia<\/b><\/h2>\n<p><img loading=\"lazy\" decoding=\"async\" class=\"alignnone wp-image-119099 size-full\" src=\"https:\/\/www.mundiplus.com\/wp-content\/uploads\/2025\/04\/Idolo-de-Pena-Tu-Mundiplus.jpg\" alt=\"\" width=\"1024\" height=\"683\" srcset=\"https:\/\/www.mundiplus.com\/wp-content\/uploads\/2025\/04\/Idolo-de-Pena-Tu-Mundiplus.jpg 1024w, https:\/\/www.mundiplus.com\/wp-content\/uploads\/2025\/04\/Idolo-de-Pena-Tu-Mundiplus-300x200.jpg 300w, https:\/\/www.mundiplus.com\/wp-content\/uploads\/2025\/04\/Idolo-de-Pena-Tu-Mundiplus-768x512.jpg 768w, https:\/\/www.mundiplus.com\/wp-content\/uploads\/2025\/04\/Idolo-de-Pena-Tu-Mundiplus-600x400.jpg 600w\" sizes=\"(max-width: 1024px) 100vw, 1024px\" \/><\/p>\n<p><span style=\"font-weight: 400;\">Se decidir fazer uma pausa mais longa em Llanes, pode aproveitar para explorar os seus arredores, repletos de natureza e cultura.<\/span><\/p>\n<ul>\n<li style=\"font-weight: 400;\" aria-level=\"1\"><b>Buf\u00f5es de Pr\u00eda e Arenillas<\/b><span style=\"font-weight: 400;\">: estes fen\u00f3menos geol\u00f3gicos s\u00e3o aut\u00eanticas chamin\u00e9s naturais formadas na rocha calc\u00e1ria, por onde o mar se infiltra sob press\u00e3o. Quando h\u00e1 mar\u00e9 alta ou forte ondula\u00e7\u00e3o, os buf\u00f5es exp\u00f5em colunas de \u00e1gua e produzem um som estrondoso. Um espet\u00e1culo natural \u00fanico que mistura for\u00e7a e beleza.<\/span><\/li>\n<\/ul>\n<p>&nbsp;<\/p>\n<ul>\n<li style=\"font-weight: 400;\" aria-level=\"1\"><b>\u00cddolo de Pe\u00f1a T\u00fa<\/b><span style=\"font-weight: 400;\">: trata-se de um mon\u00f3lito vertical com gravuras e pinturas rupestres, situado numa colina a 12 quil\u00f3metros com magn\u00edficas vistas. Este s\u00edtio megal\u00edtico, datado da Idade do Bronze, \u00e9 um dos mais importantes da regi\u00e3o e permite descobrir as origens mais remotas da arte nas Ast\u00farias.<\/span><\/li>\n<\/ul>\n<p>&nbsp;<\/p>\n<ul>\n<li style=\"font-weight: 400;\" aria-level=\"1\"><b>Rota do Cam\u00edn Encant\u00e1u<\/b><span style=\"font-weight: 400;\">: este trilho circular de cerca de 9 quil\u00f3metros percorre o vale de Ardisana e est\u00e1 salpicado de esculturas da mitologia asturiana: o cu\u00e9lebre, o busgosu, a xana&#8230; \u00c9 ideal para fazer em fam\u00edlia, e combina natureza, lendas locais e um ambiente m\u00e1gico na plena montanha llanisca.<\/span><\/li>\n<\/ul>\n<p>&nbsp;<\/p>\n<ul>\n<li style=\"font-weight: 400;\" aria-level=\"1\"><b>Cavernas pr\u00f3ximas<\/b><span style=\"font-weight: 400;\">: nos arredores de Llanes pode-se visitar cavernas como a do Pindal, Patrim\u00f3nio da Humanidade pelas suas pinturas paleol\u00edticas, ou a caverna de Nueva, com estalactites e estalagmites que mostram a riqueza subterr\u00e2nea da zona. S\u00e3o excurs\u00f5es culturais perfeitas para dias de chuva ou descanso<\/span><\/li>\n<\/ul>\n<p><span style=\"font-weight: 400;\">Llanes \u00e9 muito mais do que uma paragem no Caminho. \u00c9 um lugar onde a hist\u00f3ria, cultura, natureza e espiritualidade se encontram. Seja peregrino ou viajante, aqui encontrar\u00e1 um canto para descansar, contemplar e continuar a caminhar com o cora\u00e7\u00e3o cheio.<\/span><\/p>\n","protected":false},"excerpt":{"rendered":"<p>Situada entre o mar Cant\u00e1brico e os Picos de Europa, Llanes \u00e9 um dos destinos mais encantadores do norte de Espanha. Esta vila asturiana destaca-se n\u00e3o s\u00f3 pela sua beleza natural e patrim\u00f3nio hist\u00f3rico, mas tamb\u00e9m por ser uma etapa importante do Caminho de Santiago do Norte, uma das rotas jacobeias mais espetaculares pela sua [&hellip;]<\/p>\n","protected":false},"author":1,"featured_media":119110,"comment_status":"open","ping_status":"open","sticky":false,"template":"","format":"standard","meta":{"footnotes":""},"categories":[574,578,602],"tags":[],"class_list":["post-119148","post","type-post","status-publish","format-standard","has-post-thumbnail","hentry","category-blog-do-caminho","category-caminho-a-pe","category-vilas-e-comarcas"],"_links":{"self":[{"href":"https:\/\/www.mundiplus.com\/pt-pt\/wp-json\/wp\/v2\/posts\/119148","targetHints":{"allow":["GET"]}}],"collection":[{"href":"https:\/\/www.mundiplus.com\/pt-pt\/wp-json\/wp\/v2\/posts"}],"about":[{"href":"https:\/\/www.mundiplus.com\/pt-pt\/wp-json\/wp\/v2\/types\/post"}],"author":[{"embeddable":true,"href":"https:\/\/www.mundiplus.com\/pt-pt\/wp-json\/wp\/v2\/users\/1"}],"replies":[{"embeddable":true,"href":"https:\/\/www.mundiplus.com\/pt-pt\/wp-json\/wp\/v2\/comments?post=119148"}],"version-history":[{"count":1,"href":"https:\/\/www.mundiplus.com\/pt-pt\/wp-json\/wp\/v2\/posts\/119148\/revisions"}],"predecessor-version":[{"id":129353,"href":"https:\/\/www.mundiplus.com\/pt-pt\/wp-json\/wp\/v2\/posts\/119148\/revisions\/129353"}],"wp:featuredmedia":[{"embeddable":true,"href":"https:\/\/www.mundiplus.com\/pt-pt\/wp-json\/wp\/v2\/media\/119110"}],"wp:attachment":[{"href":"https:\/\/www.mundiplus.com\/pt-pt\/wp-json\/wp\/v2\/media?parent=119148"}],"wp:term":[{"taxonomy":"category","embeddable":true,"href":"https:\/\/www.mundiplus.com\/pt-pt\/wp-json\/wp\/v2\/categories?post=119148"},{"taxonomy":"post_tag","embeddable":true,"href":"https:\/\/www.mundiplus.com\/pt-pt\/wp-json\/wp\/v2\/tags?post=119148"}],"curies":[{"name":"wp","href":"https:\/\/api.w.org\/{rel}","templated":true}]}}