{"id":120286,"date":"2025-05-24T08:29:59","date_gmt":"2025-05-24T08:29:59","guid":{"rendered":"https:\/\/www.mundiplus.com\/?p=120286"},"modified":"2025-05-24T08:31:25","modified_gmt":"2025-05-24T08:31:25","slug":"o-caminho-de-santiago-como-ato-de-cura-mental","status":"publish","type":"post","link":"https:\/\/www.mundiplus.com\/pt-pt\/o-caminho-de-santiago-como-ato-de-cura-mental\/","title":{"rendered":"O Caminho de Santiago como ato de cura mental"},"content":{"rendered":"<p><img fetchpriority=\"high\" decoding=\"async\" class=\"alignnone wp-image-118987 size-full\" src=\"https:\/\/www.mundiplus.com\/wp-content\/uploads\/2025\/04\/Blog-Mundiplus.png\" alt=\"\" width=\"1023\" height=\"539\" srcset=\"https:\/\/www.mundiplus.com\/wp-content\/uploads\/2025\/04\/Blog-Mundiplus.png 1023w, https:\/\/www.mundiplus.com\/wp-content\/uploads\/2025\/04\/Blog-Mundiplus-300x158.png 300w, https:\/\/www.mundiplus.com\/wp-content\/uploads\/2025\/04\/Blog-Mundiplus-768x405.png 768w, https:\/\/www.mundiplus.com\/wp-content\/uploads\/2025\/04\/Blog-Mundiplus-600x316.png 600w\" sizes=\"(max-width: 1023px) 100vw, 1023px\" \/><\/p>\n<p><span style=\"font-weight: 400;\">O Caminho de Santiago tem sido, durante s\u00e9culos, uma rota de peregrina\u00e7\u00e3o espiritual profundamente ligada \u00e0 tradi\u00e7\u00e3o, \u00e0 f\u00e9 e \u00e0 busca pessoal. No entanto, para al\u00e9m do seu valor religioso, nos tempos mais recentes muitos peregrinos o descobriram como um recurso valioso para <\/span><b>melhorar o bem-estar mental<\/b><span style=\"font-weight: 400;\">.<\/span><\/p>\n<p><span style=\"font-weight: 400;\">A experi\u00eancia de percorrer quil\u00f3metros a p\u00e9, entre paisagens naturais e aldeias cheias de hist\u00f3ria, permite-lhe <\/span><b>desconectar do ru\u00eddo quotidiano, reduzir a ansiedade e recuperar o equil\u00edbrio emocional<\/b><span style=\"font-weight: 400;\">. Cada etapa torna-se uma pausa consciente, onde pode organizar os seus pensamentos, observar o seu interior e reconectar-se consigo mesmo.<\/span><\/p>\n<p>&nbsp;<\/p>\n<h2><b>Prepara\u00e7\u00e3o para uma experi\u00eancia transformadora<\/b><\/h2>\n<p><span style=\"font-weight: 400;\">Antes de iniciar esta travessia, \u00e9 essencial uma <\/span><b>prepara\u00e7\u00e3o adequada<\/b><span style=\"font-weight: 400;\">. <\/span><\/p>\n<p><span style=\"font-weight: 400;\">Optar por fazer o <\/span><a href=\"https:\/\/www.mundiplus.com\/pt\/\"><b>Caminho de Santiago organizado<\/b><\/a><span style=\"font-weight: 400;\"> pode ser uma excelente escolha, especialmente se procurar <\/span><b>minimizar preocupa\u00e7\u00f5es log\u00edsticas e concentrar-se na experi\u00eancia pessoal<\/b><span style=\"font-weight: 400;\">. Estas rotas organizadas costumam incluir alojamento, transporte de bagagem e assist\u00eancia em caso de necessidade, permitindo-lhe concentrar-se no seu bem-estar mental.<\/span><\/p>\n<p><span style=\"font-weight: 400;\">Al\u00e9m disso, \u00e9 recomend\u00e1vel<\/span><b> estabelecer objetivos pessoais claros<\/b><span style=\"font-weight: 400;\">. Est\u00e1 a tentar superar uma fase dif\u00edcil da sua vida? Deseja encontrar clareza nos seus pensamentos? Definir as suas inten\u00e7\u00f5es ajudar\u00e1 a tirar o m\u00e1ximo proveito desta experi\u00eancia.<\/span><\/p>\n<p>&nbsp;<\/p>\n<h2><b>Rutas alternativas se procura desconex\u00e3o e tranquilidade<\/b><\/h2>\n<p><span style=\"font-weight: 400;\">Se a sua prioridade \u00e9 encontrar calma e caminhar sem pressas, existem v\u00e1rias <\/span><b>rotas menos frequentadas<\/b><span style=\"font-weight: 400;\"> que podem adaptar-se melhor ao que precisa. Estas rotas mant\u00eam a ess\u00eancia do Caminho de Santiago, mas oferecem uma experi\u00eancia mais \u00edntima:<\/span><\/p>\n<ul>\n<li style=\"font-weight: 400;\" aria-level=\"1\"><a href=\"https:\/\/www.mundiplus.com\/pt\/caminos\/a-pie\/camino-de-santiago-desde-ribadeo\/\"><b>Caminho Ribadeo Santiago<\/b><\/a><span style=\"font-weight: 400;\">: o trecho final do Caminho do Norte parte da costa lucense e atravessa uma paisagem que alterna mar e montanha. \u00c9 uma boa op\u00e7\u00e3o se quiser iniciar a rota num ambiente atl\u00e2ntico, com menos aglomera\u00e7\u00f5es e uma forte conex\u00e3o com a cultura galega.<\/span><\/li>\n<\/ul>\n<p>&nbsp;<\/p>\n<ul>\n<li style=\"font-weight: 400;\" aria-level=\"1\"><a href=\"https:\/\/www.mundiplus.com\/pt\/caminos\/a-pie\/camino-norte\/camino-de-santiago-desde-bilbao\/\"><b>Caminho de Santiago Bilbao<\/b><\/a><span style=\"font-weight: 400;\">: embora muitas pessoas se juntem ao Caminho do Norte em Ir\u00fan, faz\u00ea-lo a partir de Bilbao pode ser uma alternativa atrativa. Vai poder desfrutar de uma primeira etapa urbana e cultural antes de se aventurar por zonas rurais mais tranquilas. Al\u00e9m disso, \u00e9 f\u00e1cil de organizar se tiver pouco tempo.<\/span><\/li>\n<\/ul>\n<p>&nbsp;<\/p>\n<ul>\n<li style=\"font-weight: 400;\" aria-level=\"1\"><a href=\"https:\/\/www.mundiplus.com\/pt\/caminos\/a-pie\/camino-portugues\/camino-de-santiago-desde-tui\/\"><b>Caminho de Tui a Santiago<\/b><\/a><span style=\"font-weight: 400;\">: \u00e9 um dos trechos mais conhecidos do Caminho Portugu\u00eas. Apesar da sua popularidade, continua a ser acess\u00edvel se procurar uma experi\u00eancia de medita\u00e7\u00e3o em movimento. S\u00e3o aproximadamente 100 km, o que o torna uma op\u00e7\u00e3o pr\u00e1tica para uma desconex\u00e3o breve mas significativa.<\/span><\/li>\n<\/ul>\n<p>&nbsp;<\/p>\n<ul>\n<li style=\"font-weight: 400;\" aria-level=\"1\"><b>Caminho Primitivo desde Lugo<\/b><span style=\"font-weight: 400;\">: considerado o mais antigo e um dos mais exigentes fisicamente, este caminho atravessa paisagens montanhosas e rotas solit\u00e1rias. \u00c9 ideal se procurar introspe\u00e7\u00e3o num ambiente natural puro e menos frequentado.<\/span><\/li>\n<\/ul>\n<p>&nbsp;<\/p>\n<ul>\n<li style=\"font-weight: 400;\" aria-level=\"1\"><b>Caminho a Finisterre e Mux\u00eda<\/b><span style=\"font-weight: 400;\">: este percurso parte de Santiago em dire\u00e7\u00e3o \u00e0 costa, com destino final no m\u00edtico cabo Finisterre ou no santu\u00e1rio da Virgem da Barca. Muitos peregrinos o fazem depois de completar o Caminho principal como forma de encerramento simb\u00f3lico ou busca de paz em frente ao oceano.<\/span><\/li>\n<\/ul>\n<p>&nbsp;<\/p>\n<ul>\n<li style=\"font-weight: 400;\" aria-level=\"1\"><b>Caminho de Santiago desde Ourense<\/b><span style=\"font-weight: 400;\">: pertence ao Caminho Sanabr\u00eas e destaca-se pelas suas paisagens verdes, aldeias encantadoras e termas naturais. Uma rota menos saturada que combina muito bem o contacto com a natureza e o cuidado do corpo.<\/span><\/li>\n<\/ul>\n<p>&nbsp;<\/p>\n<h2><b>Benef\u00edcios psicol\u00f3gicos do Caminho<\/b><\/h2>\n<p><img decoding=\"async\" class=\"alignnone wp-image-120229 size-full\" src=\"https:\/\/www.mundiplus.com\/wp-content\/uploads\/2025\/05\/Beneficios-psicologicos-del-Camino-Mundiplus.jpg\" alt=\"\" width=\"1000\" height=\"667\" srcset=\"https:\/\/www.mundiplus.com\/wp-content\/uploads\/2025\/05\/Beneficios-psicologicos-del-Camino-Mundiplus.jpg 1000w, https:\/\/www.mundiplus.com\/wp-content\/uploads\/2025\/05\/Beneficios-psicologicos-del-Camino-Mundiplus-300x200.jpg 300w, https:\/\/www.mundiplus.com\/wp-content\/uploads\/2025\/05\/Beneficios-psicologicos-del-Camino-Mundiplus-768x512.jpg 768w, https:\/\/www.mundiplus.com\/wp-content\/uploads\/2025\/05\/Beneficios-psicologicos-del-Camino-Mundiplus-600x400.jpg 600w\" sizes=\"(max-width: 1000px) 100vw, 1000px\" \/><\/p>\n<p><span style=\"font-weight: 400;\">O Caminho de Santiago pode tornar-se uma poderosa ferramenta de <\/span><b>autocuidado emocional<\/b><span style=\"font-weight: 400;\">. <\/span><\/p>\n<p><span style=\"font-weight: 400;\">N\u00e3o \u00e9 necess\u00e1rio estar numa situa\u00e7\u00e3o limite para beneficiar dos seus efeitos: basta ter a disposi\u00e7\u00e3o de fazer uma pausa, observar-se e permitir-se viver o percurso sem pressas nem press\u00f5es externas. Diversos estudos em psicologia ambiental e sa\u00fade mental t\u00eam associado o<\/span><b> caminhar em ambientes naturais com melhorias significativas no bem-estar emocional<\/b><span style=\"font-weight: 400;\">.<\/span><\/p>\n<p><span style=\"font-weight: 400;\">Ao percorrer quil\u00f3metros de paisagens abertas, florestas, aldeias ou zonas rurais, <\/span><b>a tua mente liberta-se da sobrecarga t\u00edpica do dia a dia<\/b><span style=\"font-weight: 400;\">. Os n\u00edveis de cortisol diminuem e favorece-se uma maior produ\u00e7\u00e3o de serotonina, a chamada hormona do bem-estar. Este equil\u00edbrio fisiol\u00f3gico traduz-se numa menor presen\u00e7a de ansiedade, numa melhoria do sono e num maior foco mental.<\/span><\/p>\n<p><span style=\"font-weight: 400;\">Al\u00e9m disso, completar etapas gera uma <\/span><b>sensa\u00e7\u00e3o de conquista progressiva que fortalece a tua autoestima<\/b><span style=\"font-weight: 400;\">. N\u00e3o \u00e9 s\u00f3 o destino que conta, mas a tua capacidade de manter um compromisso contigo mesmo.<\/span><\/p>\n<p>&nbsp;<\/p>\n<h2><b>Conex\u00e3o com outros peregrinos<\/b><\/h2>\n<p><img decoding=\"async\" class=\"alignnone wp-image-120235 size-full\" src=\"https:\/\/www.mundiplus.com\/wp-content\/uploads\/2025\/05\/Conexion-con-otros-peregrinos-Mundiplus.jpg\" alt=\"\" width=\"1000\" height=\"667\" srcset=\"https:\/\/www.mundiplus.com\/wp-content\/uploads\/2025\/05\/Conexion-con-otros-peregrinos-Mundiplus.jpg 1000w, https:\/\/www.mundiplus.com\/wp-content\/uploads\/2025\/05\/Conexion-con-otros-peregrinos-Mundiplus-300x200.jpg 300w, https:\/\/www.mundiplus.com\/wp-content\/uploads\/2025\/05\/Conexion-con-otros-peregrinos-Mundiplus-768x512.jpg 768w, https:\/\/www.mundiplus.com\/wp-content\/uploads\/2025\/05\/Conexion-con-otros-peregrinos-Mundiplus-600x400.jpg 600w\" sizes=\"(max-width: 1000px) 100vw, 1000px\" \/><\/p>\n<p><span style=\"font-weight: 400;\">No Caminho de Santiago, encontrar\u00e1s sempre algu\u00e9m. Pelo contr\u00e1rio, fazes parte de uma rede espont\u00e2nea de pessoas com motiva\u00e7\u00f5es diferentes, mas com algo em comum: <\/span><b>o desejo de avan\u00e7ar, f\u00edsica e emocionalmente<\/b><span style=\"font-weight: 400;\">. Esta conviv\u00eancia, embora breve, permite-te conectar de forma aut\u00eantica, sem etiquetas nem pap\u00e9is sociais.<\/span><\/p>\n<p><span style=\"font-weight: 400;\">As conversas com outros peregrinos podem surgir numa fonte, durante um jantar partilhado ou durante um longo trajeto. Estas conversas, muitas vezes simples, podem ter um impacto mais profundo do que imaginas. Ouvir a hist\u00f3ria de algu\u00e9m que atravessa um luto, uma mudan\u00e7a de vida ou uma fase de incerteza gera um <\/span><b>efeito espelho que convida \u00e0 empatia<\/b><span style=\"font-weight: 400;\">. Ao mesmo tempo, verbalizar o teu pr\u00f3prio processo pode ajudar-te a ordenar pensamentos e a libertar tens\u00f5es.<\/span><\/p>\n<p><span style=\"font-weight: 400;\">Ao contr\u00e1rio de outros contextos sociais, aqui <\/span><b>n\u00e3o h\u00e1 urg\u00eancia em impressionar<\/b><span style=\"font-weight: 400;\">. O ambiente favorece uma conex\u00e3o humana real, e isso refor\u00e7a o sentido de comunidade, algo que muitas pessoas sentem falta na sua vida quotidiana.<\/span><\/p>\n<p>&nbsp;<\/p>\n<h2><b>Integra\u00e7\u00e3o da experi\u00eancia na vida di\u00e1ria<\/b><\/h2>\n<p><img loading=\"lazy\" decoding=\"async\" class=\"alignnone wp-image-120223 size-full\" src=\"https:\/\/www.mundiplus.com\/wp-content\/uploads\/2025\/05\/Diario-en-el-Camino-de-Santiago-Mundiplus.jpg\" alt=\"\" width=\"1000\" height=\"667\" srcset=\"https:\/\/www.mundiplus.com\/wp-content\/uploads\/2025\/05\/Diario-en-el-Camino-de-Santiago-Mundiplus.jpg 1000w, https:\/\/www.mundiplus.com\/wp-content\/uploads\/2025\/05\/Diario-en-el-Camino-de-Santiago-Mundiplus-300x200.jpg 300w, https:\/\/www.mundiplus.com\/wp-content\/uploads\/2025\/05\/Diario-en-el-Camino-de-Santiago-Mundiplus-768x512.jpg 768w, https:\/\/www.mundiplus.com\/wp-content\/uploads\/2025\/05\/Diario-en-el-Camino-de-Santiago-Mundiplus-600x400.jpg 600w\" sizes=\"(max-width: 1000px) 100vw, 1000px\" \/><\/p>\n<p><span style=\"font-weight: 400;\">O Caminho n\u00e3o termina quando chegas \u00e0 catedral de Santiago nem ao fechares a mochila. O mais importante \u00e9<\/span><b> como decides aplicar o aprendido uma vez de volta a casa<\/b><span style=\"font-weight: 400;\">.\u00a0<\/span><\/p>\n<p><span style=\"font-weight: 400;\">Se durante o percurso descobrires que caminhar limpa a tua mente, tenta conservar esse h\u00e1bito integrando-o na tua rotina, mesmo que seja com passeios curtos. Se notares que dormir sem notifica\u00e7\u00f5es no telem\u00f3vel te ajuda a descansar melhor, talvez seja o momento de repensar a tua rela\u00e7\u00e3o com a tecnologia.<\/span><\/p>\n<p><span style=\"font-weight: 400;\">Tamb\u00e9m podes levar um <\/span><b>pequeno di\u00e1rio<\/b><span style=\"font-weight: 400;\"> onde escrevas reflex\u00f5es ou emo\u00e7\u00f5es, tal como fazias durante a peregrina\u00e7\u00e3o. Este exerc\u00edcio favorece a autocompreens\u00e3o e permite-te manter uma conex\u00e3o com o vivido. Por outro lado, falar com pessoas pr\u00f3ximas sobre a tua experi\u00eancia n\u00e3o s\u00f3 refor\u00e7ar\u00e1 o teu pr\u00f3prio aprendizado, como tamb\u00e9m pode inspirar outros.<\/span><\/p>\n<p><span style=\"font-weight: 400;\">Algumas pessoas at\u00e9 decidem repetir o Caminho anos mais tarde, em diferentes etapas da sua vida, como uma <\/span><b>forma de fazer balan\u00e7o<\/b><span style=\"font-weight: 400;\">. Podes fazer o mesmo ou simplesmente deixar que o aprendido te acompanhe em pequenos gestos: respirar com calma, observar sem julgamento e caminhar com inten\u00e7\u00e3o. O valor do Caminho est\u00e1 em como o integras na tua forma de viver.<\/span><\/p>\n<p>&nbsp;<\/p>\n<h2><b>Recursos e apoio para a tua viagem<\/b><\/h2>\n<p><span style=\"font-weight: 400;\">Preparar-te bem \u00e9 essencial para desfrutar do Caminho de Santiago de forma consciente e segura. Hoje tens \u00e0 tua disposi\u00e7\u00e3o uma grande variedade de ferramentas que podem tornar a tua experi\u00eancia mais simples.\u00a0<\/span><\/p>\n<p><span style=\"font-weight: 400;\">As <\/span><b>guias f\u00edsicas <\/b><span style=\"font-weight: 400;\">continuam a ser \u00fateis, especialmente se gostares de marcar etapas ou consultar informa\u00e7\u00f5es sem depender do telem\u00f3vel. No entanto, tamb\u00e9m encontrar\u00e1s <\/span><b>aplica\u00e7\u00f5es<\/b><span style=\"font-weight: 400;\"> espec\u00edficas que te ajudam a escolher a melhor rota, localizar alojamentos dispon\u00edveis ou ler avalia\u00e7\u00f5es de outros caminhantes.<\/span><\/p>\n<p><span style=\"font-weight: 400;\">Em muitas cidades existem <\/span><b>associa\u00e7\u00f5es de antigos peregrinos<\/b><span style=\"font-weight: 400;\"> que organizam palestras, workshops ou encontros informativos. Se te interessa um enfoque mais guiado, podes recorrer a uma ag\u00eancia que ofere\u00e7a um Caminho de Santiago organizado, ideal se preferires n\u00e3o te preocupar com reservas, transporte de mochilas ou procura de alojamentos.<\/span><\/p>\n<p><span style=\"font-weight: 400;\">As <\/span><b>redes sociais<\/b><span style=\"font-weight: 400;\"> e os <\/span><b>f\u00f3runs<\/b><span style=\"font-weight: 400;\"> tamb\u00e9m te podem ajudar a resolver d\u00favidas ou encontrar companhia. Existem comunidades muito ativas onde podes partilhar expectativas, receber conselhos pr\u00e1ticos ou simplesmente conectar-te com outras pessoas que est\u00e3o numa fase semelhante.<\/span><\/p>\n","protected":false},"excerpt":{"rendered":"<p>O Caminho de Santiago tem sido, durante s\u00e9culos, uma rota de peregrina\u00e7\u00e3o espiritual profundamente ligada \u00e0 tradi\u00e7\u00e3o, \u00e0 f\u00e9 e \u00e0 busca pessoal. No entanto, para al\u00e9m do seu valor religioso, nos tempos mais recentes muitos peregrinos o descobriram como um recurso valioso para melhorar o bem-estar mental. A experi\u00eancia de percorrer quil\u00f3metros a p\u00e9, [&hellip;]<\/p>\n","protected":false},"author":1,"featured_media":120234,"comment_status":"open","ping_status":"open","sticky":false,"template":"","format":"standard","meta":{"footnotes":""},"categories":[574,578,598],"tags":[],"class_list":["post-120286","post","type-post","status-publish","format-standard","has-post-thumbnail","hentry","category-blog-do-caminho","category-caminho-a-pe","category-preparativos-para-a-viagem"],"_links":{"self":[{"href":"https:\/\/www.mundiplus.com\/pt-pt\/wp-json\/wp\/v2\/posts\/120286","targetHints":{"allow":["GET"]}}],"collection":[{"href":"https:\/\/www.mundiplus.com\/pt-pt\/wp-json\/wp\/v2\/posts"}],"about":[{"href":"https:\/\/www.mundiplus.com\/pt-pt\/wp-json\/wp\/v2\/types\/post"}],"author":[{"embeddable":true,"href":"https:\/\/www.mundiplus.com\/pt-pt\/wp-json\/wp\/v2\/users\/1"}],"replies":[{"embeddable":true,"href":"https:\/\/www.mundiplus.com\/pt-pt\/wp-json\/wp\/v2\/comments?post=120286"}],"version-history":[{"count":1,"href":"https:\/\/www.mundiplus.com\/pt-pt\/wp-json\/wp\/v2\/posts\/120286\/revisions"}],"predecessor-version":[{"id":120292,"href":"https:\/\/www.mundiplus.com\/pt-pt\/wp-json\/wp\/v2\/posts\/120286\/revisions\/120292"}],"wp:featuredmedia":[{"embeddable":true,"href":"https:\/\/www.mundiplus.com\/pt-pt\/wp-json\/wp\/v2\/media\/120234"}],"wp:attachment":[{"href":"https:\/\/www.mundiplus.com\/pt-pt\/wp-json\/wp\/v2\/media?parent=120286"}],"wp:term":[{"taxonomy":"category","embeddable":true,"href":"https:\/\/www.mundiplus.com\/pt-pt\/wp-json\/wp\/v2\/categories?post=120286"},{"taxonomy":"post_tag","embeddable":true,"href":"https:\/\/www.mundiplus.com\/pt-pt\/wp-json\/wp\/v2\/tags?post=120286"}],"curies":[{"name":"wp","href":"https:\/\/api.w.org\/{rel}","templated":true}]}}