{"id":120370,"date":"2025-05-28T17:03:26","date_gmt":"2025-05-28T17:03:26","guid":{"rendered":"https:\/\/www.mundiplus.com\/?p=120370"},"modified":"2026-03-26T11:22:49","modified_gmt":"2026-03-26T11:22:49","slug":"o-que-sao-horreos","status":"publish","type":"post","link":"https:\/\/www.mundiplus.com\/pt-pt\/quais-sao-os-horreos-do-caminho-de-santiago\/","title":{"rendered":"O que s\u00e3o h\u00f3rreos?"},"content":{"rendered":"<p><img fetchpriority=\"high\" decoding=\"async\" class=\"alignnone wp-image-118987 size-full\" src=\"https:\/\/www.mundiplus.com\/wp-content\/uploads\/2025\/04\/Blog-Mundiplus.png\" alt=\"\" width=\"1023\" height=\"539\" srcset=\"https:\/\/www.mundiplus.com\/wp-content\/uploads\/2025\/04\/Blog-Mundiplus.png 1023w, https:\/\/www.mundiplus.com\/wp-content\/uploads\/2025\/04\/Blog-Mundiplus-300x158.png 300w, https:\/\/www.mundiplus.com\/wp-content\/uploads\/2025\/04\/Blog-Mundiplus-768x405.png 768w, https:\/\/www.mundiplus.com\/wp-content\/uploads\/2025\/04\/Blog-Mundiplus-600x316.png 600w\" sizes=\"(max-width: 1023px) 100vw, 1023px\" \/><\/p>\n<p><span style=\"font-weight: 400;\">Entre montanhas verdes e trilhos ancestrais, surgem silenciosos os<\/span><b> espigueiros<\/b><span style=\"font-weight: 400;\">, enigm\u00e1ticas <\/span><b>constru\u00e7\u00f5es de madeira e pedra<\/b><span style=\"font-weight: 400;\"> que guardam segredos do passado e aromas do presente. Para muitos peregrinos do Caminho de Santiago, a sua imagem \u00e9 t\u00e3o ic\u00f3nica como as vieiras jacobinas ou os marcos amarelos.<\/span><\/p>\n<p><span style=\"font-weight: 400;\">Mas, <\/span><b>o que s\u00e3o realmente?<\/b> <b>Porque aparecem em tantas aldeias do norte de Espanha?<\/b><span style=\"font-weight: 400;\"> Este artigo convida-te a descobrir a sua hist\u00f3ria, a sua rela\u00e7\u00e3o com o Caminho de Santiago e porque deverias inclu\u00ed-los no teu pr\u00f3ximo itiner\u00e1rio.<\/span><\/p>\n<p><span style=\"font-weight: 400;\">Se amas a tradi\u00e7\u00e3o, a arquitetura rural e os destinos aut\u00eanticos, os espigueiros t\u00eam muito para contar.<\/span><\/p>\n<p>&nbsp;<\/p>\n<h2><b>Hist\u00f3ria dos espigueiros: guardi\u00f5es do gr\u00e3o e do tempo<\/b><\/h2>\n<p><span style=\"font-weight: 400;\">A origem dos espigueiros remonta a <\/span><b>\u00e9pocas pr\u00e9-romanas<\/b><span style=\"font-weight: 400;\">, embora o seu desenvolvimento mais conhecido situe-se na <\/span><b>Idade M\u00e9dia<\/b><span style=\"font-weight: 400;\">. Tratam-se de constru\u00e7\u00f5es tradicionais destinadas a <\/span><b>armazenar o gr\u00e3o e outros produtos agr\u00edcolas<\/b><span style=\"font-weight: 400;\">, mantendo-os secos e protegidos contra roedores e intemp\u00e9ries. <\/span><\/p>\n<p><span style=\"font-weight: 400;\">A sua estrutura elevada, <\/span><b>assente em pilares<\/b><span style=\"font-weight: 400;\"> (pegollos), com lajes horizontais que evitam a passagem de animais, reflete uma solu\u00e7\u00e3o pr\u00e1tica que perdurou s\u00e9culos.<\/span><\/p>\n<p><span style=\"font-weight: 400;\">Os vest\u00edgios escritos mais antigos aparecem em documentos medievais da <\/span><b>Galiza e Ast\u00farias<\/b><span style=\"font-weight: 400;\">. No entanto, estudos arqueol\u00f3gicos sugerem que os seus predecessores poderiam existir <\/span><b>desde a cultura castreja<\/b><span style=\"font-weight: 400;\">.<\/span><\/p>\n<p><span style=\"font-weight: 400;\">Com o tempo, <\/span><b>a tipologia adaptou-se a cada regi\u00e3o<\/b><span style=\"font-weight: 400;\">: na Galiza predominam os espigueiros de pedra e madeira, com telhados a duas \u00e1guas, enquanto nas Ast\u00farias desenvolveram-se tamb\u00e9m as paneras (maiores e com telhado a quatro \u00e1guas).<\/span><\/p>\n<p><span style=\"font-weight: 400;\">Para al\u00e9m da sua fun\u00e7\u00e3o econ\u00f3mica, adquiriram uma dimens\u00e3o simb\u00f3lica: eram sinal de <\/span><b>prosperidade familiar, heran\u00e7a, identidade cultural<\/b><span style=\"font-weight: 400;\"> e, em muitos casos, at\u00e9 elementos de prest\u00edgio.<\/span><\/p>\n<p>&nbsp;<\/p>\n<h2><b>Espigueiros nas diferentes rotas do Caminho de Santiago<\/b><\/h2>\n<p><span style=\"font-weight: 400;\">Os espigueiros s\u00e3o um elemento ic\u00f3nico da paisagem rural galega, mas nem todas as rotas do Caminho de Santiago os atravessam da mesma forma. A sua presen\u00e7a depende de fatores geogr\u00e1ficos, culturais e arquitet\u00f3nicos que variam conforme o itiner\u00e1rio escolhido.<\/span><\/p>\n<p><span style=\"font-weight: 400;\">Por exemplo, no<\/span> <b>Caminho Ribadeo Santiago<\/b><span style=\"font-weight: 400;\">, que percorre o norte de Lugo, s\u00e3o <\/span><b>frequentes desde os primeiros dias<\/b><span style=\"font-weight: 400;\">, especialmente em aldeias como <\/span><b>Vilela, Gond\u00e1n<\/b><span style=\"font-weight: 400;\"> ou <\/span><b>San Xusto<\/b><span style=\"font-weight: 400;\">. Aparecem junto a casas de pedra, entre pastagens e florestas, fazendo parte do quotidiano do peregrino.<\/span><\/p>\n<p><span style=\"font-weight: 400;\">Por outro lado, no mesmo Caminho do Norte, concretamente no <\/span><b>Caminho de Santiago Bilbao<\/b> <b>at\u00e9 Santander<\/b><span style=\"font-weight: 400;\">, o percurso caracteriza-se mais pela arquitetura basca, caserios e estruturas pecu\u00e1rias. S\u00f3 ao entrar em Cant\u00e1bria e, depois, na Galiza, \u00e9 que come\u00e7am a aparecer alguns.<\/span><\/p>\n<p><span style=\"font-weight: 400;\">No <\/span><b>Caminho Franc\u00eas<\/b><span style=\"font-weight: 400;\"> e no <\/span><b>Caminho Primitivo<\/b><span style=\"font-weight: 400;\">, j\u00e1 em terras galegas, os espigueiros fazem parte da paisagem rural <\/span><b>h\u00e1 s\u00e9culos<\/b><span style=\"font-weight: 400;\">. Surgem junto a caminhos empedrados, em pequenas aldeias. Em locais como Palas de Rei, Triacastela ou A Fonsagrada, estes elementos n\u00e3o s\u00f3 sobrevivem: <\/span><b>ainda s\u00e3o usados<\/b><span style=\"font-weight: 400;\"> ou preservados como s\u00edmbolo de identidade local.<\/span><\/p>\n<p><span style=\"font-weight: 400;\">No <\/span><b>Caminho Ingl\u00eas<\/b><span style=\"font-weight: 400;\">, tamb\u00e9m est\u00e3o presentes, especialmente <\/span><b>na segunda metade do percurso<\/b><span style=\"font-weight: 400;\">. A proximidade do mar, os vales verdes e as pequenas aldeias galegas criam o cen\u00e1rio perfeito para os encontrar ao longo da trilha.<\/span><\/p>\n<p>&nbsp;<\/p>\n<h2><b>Espigueiros de interesse no Caminho de Santiago<\/b><\/h2>\n<p><span style=\"font-weight: 400;\">Alguns espigueiros alcan\u00e7aram fama pr\u00f3pria pela sua beleza, tamanho ou localiza\u00e7\u00e3o singular. Se vais fazer a <\/span><b>viagem pelo Caminho de Santiago<\/b><span style=\"font-weight: 400;\">, apresentamos alguns dos mais interessantes que podes visitar durante a tua peregrina\u00e7\u00e3o:<\/span><\/p>\n<p>&nbsp;<\/p>\n<h3><b>Espigueiros de Combarro (Pontevedra)<\/b><\/h3>\n<p><img decoding=\"async\" class=\"alignnone wp-image-120353 size-full\" src=\"https:\/\/www.mundiplus.com\/wp-content\/uploads\/2025\/05\/Horreos-de-Combarro-Mundiplus.jpg\" alt=\"\" width=\"1024\" height=\"768\" srcset=\"https:\/\/www.mundiplus.com\/wp-content\/uploads\/2025\/05\/Horreos-de-Combarro-Mundiplus.jpg 1024w, https:\/\/www.mundiplus.com\/wp-content\/uploads\/2025\/05\/Horreos-de-Combarro-Mundiplus-300x225.jpg 300w, https:\/\/www.mundiplus.com\/wp-content\/uploads\/2025\/05\/Horreos-de-Combarro-Mundiplus-768x576.jpg 768w, https:\/\/www.mundiplus.com\/wp-content\/uploads\/2025\/05\/Horreos-de-Combarro-Mundiplus-600x450.jpg 600w\" sizes=\"(max-width: 1024px) 100vw, 1024px\" \/><\/p>\n<p><span style=\"font-weight: 400;\">Situados literalmente <\/span><b>\u00e0 beira-mar<\/b><span style=\"font-weight: 400;\">, s\u00e3o dos mais fotografados da Galiza. Embora <\/span><b>n\u00e3o fa\u00e7am parte direta das rotas tradicionais do Caminho<\/b><span style=\"font-weight: 400;\">, a sua proximidade ao <\/span><b>Caminho de Tui a Santiago<\/b><span style=\"font-weight: 400;\"> torna-os uma paragem opcional imprescind\u00edvel.<\/span><\/p>\n<p>&nbsp;<\/p>\n<h3><b>H\u00f3rreo de Carnota (A Coru\u00f1a)<\/b><\/h3>\n<p><img decoding=\"async\" class=\"alignnone wp-image-120347 size-full\" src=\"https:\/\/www.mundiplus.com\/wp-content\/uploads\/2025\/05\/Horreo-de-Carnota-Mundiplus.jpg\" alt=\"\" width=\"1024\" height=\"768\" srcset=\"https:\/\/www.mundiplus.com\/wp-content\/uploads\/2025\/05\/Horreo-de-Carnota-Mundiplus.jpg 1024w, https:\/\/www.mundiplus.com\/wp-content\/uploads\/2025\/05\/Horreo-de-Carnota-Mundiplus-300x225.jpg 300w, https:\/\/www.mundiplus.com\/wp-content\/uploads\/2025\/05\/Horreo-de-Carnota-Mundiplus-768x576.jpg 768w, https:\/\/www.mundiplus.com\/wp-content\/uploads\/2025\/05\/Horreo-de-Carnota-Mundiplus-600x450.jpg 600w\" sizes=\"(max-width: 1024px) 100vw, 1024px\" \/><\/p>\n<p><span style=\"font-weight: 400;\">Com <\/span><b>mais de 34 metros de comprimento<\/b><span style=\"font-weight: 400;\">, este \u00e9 um dos mais longos da Galiza e de toda a Espanha. Situado no Caminho de Fisterra, representa um aut\u00eantico monumento etnogr\u00e1fico. Junto a ele encontra-se outro de menor tamanho, formando um conjunto \u00fanico.<\/span><\/p>\n<p>&nbsp;<\/p>\n<h3><b>H\u00f3rreos de Piornedo (Lugo)<\/b><\/h3>\n<p><span style=\"font-weight: 400;\">No cora\u00e7\u00e3o dos Ancares,<\/span><b> Piornedo \u00e9 uma aldeia-museu<\/b><span style=\"font-weight: 400;\"> onde as pallozas e os h\u00f3rreos convivem como nos tempos antigos. Embora esteja afastada do tra\u00e7ado principal do Caminho, \u00e9 um desvio muito recomendado para os amantes da arquitectura tradicional.<\/span><\/p>\n<p>&nbsp;<\/p>\n<h3><b>H\u00f3rreo de Lira (Carnota)<\/b><\/h3>\n<p><span style=\"font-weight: 400;\">De estrutura semelhante \u00e0 de Carnota, mas com uma localiza\u00e7\u00e3o mais tranquila, tamb\u00e9m <\/span><b>impressiona pelo seu comprimento e conserva\u00e7\u00e3o<\/b><span style=\"font-weight: 400;\">. O seu entorno \u00e9 perfeito para o descanso e a contempla\u00e7\u00e3o ap\u00f3s alguns dias de caminhada.<\/span><\/p>\n<p>&nbsp;<\/p>\n<h3><b>H\u00f3rreo de Ara\u00f1o (Rianxo, A Coru\u00f1a)<\/b><\/h3>\n<p><span style=\"font-weight: 400;\">Considerado o mais longo da Galiza, com <\/span><b>37,05 metros de comprimento<\/b><span style=\"font-weight: 400;\">, destaca-se pelo seu tamanho impressionante e pelo excelente estado de conserva\u00e7\u00e3o. Encontra-se perto do Caminho Portugu\u00eas.<\/span><\/p>\n<p>&nbsp;<\/p>\n<h3><b>Conjunto de h\u00f3rreos de A Merca (Ourense)<\/b><\/h3>\n<p><img loading=\"lazy\" decoding=\"async\" class=\"alignnone wp-image-120341 size-full\" src=\"https:\/\/www.mundiplus.com\/wp-content\/uploads\/2025\/05\/horreos-de-A-Merca-Mundiplus.jpg\" alt=\"\" width=\"1024\" height=\"576\" srcset=\"https:\/\/www.mundiplus.com\/wp-content\/uploads\/2025\/05\/horreos-de-A-Merca-Mundiplus.jpg 1024w, https:\/\/www.mundiplus.com\/wp-content\/uploads\/2025\/05\/horreos-de-A-Merca-Mundiplus-300x169.jpg 300w, https:\/\/www.mundiplus.com\/wp-content\/uploads\/2025\/05\/horreos-de-A-Merca-Mundiplus-768x432.jpg 768w, https:\/\/www.mundiplus.com\/wp-content\/uploads\/2025\/05\/horreos-de-A-Merca-Mundiplus-600x338.jpg 600w\" sizes=\"(max-width: 1024px) 100vw, 1024px\" \/><\/p>\n<p><span style=\"font-weight: 400;\">Este conjunto, muito <\/span><b>perto do Caminho Sanabr\u00e9s<\/b><span style=\"font-weight: 400;\">, \u00e9 formado por <\/span><b>33 unidades de madeira e duas mistas<\/b><span style=\"font-weight: 400;\">. \u00c9 um dos maiores da Galiza e oferece uma vis\u00e3o \u00fanica da arquitectura tradicional galega.<\/span><\/p>\n<p>&nbsp;<\/p>\n<h3><b>H\u00f3rreos de Santiago de Olveiroa (Dumbr\u00eda, A Coru\u00f1a)<\/b><\/h3>\n<p><span style=\"font-weight: 400;\">Situados no <\/span><b>Caminho de Fisterra<\/b><span style=\"font-weight: 400;\">, fazem parte de um conjunto etnogr\u00e1fico que inclui um cruceiro e v\u00e1rias constru\u00e7\u00f5es tradicionais.<\/span><\/p>\n<p>&nbsp;<\/p>\n<h2><b>Alojamentos com h\u00f3rreos: dormir junto \u00e0 hist\u00f3ria<\/b><\/h2>\n<p><span style=\"font-weight: 400;\">Dormir perto de um h\u00f3rreo ou mesmo numa antiga constru\u00e7\u00e3o recuperada pode ser uma experi\u00eancia inesquec\u00edvel para o peregrino. Muitos alojamentos rurais apostaram na recupera\u00e7\u00e3o destes como<\/span><b> elemento decorativo ou funcional<\/b><span style=\"font-weight: 400;\">, integrando-os em jardins, p\u00e1tios e espa\u00e7os comuns.<\/span><\/p>\n<p><span style=\"font-weight: 400;\">Em zonas como <\/span><b>O Cebreiro, Sarria, Arz\u00faa ou Palas de Rei<\/b><span style=\"font-weight: 400;\"> (todas no Caminho Franc\u00eas), \u00e9 poss\u00edvel encontrar casas rurais que os conservam no estado original. No entanto, na maioria dos casos, s\u00e3o usados como armaz\u00e9ns, pequenos museus ou miradouros.<\/span><\/p>\n<p><span style=\"font-weight: 400;\">Outros alojamentos foram mais al\u00e9m e transformaram-nos em <\/span><b>quartos independentes<\/b><span style=\"font-weight: 400;\">, equipados com todas as comodidades, mas respeitando a sua estrutura original. Esta tend\u00eancia, muito presente nas <\/span><b>R\u00edas Baixas e na Mari\u00f1a lucense<\/b><span style=\"font-weight: 400;\">, combina sustentabilidade, turismo slow e autenticidade.<\/span><\/p>\n<p>&nbsp;<\/p>\n<h2><b>Recomenda\u00e7\u00f5es para visitar os h\u00f3rreos na tua viagem<\/b><\/h2>\n<p><span style=\"font-weight: 400;\">Se est\u00e1s a planear percorrer o norte de Espanha ou fazer alguma das rotas do Caminho de Santiago, aqui v\u00e3o algumas recomenda\u00e7\u00f5es para desfrutar ao m\u00e1ximo dos h\u00f3rreos:<\/span><\/p>\n<ul>\n<li style=\"font-weight: 400;\" aria-level=\"1\"><b>Informar-te sobre as rotas rurais<\/b><span style=\"font-weight: 400;\">: embora muitos estejam \u00e0 beira do Caminho, outros exigem pequenos desvios. Consulta mapas locais ou pergunta aos habitantes.<\/span><\/li>\n<\/ul>\n<p>&nbsp;<\/p>\n<ul>\n<li style=\"font-weight: 400;\" aria-level=\"1\"><b>Respeitar o seu entorno<\/b><span style=\"font-weight: 400;\">: s\u00e3o bens culturais protegidos. N\u00e3o subas a eles, n\u00e3o os toques sem permiss\u00e3o e evita manipular as suas estruturas.<\/span><\/li>\n<\/ul>\n<p>&nbsp;<\/p>\n<ul>\n<li style=\"font-weight: 400;\" aria-level=\"1\"><b>Fazer paragens conscientes<\/b><span style=\"font-weight: 400;\">: dedica alguns minutos a observar a sua arquitectura, os materiais, os s\u00edmbolos gravados nas pedras ou madeiras. Cada um tem uma hist\u00f3ria para contar.<\/span><\/li>\n<\/ul>\n<p>&nbsp;<\/p>\n<ul>\n<li style=\"font-weight: 400;\" aria-level=\"1\"><b>Escolher alojamentos com valor patrimonial<\/b><span style=\"font-weight: 400;\">: dormir numa casa com h\u00f3rreo ou visitar um museu etnogr\u00e1fico pode enriquecer muito a tua experi\u00eancia.<\/span><\/li>\n<\/ul>\n<p>&nbsp;<\/p>\n<ul>\n<li style=\"font-weight: 400;\" aria-level=\"1\"><b>Combinar turismo com gastronomia<\/b><span style=\"font-weight: 400;\">: aproveita para degustar produtos locais relacionados com a sua hist\u00f3ria. Muitos pequenos produtores vendem mel, p\u00e3o, enchidos ou conservas nas aldeias pr\u00f3ximas.<\/span><\/li>\n<\/ul>\n<p>&nbsp;<\/p>\n<p><span style=\"font-weight: 400;\">Os h\u00f3rreos n\u00e3o s\u00e3o apenas constru\u00e7\u00f5es rurais: s\u00e3o fragmentos vivos da hist\u00f3ria do norte peninsular. Representam a sabedoria popular, a adapta\u00e7\u00e3o ao meio e o respeito pelo ciclo agr\u00edcola. Visitar um \u00e9 espreitar outra \u00e9poca, sentir o pulso lento da terra e conectar com uma forma de vida que ainda pulsa nas aldeias e povoa\u00e7\u00f5es do norte.\u00a0<\/span><\/p>\n","protected":false},"excerpt":{"rendered":"<p>Entre montanhas verdes e trilhos ancestrais, surgem silenciosos os espigueiros, enigm\u00e1ticas constru\u00e7\u00f5es de madeira e pedra que guardam segredos do passado e aromas do presente. Para muitos peregrinos do Caminho de Santiago, a sua imagem \u00e9 t\u00e3o ic\u00f3nica como as vieiras jacobinas ou os marcos amarelos. Mas, o que s\u00e3o realmente? Porque aparecem em tantas [&hellip;]<\/p>\n","protected":false},"author":1,"featured_media":120358,"comment_status":"open","ping_status":"open","sticky":false,"template":"","format":"standard","meta":{"footnotes":""},"categories":[574,578,586],"tags":[],"class_list":["post-120370","post","type-post","status-publish","format-standard","has-post-thumbnail","hentry","category-blog-do-caminho","category-caminho-a-pe","category-historia-pt"],"_links":{"self":[{"href":"https:\/\/www.mundiplus.com\/pt-pt\/wp-json\/wp\/v2\/posts\/120370","targetHints":{"allow":["GET"]}}],"collection":[{"href":"https:\/\/www.mundiplus.com\/pt-pt\/wp-json\/wp\/v2\/posts"}],"about":[{"href":"https:\/\/www.mundiplus.com\/pt-pt\/wp-json\/wp\/v2\/types\/post"}],"author":[{"embeddable":true,"href":"https:\/\/www.mundiplus.com\/pt-pt\/wp-json\/wp\/v2\/users\/1"}],"replies":[{"embeddable":true,"href":"https:\/\/www.mundiplus.com\/pt-pt\/wp-json\/wp\/v2\/comments?post=120370"}],"version-history":[{"count":3,"href":"https:\/\/www.mundiplus.com\/pt-pt\/wp-json\/wp\/v2\/posts\/120370\/revisions"}],"predecessor-version":[{"id":129319,"href":"https:\/\/www.mundiplus.com\/pt-pt\/wp-json\/wp\/v2\/posts\/120370\/revisions\/129319"}],"wp:featuredmedia":[{"embeddable":true,"href":"https:\/\/www.mundiplus.com\/pt-pt\/wp-json\/wp\/v2\/media\/120358"}],"wp:attachment":[{"href":"https:\/\/www.mundiplus.com\/pt-pt\/wp-json\/wp\/v2\/media?parent=120370"}],"wp:term":[{"taxonomy":"category","embeddable":true,"href":"https:\/\/www.mundiplus.com\/pt-pt\/wp-json\/wp\/v2\/categories?post=120370"},{"taxonomy":"post_tag","embeddable":true,"href":"https:\/\/www.mundiplus.com\/pt-pt\/wp-json\/wp\/v2\/tags?post=120370"}],"curies":[{"name":"wp","href":"https:\/\/api.w.org\/{rel}","templated":true}]}}