{"id":121123,"date":"2025-06-18T18:04:12","date_gmt":"2025-06-18T18:04:12","guid":{"rendered":"https:\/\/www.mundiplus.com\/?p=121123"},"modified":"2026-03-26T11:30:29","modified_gmt":"2026-03-26T11:30:29","slug":"patrimonio-mundial-da-unesco-no-caminho-de-santiago","status":"publish","type":"post","link":"https:\/\/www.mundiplus.com\/pt-pt\/patrimonio-da-unesco-do-caminho-de-sao-james\/","title":{"rendered":"Patrim\u00f3nio Mundial da UNESCO no Caminho de Santiago"},"content":{"rendered":"<h1><img fetchpriority=\"high\" decoding=\"async\" class=\"alignnone wp-image-118987 size-full\" src=\"https:\/\/www.mundiplus.com\/wp-content\/uploads\/2025\/04\/Blog-Mundiplus.png\" alt=\"\" width=\"1023\" height=\"539\" srcset=\"https:\/\/www.mundiplus.com\/wp-content\/uploads\/2025\/04\/Blog-Mundiplus.png 1023w, https:\/\/www.mundiplus.com\/wp-content\/uploads\/2025\/04\/Blog-Mundiplus-300x158.png 300w, https:\/\/www.mundiplus.com\/wp-content\/uploads\/2025\/04\/Blog-Mundiplus-768x405.png 768w, https:\/\/www.mundiplus.com\/wp-content\/uploads\/2025\/04\/Blog-Mundiplus-600x316.png 600w\" sizes=\"(max-width: 1023px) 100vw, 1023px\" \/><\/h1>\n<p><span style=\"font-weight: 400;\">O Caminho de Santiago \u00e9 muito mais do que uma rota de peregrina\u00e7\u00e3o; \u00e9 um <\/span><b>caldeir\u00e3o de culturas<\/b><span style=\"font-weight: 400;\">, um caminho milenar que tem sido testemunha de in\u00fameras hist\u00f3rias e um legado de incalcul\u00e1vel valor hist\u00f3rico e art\u00edstico. Reconhecido pela <\/span><b>UNESCO como Patrim\u00f3nio da Humanidade<\/b><span style=\"font-weight: 400;\">, oferece uma experi\u00eancia \u00fanica, onde a espiritualidade se entrela\u00e7a com a riqueza monumental e paisag\u00edstica.\u00a0<\/span><\/p>\n<p><span style=\"font-weight: 400;\">Neste artigo, exploraremos <\/span><b>os principais Patrim\u00f3nios da UNESCO<\/b><span style=\"font-weight: 400;\"> das v\u00e1rias rotas jacobeias, prestando especial aten\u00e7\u00e3o \u00e0queles pontos que o peregrino pode admirar sem se desviar do seu caminho.<\/span><\/p>\n<p>&nbsp;<\/p>\n<h2><b>O Caminho de Santiago: Um Patrim\u00f3nio Vivo<\/b><\/h2>\n<p><span style=\"font-weight: 400;\">A declara\u00e7\u00e3o do Caminho de Santiago como Patrim\u00f3nio da Humanidade pela UNESCO n\u00e3o \u00e9 por acaso.\u00a0<\/span><\/p>\n<p><span style=\"font-weight: 400;\">Em <\/span><b>1993<\/b><span style=\"font-weight: 400;\">, o <\/span><b>Caminho Franc\u00eas<\/b><span style=\"font-weight: 400;\"> foi o primeiro a receber este prestigiado reconhecimento, ao qual se somaram em <\/span><b>2015<\/b><span style=\"font-weight: 400;\"> os <\/span><b>Caminhos do Norte de Espanha<\/b><span style=\"font-weight: 400;\">. Esta distin\u00e7\u00e3o sublinha a import\u00e2ncia universal excecional destas rotas pelo seu valor hist\u00f3rico e arquitet\u00f3nico, bem como pelo seu papel como motor de interc\u00e2mbio cultural e espiritual ao longo dos s\u00e9culos.\u00a0<\/span><\/p>\n<p><span style=\"font-weight: 400;\">A UNESCO valoriza-o como um itiner\u00e1rio cultural que <\/span><b>moldou a hist\u00f3ria e a arte da Europa<\/b><span style=\"font-weight: 400;\">, um &#8220;caminho do esp\u00edrito&#8221; que continua vivo e transformando aqueles que o percorrem.<\/span><\/p>\n<p>&nbsp;<\/p>\n<h2><b>Caminho Franc\u00eas: A Rota por Excel\u00eancia e os Seus Tesouros UNESCO<\/b><\/h2>\n<p><span style=\"font-weight: 400;\">Sem d\u00favida, a rota jacobeia por excel\u00eancia. Al\u00e9m disso, \u00e9 um verdadeiro <\/span><b>museu a c\u00e9u aberto<\/b><span style=\"font-weight: 400;\">, repleto de monumentos e locais de interesse que t\u00eam sido testemunhas de s\u00e9culos de peregrina\u00e7\u00e3o. Cada passo por esta rota \u00e9 uma viagem atrav\u00e9s da hist\u00f3ria, da arte e da espiritualidade.\u00a0<\/span><\/p>\n<p><span style=\"font-weight: 400;\">A seguir, destacamos alguns dos <\/span><b>Patrim\u00f3nios da UNESCO mais relevantes que o peregrino encontrar\u00e1 no seu percurso pelo Caminho Franc\u00eas<\/b><span style=\"font-weight: 400;\">.<\/span><\/p>\n<p>&nbsp;<\/p>\n<h3><b>Real Colegiada de Santa Mar\u00eda <\/b><span style=\"font-weight: 400;\">(Roncesvalles \u2013 Navarra)<\/span><\/h3>\n<p><span style=\"font-weight: 400;\">Na aldeia de Roncesvalles, ponto de partida para muitos peregrinos, ergue-se a <\/span><b>Real Colegiada de Santa Mar\u00eda<\/b><span style=\"font-weight: 400;\">, constru\u00edda entre os <\/span><b>s\u00e9c. XII e XIII<\/b><span style=\"font-weight: 400;\">. Este conjunto hist\u00f3rico-art\u00edstico \u00e9 um exemplo magn\u00edfico do <\/span><b>g\u00f3tico inicial<\/b><span style=\"font-weight: 400;\">. O seu claustro alberga a capela de S\u00e3o Agostinho, onde repousam os restos do rei Sancho VII o Forte de Navarra.\u00a0<\/span><\/p>\n<p><span style=\"font-weight: 400;\">A colegiata n\u00e3o \u00e9 apenas um marco arquitet\u00f3nico. \u00c9 tamb\u00e9m um local de acolhimento e espiritualidade que tem servido os peregrinos desde a sua origem, oferecendo ref\u00fagio e consolo ap\u00f3s a travessia dos Piren\u00e9us.<\/span><\/p>\n<p>&nbsp;<\/p>\n<h3><b>Igreja de Santa Mar\u00eda de Eunate <\/b><span style=\"font-weight: 400;\">(Muruz\u00e1bal \u2013 Navarra)<\/span><\/h3>\n<p><span style=\"font-weight: 400;\">Embora <\/span><b>n\u00e3o esteja diretamente sobre o tra\u00e7ado principal do Caminho Franc\u00eas<\/b><span style=\"font-weight: 400;\">, a <\/span><b>Igreja de Santa Mar\u00eda de Eunate<\/b><span style=\"font-weight: 400;\"> \u00e9 uma joia rom\u00e2nica que merece um pequeno desvio. Na realidade, encontra-se numa <\/span><b>variante que liga o Caminho Aragon\u00eas ao Franc\u00eas<\/b><span style=\"font-weight: 400;\">.<\/span><\/p>\n<p><span style=\"font-weight: 400;\">A sua singular <\/span><b>planta octogonal<\/b><span style=\"font-weight: 400;\"> e a bela galeria porticada de 33 arcos que a rodeiam fazem dela um edif\u00edcio enigm\u00e1tico e fascinante. Acredita-se que tenha sido constru\u00edda pelos templ\u00e1rios ou pela Ordem de S\u00e3o Jo\u00e3o, servindo como igreja funer\u00e1ria e hospital de peregrinos.\u00a0<\/span><\/p>\n<p>&nbsp;<\/p>\n<h3><b>Catedral de Santa Mar\u00eda <\/b><span style=\"font-weight: 400;\">(Pamplona \u2013 Navarra)<\/span><\/h3>\n<p><span style=\"font-weight: 400;\">Em Pamplona, a <\/span><b>Catedral de Santa Mar\u00eda<\/b><span style=\"font-weight: 400;\">, com a sua imponente fachada neocl\u00e1ssica, esconde um interior g\u00f3tico de grande beleza. Aqui encontra-se o <\/span><b>mausol\u00e9u dos reis Carlos III e Leonor de Trast\u00e2mara<\/b><span style=\"font-weight: 400;\">. No entanto, a verdadeira joia \u00e9 o seu claustro, considerado <\/span><b>um dos mais belos da Europa<\/b><span style=\"font-weight: 400;\">, com as suas duas impressionantes portas e a capela Barbazana.\u00a0<\/span><\/p>\n<p><span style=\"font-weight: 400;\">O local tem sido um ponto de refer\u00eancia para os peregrinos desde a Idade M\u00e9dia, oferecendo um espa\u00e7o de recolhimento e admira\u00e7\u00e3o art\u00edstica antes de continuar a sua viagem.\u00a0<\/span><\/p>\n<p>&nbsp;<\/p>\n<h3><b>A ponte sobre o rio Arga <\/b><span style=\"font-weight: 400;\">(Puente la Reina \u2013 Navarra)<\/span><\/h3>\n<p><span style=\"font-weight: 400;\">Esta imponente <\/span><b>ponte rom\u00e2nica<\/b><span style=\"font-weight: 400;\">, constru\u00edda no <\/span><b>s\u00e9c. XI<\/b><span style=\"font-weight: 400;\">, \u00e9 o s\u00edmbolo de Puente la Reina e uma das constru\u00e7\u00f5es mais ic\u00f3nicas desta rota. Com seis dos seus sete arcos vis\u00edveis (um est\u00e1 enterrado), tem sido vital para os peregrinos e para a economia local desde a Idade M\u00e9dia.\u00a0<\/span><\/p>\n<p>&nbsp;<\/p>\n<h3><b>Igreja de S\u00e3o Pedro de la R\u00faa <\/b><span style=\"font-weight: 400;\">(Estella \u2013 Navarra)<\/span><\/h3>\n<p><span style=\"font-weight: 400;\">Em Estella destaca-se a <\/span><b>Igreja de S\u00e3o Pedro de la R\u00faa<\/b><span style=\"font-weight: 400;\">. Levantada a partir do <\/span><b>s\u00e9c. XII<\/b><span style=\"font-weight: 400;\">, \u00e9 considerada um dos conjuntos de maior riqueza escult\u00f3rica do rom\u00e2nico navarro. Apesar das reformas que sofreu, ainda conserva elementos originais como as galerias norte e oeste e o seu impressionante p\u00f3rtico.\u00a0<\/span><\/p>\n<p>&nbsp;<\/p>\n<h3><b>Mosteiro de Iratxe \/ Irache <\/b><span style=\"font-weight: 400;\">(Ayegui \u2013 Navarra)<\/span><\/h3>\n<p><span style=\"font-weight: 400;\">O <\/span><b>Mosteiro de Iratxe<\/b><span style=\"font-weight: 400;\">, em Ayegui, \u00e9 outro dos grandes marcos do Caminho Franc\u00eas. Fundado no <\/span><b>s\u00e9c. X<\/b><span style=\"font-weight: 400;\">, foi um dos <\/span><b>hospitais de peregrinos mais importantes da Idade M\u00e9dia<\/b><span style=\"font-weight: 400;\">, tornando-se uma das abadias mais influentes da Pen\u00ednsula Ib\u00e9rica. O seu conjunto arquitet\u00f3nico \u00e9 uma mistura de estilos, desde o rom\u00e2nico at\u00e9 o barroco.\u00a0<\/span><\/p>\n<p><span style=\"font-weight: 400;\">Destaca-se a sua igreja rom\u00e2nica, o seu claustro plateresco e a sua famosa <\/span><b>fonte de vinho<\/b><span style=\"font-weight: 400;\">, que oferecia vinho aos peregrinos.\u00a0<\/span><\/p>\n<p>&nbsp;<\/p>\n<h2><b>Aprofundando o Patrim\u00f3nio do Caminho Franc\u00eas<\/b><\/h2>\n<p><img decoding=\"async\" class=\"alignnone wp-image-121077 size-full\" src=\"https:\/\/www.mundiplus.com\/wp-content\/uploads\/2025\/06\/Catedral-de-Burgos-Mundiplus.jpg\" alt=\"\" width=\"1024\" height=\"704\" srcset=\"https:\/\/www.mundiplus.com\/wp-content\/uploads\/2025\/06\/Catedral-de-Burgos-Mundiplus.jpg 1024w, https:\/\/www.mundiplus.com\/wp-content\/uploads\/2025\/06\/Catedral-de-Burgos-Mundiplus-300x206.jpg 300w, https:\/\/www.mundiplus.com\/wp-content\/uploads\/2025\/06\/Catedral-de-Burgos-Mundiplus-768x528.jpg 768w, https:\/\/www.mundiplus.com\/wp-content\/uploads\/2025\/06\/Catedral-de-Burgos-Mundiplus-600x413.jpg 600w\" sizes=\"(max-width: 1024px) 100vw, 1024px\" \/><\/p>\n<p><span style=\"font-weight: 400;\">O Caminho Franc\u00eas, com a sua rica hist\u00f3ria e o constante fluxo de peregrinos ao longo dos s\u00e9culos, guarda um sem fim de bens culturais que foram reconhecidos pela UNESCO. Para al\u00e9m dos j\u00e1 mencionados, outros pontos de interesse salpicam a rota, oferecendo ao peregrino a oportunidade de conectar com o passado e admirar a maestria dos construtores de outrora.<\/span><\/p>\n<ul>\n<li style=\"font-weight: 400;\" aria-level=\"1\"><span style=\"font-weight: 400;\">A <\/span><b>Catedral de Burgos<\/b><span style=\"font-weight: 400;\"> \u00e9 uma paragem obrigat\u00f3ria. Embora a cidade em si n\u00e3o esteja integralmente na lista de Patrim\u00f3nio da Humanidade do Caminho, a sua catedral est\u00e1 desde <\/span><b>1984<\/b><span style=\"font-weight: 400;\">. Esta obra-prima do <\/span><b>g\u00f3tico<\/b><span style=\"font-weight: 400;\">, com as suas impressionantes agulhas e decora\u00e7\u00e3o escult\u00f3rica, \u00e9 um testemunho da import\u00e2ncia de Burgos na rota jacobeia.\u00a0<\/span><\/li>\n<\/ul>\n<p>&nbsp;<\/p>\n<ul>\n<li style=\"font-weight: 400;\" aria-level=\"1\"><span style=\"font-weight: 400;\">A <\/span><b>Igreja de S\u00e3o Martinho de Fr\u00f3mista<\/b><span style=\"font-weight: 400;\">, em Pal\u00eancia. Este templo rom\u00e2nico do <\/span><b>s\u00e9c. XI<\/b><span style=\"font-weight: 400;\"> \u00e9 um dos exemplos mais puros e harmoniosos deste estilo. As suas quatro torres cil\u00edndricas, o seu \u00e1bside semicircular e a rica iconografia dos seus canecillos e capit\u00e9is tornam-na uma joia arquitet\u00f3nica.<\/span><\/li>\n<\/ul>\n<p>&nbsp;<\/p>\n<ul>\n<li style=\"font-weight: 400;\" aria-level=\"1\"><span style=\"font-weight: 400;\">A <\/span><b>Catedral de Le\u00e3o<\/b><span style=\"font-weight: 400;\"> \u00e9 outro dos grandes marcos do Caminho Franc\u00eas. Conhecida como a &#8220;<\/span><b>Pulchra Leonina<\/b><span style=\"font-weight: 400;\">&#8220;, esta <\/span><b>catedral g\u00f3tica<\/b><span style=\"font-weight: 400;\"> destaca-se pelas suas impressionantes vitrais, que inundam o interior de luz e cor. Constru\u00edda a partir do s\u00e9c. XIII, \u00e9 um exemplo sublime do g\u00f3tico cl\u00e1ssico franc\u00eas e um s\u00edmbolo da import\u00e2ncia de Le\u00e3o na rota jacobeia.\u00a0<\/span><\/li>\n<\/ul>\n<p>&nbsp;<\/p>\n<ul>\n<li style=\"font-weight: 400;\" aria-level=\"1\"><span style=\"font-weight: 400;\">Muito perto encontra-se o <\/span><b>Mosteiro de S\u00e3o Miguel de Escalada<\/b><span style=\"font-weight: 400;\">. Este mosteiro moz\u00e1rabe do s\u00e9c. X \u00e9 uma joia arquitet\u00f3nica \u00fanica no Caminho Franc\u00eas. Os seus arcos de ferradura, os seus capit\u00e9is e a sua decora\u00e7\u00e3o de influ\u00eancia isl\u00e2mica s\u00e3o um testemunho da conviv\u00eancia de culturas na Pen\u00ednsula Ib\u00e9rica durante a Idade M\u00e9dia.\u00a0<\/span><\/li>\n<\/ul>\n<p>&nbsp;<\/p>\n<p><span style=\"font-weight: 400;\">Embora exija um pequeno desvio, a visita recompensa o peregrino com a contempla\u00e7\u00e3o de um patrim\u00f3nio excecional e pouco comum na rota jacobeia.<\/span><\/p>\n<p><img decoding=\"async\" class=\"alignnone wp-image-121083 size-full\" src=\"https:\/\/www.mundiplus.com\/wp-content\/uploads\/2025\/06\/Murallas-de-Roma-Mundiplus.jpg\" alt=\"\" width=\"1024\" height=\"768\" srcset=\"https:\/\/www.mundiplus.com\/wp-content\/uploads\/2025\/06\/Murallas-de-Roma-Mundiplus.jpg 1024w, https:\/\/www.mundiplus.com\/wp-content\/uploads\/2025\/06\/Murallas-de-Roma-Mundiplus-300x225.jpg 300w, https:\/\/www.mundiplus.com\/wp-content\/uploads\/2025\/06\/Murallas-de-Roma-Mundiplus-768x576.jpg 768w, https:\/\/www.mundiplus.com\/wp-content\/uploads\/2025\/06\/Murallas-de-Roma-Mundiplus-600x450.jpg 600w\" sizes=\"(max-width: 1024px) 100vw, 1024px\" \/><\/p>\n<ul>\n<li style=\"font-weight: 400;\" aria-level=\"1\"><span style=\"font-weight: 400;\">A <\/span><b>Muralla Romana de Lugo<\/b><span style=\"font-weight: 400;\"> \u00e9 um bem Patrim\u00f3nio da Humanidade desde o ano <\/span><b>2000<\/b><span style=\"font-weight: 400;\"> e faz parte dos bens associados aos Caminhos do Norte, embora o Franc\u00eas tamb\u00e9m passe pela cidade. Esta imponente fortifica\u00e7\u00e3o, constru\u00edda no <\/span><b>s\u00e9c. III<\/b><span style=\"font-weight: 400;\">, rodeia o centro hist\u00f3rico de Lugo e \u00e9 a \u00fanica muralha romana do mundo que conserva todo o seu per\u00edmetro.\u00a0<\/span><\/li>\n<\/ul>\n<p>&nbsp;<\/p>\n<h2><b>Caminhos do Norte de Espanha: Um Patrim\u00f3nio Diversificado<\/b><\/h2>\n<p><span style=\"font-weight: 400;\">Em 2015, a UNESCO ampliou o reconhecimento para incluir os Caminhos do Norte de Espanha, um conjunto de rotas que refletem a riqueza hist\u00f3rica e cultural da peregrina\u00e7\u00e3o jacobeia na costa cant\u00e1brica.\u00a0<\/span><\/p>\n<p><span style=\"font-weight: 400;\">Estes percursos, que somam <\/span><b>quase 1.500 quil\u00f3metros<\/b><span style=\"font-weight: 400;\">, s\u00e3o o Caminho Primitivo, o da Costa, o Interior do Pa\u00eds Basco e La Rioja, e o Lebaniego. Para al\u00e9m dos pr\u00f3prios tra\u00e7ados, foram inclu\u00eddos <\/span><b>16 bens culturais<\/b><span style=\"font-weight: 400;\"> diretamente ligados a estas rotas, que gozam da m\u00e1xima prote\u00e7\u00e3o patrimonial.<\/span><\/p>\n<p>&nbsp;<\/p>\n<h3><b>Caminho da Costa<\/b><span style=\"font-weight: 400;\"> (ou do Norte)<\/span><\/h3>\n<p><span style=\"font-weight: 400;\">Percorre todo o litoral cant\u00e1brico, oferecendo paisagens espetaculares e um rico patrim\u00f3nio cultural. Esta op\u00e7\u00e3o \u00e9 ideal para quem procura uma combina\u00e7\u00e3o entre natureza e hist\u00f3ria. Alguns dos seus pontos de interesse mais relevantes s\u00e3o:<\/span><\/p>\n<ul>\n<li style=\"font-weight: 400;\" aria-level=\"1\"><b>Igreja de Santa Mar\u00eda de la Asunci\u00f3n de Castro Urdiales<\/b><span style=\"font-weight: 400;\"> (Cant\u00e1bria): esta impressionante igreja g\u00f3tica, constru\u00edda entre os s\u00e9culos XIII e XV, ergue-se majestosamente sobre o porto. A sua localiza\u00e7\u00e3o e arquitetura tornam-na um farol para os peregrinos que percorrem a costa. \u00c9 um exemplo not\u00e1vel do g\u00f3tico cant\u00e1brico.<\/span><\/li>\n<\/ul>\n<p>&nbsp;<\/p>\n<ul>\n<li style=\"font-weight: 400;\" aria-level=\"1\"><b>Colegiada de Santa Juliana<\/b><span style=\"font-weight: 400;\">, em Santillana del Mar (Cant\u00e1bria): considerada um dos melhores exemplos do rom\u00e2nico na Cant\u00e1bria, esta constru\u00e7\u00e3o do s\u00e9culo XII \u00e9 o cora\u00e7\u00e3o da localidade. O seu claustro \u00e9 uma obra-prima do rom\u00e2nico e um local de paz e contempla\u00e7\u00e3o para os peregrinos. Foi um importante centro mon\u00e1stico e de acolhimento.<\/span><\/li>\n<\/ul>\n<p>&nbsp;<\/p>\n<ul>\n<li style=\"font-weight: 400;\" aria-level=\"1\"><b>Catedral de Santiago Ap\u00f3stol de Bilbao<\/b><span style=\"font-weight: 400;\"> (Pa\u00eds Basco): embora Bilbao seja uma cidade moderna, o seu centro hist\u00f3rico abriga esta catedral g\u00f3tica, constru\u00edda entre os <\/span><b>s\u00e9culos XIV e XVI<\/b><span style=\"font-weight: 400;\">. \u00c9 um ponto de refer\u00eancia para os peregrinos.<\/span><\/li>\n<\/ul>\n<p>&nbsp;<\/p>\n<h3><b>Caminho Primitivo<\/b><\/h3>\n<p><span style=\"font-weight: 400;\">Considerado <\/span><b>o primeiro percurso jacobeu<\/b><span style=\"font-weight: 400;\">, parte de Oviedo e atravessa o interior das Ast\u00farias e da Galiza. \u00c9 um caminho exigente, mas de grande beleza paisag\u00edstica e riqueza hist\u00f3rica. \u00c9 o trajeto que, segundo a tradi\u00e7\u00e3o, seguiu o rei Afonso II para visitar o t\u00famulo do Ap\u00f3stolo Santiago. Alguns dos bens culturais em destaque neste percurso s\u00e3o:<\/span><\/p>\n<ul>\n<li style=\"font-weight: 400;\" aria-level=\"1\"><b>Catedral de San Salvador e C\u00e2mara Santa de Oviedo<\/b><span style=\"font-weight: 400;\">: \u00e9 um conjunto que alberga a C\u00e2mara Santa, declarada Patrim\u00f3nio da Humanidade pela UNESCO de forma independente. A C\u00e2mara Santa guarda importantes rel\u00edquias, como o Santo Sud\u00e1rio. A catedral \u00e9 o ponto de partida do Caminho Primitivo e um local de grande significado espiritual para os peregrinos.<\/span><\/li>\n<\/ul>\n<p>&nbsp;<\/p>\n<ul>\n<li style=\"font-weight: 400;\" aria-level=\"1\"><b>Igreja e mosteiro de San Salvador de Cornellana<\/b><span style=\"font-weight: 400;\"> (Ast\u00farias): este conjunto mon\u00e1stico, fundado no s\u00e9culo XI, foi um importante centro de acolhimento de peregrinos. A sua igreja rom\u00e2nica e o seu claustro s\u00e3o exemplos da arquitetura medieval asturiana.\u00a0<\/span><\/li>\n<\/ul>\n<p>&nbsp;<\/p>\n<ul>\n<li style=\"font-weight: 400;\" aria-level=\"1\"><b>Igreja de San Salvador de Priesca<\/b><span style=\"font-weight: 400;\">, em Villaviciosa (Ast\u00farias): esta pequena igreja pr\u00e9-rom\u00e2nica, do s\u00e9culo IX, \u00e9 uma joia da arte asturiana. A sua simplicidade e antiguidade tornam-na um testemunho \u00fanico das origens do Caminho de Santiago. Situa-se numa variante do Caminho da Costa que liga ao Primitivo.<\/span><\/li>\n<\/ul>\n<p>&nbsp;<\/p>\n<h3><b>Caminho Interior do Pa\u00eds Basco e La Rioja<\/b><\/h3>\n<p><span style=\"font-weight: 400;\">Este caminho oferece uma experi\u00eancia mais \u00edntima e rural, atravessando paisagens de vinhas e aldeias encantadoras. Embora n\u00e3o sejam mencionados bens culturais espec\u00edficos na lista da UNESCO para este tro\u00e7o, <\/span><b>o pr\u00f3prio tra\u00e7ado e os elementos arquitet\u00f3nicos<\/b><span style=\"font-weight: 400;\"> que se encontram fazem parte do valor universal excecional do Caminho de Santiago.<\/span><\/p>\n<p>&nbsp;<\/p>\n<h3><b>Caminho Lebaniego<\/b><\/h3>\n<p><span style=\"font-weight: 400;\">Parte de San Vicente de la Barquera e dirige-se ao <\/span><b>Mosteiro de Santo Toribio de Li\u00e9bana<\/b><span style=\"font-weight: 400;\">, sendo uma rota de peregrina\u00e7\u00e3o que se liga ao Caminho do Norte. O mosteiro, que guarda o <\/span><b>Lignum Crucis<\/b><span style=\"font-weight: 400;\"> (o maior fragmento conhecido da cruz de Cristo), \u00e9 um importante centro de peregrina\u00e7\u00e3o. Este caminho, embora mais curto, tem grande significado religioso e cultural.<\/span><\/p>\n<ul>\n<li style=\"font-weight: 400;\" aria-level=\"1\"><b>Mosteiro de Santo Toribio de Li\u00e9bana<\/b><span style=\"font-weight: 400;\"> (Cant\u00e1bria): este mosteiro franciscano, fundado no s\u00e9culo VI, \u00e9 um dos cinco locais santos do cristianismo, a par de Jerusal\u00e9m, Roma, Santiago de Compostela e Caravaca de la Cruz. A sua igreja g\u00f3tica e o seu claustro s\u00e3o de grande interesse art\u00edstico.\u00a0<\/span><\/li>\n<\/ul>\n<p>&nbsp;<\/p>\n<h2><b>Outros Caminhos e a sua Liga\u00e7\u00e3o ao Patrim\u00f3nio da UNESCO<\/b><\/h2>\n<p><span style=\"font-weight: 400;\">Embora os caminhos referidos sejam os que possuem a declara\u00e7\u00e3o expl\u00edcita da UNESCO como Patrim\u00f3nio Mundial em Espanha, o fen\u00f3meno jacobeu transcende estas rotas.\u00a0<\/span><\/p>\n<p><span style=\"font-weight: 400;\">Outras op\u00e7\u00f5es, como o Caminho Portugu\u00eas ou o Caminho Ingl\u00eas, mesmo n\u00e3o estando totalmente inclu\u00eddas na lista, atravessam ou terminam em Santiago de Compostela, cuja Cidade Antiga \u00e9 <\/span><b>Patrim\u00f3nio Mundial desde 1985<\/b><span style=\"font-weight: 400;\">. Isto significa que, independentemente do caminho escolhido, o peregrino chegar\u00e1 a um destino reconhecido pelo seu valor universal excecional.<\/span><\/p>\n<p>&nbsp;<\/p>\n<h3><b>O Caminho Portugu\u00eas: hist\u00f3ria e chegada a Santiago<\/b><\/h3>\n<p><span style=\"font-weight: 400;\">Embora o seu tra\u00e7ado em Portugal n\u00e3o esteja inclu\u00eddo na lista da UNESCO, ao cruzar a fronteira e entrar na Galiza, <\/span><b>liga-se \u00e0 hist\u00f3ria e ao patrim\u00f3nio associados a Santiago de Compostela<\/b><span style=\"font-weight: 400;\">.\u00a0<\/span><\/p>\n<p><span style=\"font-weight: 400;\">Localidades como Tui, com a sua impressionante catedral fortificada, marcam a entrada em territ\u00f3rio galego e na influ\u00eancia do patrim\u00f3nio jacobeu. O<\/span> <b>Caminho Portugu\u00eas desde Tui<\/b><span style=\"font-weight: 400;\"> oferece uma experi\u00eancia rica em cultura e paisagens, culminando na majestosa Santiago de Compostela.<\/span><\/p>\n<p>&nbsp;<\/p>\n<h3><b>Santiago de Compostela: A Cidade Patrim\u00f3nio da Humanidade<\/b><\/h3>\n<p><img loading=\"lazy\" decoding=\"async\" class=\"alignnone wp-image-121071 size-full\" src=\"https:\/\/www.mundiplus.com\/wp-content\/uploads\/2025\/06\/Ciudad-Vieja-de-Santiago-Mundiplus.jpg\" alt=\"\" width=\"1024\" height=\"680\" srcset=\"https:\/\/www.mundiplus.com\/wp-content\/uploads\/2025\/06\/Ciudad-Vieja-de-Santiago-Mundiplus.jpg 1024w, https:\/\/www.mundiplus.com\/wp-content\/uploads\/2025\/06\/Ciudad-Vieja-de-Santiago-Mundiplus-300x199.jpg 300w, https:\/\/www.mundiplus.com\/wp-content\/uploads\/2025\/06\/Ciudad-Vieja-de-Santiago-Mundiplus-768x510.jpg 768w, https:\/\/www.mundiplus.com\/wp-content\/uploads\/2025\/06\/Ciudad-Vieja-de-Santiago-Mundiplus-600x398.jpg 600w\" sizes=\"(max-width: 1024px) 100vw, 1024px\" \/><\/p>\n<p><span style=\"font-weight: 400;\">A Cidade Antiga de Santiago de Compostela foi declarada Patrim\u00f3nio Mundial <\/span><b>em 1985<\/b><span style=\"font-weight: 400;\">, muito antes dos percursos aqui descritos. Esta distin\u00e7\u00e3o reconhece a beleza urbana da cidade, a sua integridade hist\u00f3rica e o seu significado como centro de peregrina\u00e7\u00e3o.<\/span><\/p>\n<p><span style=\"font-weight: 400;\">A <\/span><b>Catedral de Santiago<\/b><span style=\"font-weight: 400;\"> \u00e9 o epicentro deste patrim\u00f3nio, mas a cidade como um todo \u00e9 um tesouro arquitet\u00f3nico e cultural. As suas pra\u00e7as, ruas, igrejas, conventos e pal\u00e1cios s\u00e3o testemunhos de s\u00e9culos de hist\u00f3ria e devo\u00e7\u00e3o.\u00a0<\/span><\/p>\n<p>&nbsp;<\/p>\n<h2><b>A Import\u00e2ncia do Patrim\u00f3nio da UNESCO para o Peregrino<\/b><\/h2>\n<p><span style=\"font-weight: 400;\">Para o peregrino, a declara\u00e7\u00e3o de Patrim\u00f3nio Mundial pela UNESCO n\u00e3o \u00e9 apenas um selo de qualidade ou um reconhecimento tur\u00edstico. Significa que os locais por onde passa t\u00eam um <\/span><b>valor excecional para toda a humanidade<\/b><span style=\"font-weight: 400;\">, um legado que deve ser preservado e respeitado.\u00a0<\/span><\/p>\n<p><span style=\"font-weight: 400;\">O patrim\u00f3nio UNESCO n\u00e3o s\u00e3o apenas edif\u00edcios ou paisagens; s\u00e3o os <\/span><b>vest\u00edgios de uma tradi\u00e7\u00e3o viva<\/b><span style=\"font-weight: 400;\">, a materializa\u00e7\u00e3o da f\u00e9 e da cultura que moldaram a identidade europeia. Ao percorrer o Caminho, o peregrino torna-se parte dessa hist\u00f3ria. Cada igreja rom\u00e2nica, cada ponte medieval, cada albergue centen\u00e1rio conta uma hist\u00f3ria de esfor\u00e7o, f\u00e9 e comunidade.\u00a0<\/span><\/p>\n<p><span style=\"font-weight: 400;\">A UNESCO, ao reconhecer estes bens, recorda-nos da import\u00e2ncia de <\/span><b>proteger este legado<\/b><span style=\"font-weight: 400;\"> para as futuras gera\u00e7\u00f5es de peregrinos e para o mundo inteiro. \u00c9 um convite a caminhar com consci\u00eancia, a observar com respeito e a valorizar a riqueza que nos rodeia em cada etapa.<\/span><\/p>\n<p><span style=\"font-weight: 400;\">Uma<\/span> <b>ag\u00eancia do Caminho de Santiago<\/b><span style=\"font-weight: 400;\"> pode facilitar a organiza\u00e7\u00e3o da tua peregrina\u00e7\u00e3o, permitindo-te focar na experi\u00eancia de caminhar e descobrir estes tesouros. Quer escolhas o<\/span> <b>Caminho do Norte desde Ribadeo<\/b><span style=\"font-weight: 400;\"> ou o<\/span> <b>Caminho de Santiago desde Bilbao<\/b><span style=\"font-weight: 400;\">, encontrar\u00e1s um patrim\u00f3nio que te enriquece a alma e te liga a s\u00e9culos de hist\u00f3ria e espiritualidade.\u00a0<\/span><\/p>\n<p>&nbsp;<\/p>\n<h2><b>O Caminho como Itiner\u00e1rio Cultural Europeu: Um Cadinho de Trocas<\/b><\/h2>\n<p><span style=\"font-weight: 400;\">A declara\u00e7\u00e3o do Caminho de Santiago como Patrim\u00f3nio Mundial pela UNESCO segundo os crit\u00e9rios (II), (IV) e (VI) destaca o seu papel fundamental como itiner\u00e1rio cultural de import\u00e2ncia universal.\u00a0<\/span><\/p>\n<ul>\n<li style=\"font-weight: 400;\" aria-level=\"1\"><span style=\"font-weight: 400;\">O <\/span><b>crit\u00e9rio (II)<\/b><span style=\"font-weight: 400;\"> reconhece que testemunha uma <\/span><b>troca consider\u00e1vel de valores humanos<\/b><span style=\"font-weight: 400;\"> ao longo de um per\u00edodo determinado ou numa \u00e1rea cultural concreta, nos dom\u00ednios da arquitetura, da tecnologia, das artes monumentais, do planeamento urbano ou da cria\u00e7\u00e3o de paisagens.\u00a0<\/span><\/li>\n<\/ul>\n<p><span style=\"font-weight: 400;\">Desde a Idade M\u00e9dia, tem sido uma via de duplo sentido por onde circulam n\u00e3o s\u00f3 peregrinos, mas tamb\u00e9m ideias, estilos art\u00edsticos, conhecimentos t\u00e9cnicos e tradi\u00e7\u00f5es. Esta constante intera\u00e7\u00e3o entre pessoas de diferentes origens geogr\u00e1ficas e culturais deixou uma marca profunda no patrim\u00f3nio material e imaterial das regi\u00f5es jacobeias.<\/span><\/p>\n<p><span style=\"font-weight: 400;\">A <\/span><b>arte rom\u00e2nica<\/b><span style=\"font-weight: 400;\">, por exemplo, difundiu-se pela Pen\u00ednsula Ib\u00e9rica em grande parte gra\u00e7as ao Caminho de Santiago. As igrejas, mosteiros e catedrais constru\u00eddos para acolher os peregrinos ao longo da rota incorporaram elementos arquitet\u00f3nicos e escult\u00f3ricos oriundos de outras partes da Europa, criando um estilo pr\u00f3prio e distintivo.\u00a0<\/span><\/p>\n<ul>\n<li style=\"font-weight: 400;\" aria-level=\"1\"><span style=\"font-weight: 400;\">O <\/span><b>crit\u00e9rio (IV)<\/b><span style=\"font-weight: 400;\"> destaca que o Caminho \u00e9 um exemplo eminentemente representativo de um <\/span><b>tipo de constru\u00e7\u00e3o ou conjunto arquitet\u00f3nico ou tecnol\u00f3gico<\/b><span style=\"font-weight: 400;\">, ou de paisagem que ilustra um ou v\u00e1rios per\u00edodos significativos da hist\u00f3ria da humanidade.\u00a0<\/span><\/li>\n<\/ul>\n<p><span style=\"font-weight: 400;\">As pontes medievais, os hospitais de peregrinos, os albergues, as igrejas e catedrais s\u00e3o testemunhos tang\u00edveis da infraestrutura criada para apoiar a peregrina\u00e7\u00e3o. Estas constru\u00e7\u00f5es, muitas ainda conservadas e em uso, refletem a engenharia, a arquitetura e a organiza\u00e7\u00e3o social da \u00e9poca em que foram erguidas.\u00a0<\/span><\/p>\n<p><span style=\"font-weight: 400;\">A <\/span><b>paisagem cultural<\/b><span style=\"font-weight: 400;\"> tamb\u00e9m \u00e9 um elemento chave do seu valor universal excecional. Os trilhos, as florestas, os rios e as montanhas formam um conjunto harmonioso moldado por s\u00e9culos de intera\u00e7\u00e3o entre o ser humano e a natureza.\u00a0<\/span><\/p>\n<ul>\n<li style=\"font-weight: 400;\" aria-level=\"1\"><span style=\"font-weight: 400;\">Finalmente, o <\/span><b>crit\u00e9rio<\/b> <b>(VI)<\/b><span style=\"font-weight: 400;\"> sublinha que o Caminho est\u00e1 direta ou materialmente associado a <\/span><b>acontecimentos ou tradi\u00e7\u00f5es vivas<\/b><span style=\"font-weight: 400;\">, ideias, cren\u00e7as ou obras art\u00edsticas e liter\u00e1rias com import\u00e2ncia universal excecional.\u00a0<\/span><\/li>\n<\/ul>\n<p><span style=\"font-weight: 400;\">A peregrina\u00e7\u00e3o \u00e9 uma das tradi\u00e7\u00f5es vivas mais antigas e relevantes da Europa. Inspirou in\u00fameras obras de arte, literatura e m\u00fasica, e foi motor de ideias e cren\u00e7as que transcenderam fronteiras geogr\u00e1ficas e culturais.\u00a0<\/span><\/p>\n","protected":false},"excerpt":{"rendered":"<p>O Caminho de Santiago \u00e9 muito mais do que uma rota de peregrina\u00e7\u00e3o; \u00e9 um caldeir\u00e3o de culturas, um caminho milenar que tem sido testemunha de in\u00fameras hist\u00f3rias e um legado de incalcul\u00e1vel valor hist\u00f3rico e art\u00edstico. Reconhecido pela UNESCO como Patrim\u00f3nio da Humanidade, oferece uma experi\u00eancia \u00fanica, onde a espiritualidade se entrela\u00e7a com a [&hellip;]<\/p>\n","protected":false},"author":1,"featured_media":121082,"comment_status":"open","ping_status":"open","sticky":false,"template":"","format":"standard","meta":{"footnotes":""},"categories":[574,578,586,606],"tags":[],"class_list":["post-121123","post","type-post","status-publish","format-standard","has-post-thumbnail","hentry","category-blog-do-caminho","category-caminho-a-pe","category-historia-pt","category-locais-iconicos"],"_links":{"self":[{"href":"https:\/\/www.mundiplus.com\/pt-pt\/wp-json\/wp\/v2\/posts\/121123","targetHints":{"allow":["GET"]}}],"collection":[{"href":"https:\/\/www.mundiplus.com\/pt-pt\/wp-json\/wp\/v2\/posts"}],"about":[{"href":"https:\/\/www.mundiplus.com\/pt-pt\/wp-json\/wp\/v2\/types\/post"}],"author":[{"embeddable":true,"href":"https:\/\/www.mundiplus.com\/pt-pt\/wp-json\/wp\/v2\/users\/1"}],"replies":[{"embeddable":true,"href":"https:\/\/www.mundiplus.com\/pt-pt\/wp-json\/wp\/v2\/comments?post=121123"}],"version-history":[{"count":3,"href":"https:\/\/www.mundiplus.com\/pt-pt\/wp-json\/wp\/v2\/posts\/121123\/revisions"}],"predecessor-version":[{"id":129328,"href":"https:\/\/www.mundiplus.com\/pt-pt\/wp-json\/wp\/v2\/posts\/121123\/revisions\/129328"}],"wp:featuredmedia":[{"embeddable":true,"href":"https:\/\/www.mundiplus.com\/pt-pt\/wp-json\/wp\/v2\/media\/121082"}],"wp:attachment":[{"href":"https:\/\/www.mundiplus.com\/pt-pt\/wp-json\/wp\/v2\/media?parent=121123"}],"wp:term":[{"taxonomy":"category","embeddable":true,"href":"https:\/\/www.mundiplus.com\/pt-pt\/wp-json\/wp\/v2\/categories?post=121123"},{"taxonomy":"post_tag","embeddable":true,"href":"https:\/\/www.mundiplus.com\/pt-pt\/wp-json\/wp\/v2\/tags?post=121123"}],"curies":[{"name":"wp","href":"https:\/\/api.w.org\/{rel}","templated":true}]}}