{"id":121148,"date":"2025-06-16T17:36:18","date_gmt":"2025-06-16T17:36:18","guid":{"rendered":"https:\/\/www.mundiplus.com\/?p=121148"},"modified":"2026-03-26T15:12:33","modified_gmt":"2026-03-26T15:12:33","slug":"o-que-ver-em-luarca","status":"publish","type":"post","link":"https:\/\/www.mundiplus.com\/pt-pt\/o-que-ver-em-luarca\/","title":{"rendered":"O que ver em Luarca"},"content":{"rendered":"<p><img fetchpriority=\"high\" decoding=\"async\" class=\"alignnone wp-image-118987 size-full\" src=\"https:\/\/www.mundiplus.com\/wp-content\/uploads\/2025\/04\/Blog-Mundiplus.png\" alt=\"\" width=\"1023\" height=\"539\" srcset=\"https:\/\/www.mundiplus.com\/wp-content\/uploads\/2025\/04\/Blog-Mundiplus.png 1023w, https:\/\/www.mundiplus.com\/wp-content\/uploads\/2025\/04\/Blog-Mundiplus-300x158.png 300w, https:\/\/www.mundiplus.com\/wp-content\/uploads\/2025\/04\/Blog-Mundiplus-768x405.png 768w, https:\/\/www.mundiplus.com\/wp-content\/uploads\/2025\/04\/Blog-Mundiplus-600x316.png 600w\" sizes=\"(max-width: 1023px) 100vw, 1023px\" \/><\/p>\n<p><b>Luarca<\/b><span style=\"font-weight: 400;\"> surge como um ref\u00fagio de paz no Caminho do Norte. Esta pitoresca vila piscat\u00f3ria, situada <\/span><b>entre o mar e a montanha<\/b><span style=\"font-weight: 400;\">, convida o peregrino a fazer uma pausa no caminho para recuperar energias e desfrutar do seu encanto.\u00a0<\/span><\/p>\n<p><span style=\"font-weight: 400;\">As suas casas brancas que descem at\u00e9 ao porto, o aroma a maresia e a simpatia do seu povo fazem desta uma paragem inesquec\u00edvel. Um local onde a tradi\u00e7\u00e3o mar\u00edtima se sente em cada recanto e a beleza da paisagem asturiana se revela em todo o seu esplendor.<\/span><\/p>\n<p>&nbsp;<\/p>\n<h2><b>O Caminho do Norte: Uma rota de contrastes e beleza \u00edmpar<\/b><\/h2>\n<p><span style=\"font-weight: 400;\">O Caminho de Santiago oferece uma diversidade de rotas que se adaptam a cada peregrino, desde a m\u00edstica Via da Prata at\u00e9 ao popular Caminho Franc\u00eas. No entanto, para quem procura uma experi\u00eancia onde a natureza, a cultura e a hist\u00f3ria se entrela\u00e7am com <\/span><b>paisagens costeiras e montanhosas<\/b><span style=\"font-weight: 400;\">, o <\/span><b>Caminho do Norte<\/b><span style=\"font-weight: 400;\"> apresenta-se como uma op\u00e7\u00e3o incompar\u00e1vel.\u00a0<\/span><\/p>\n<p><span style=\"font-weight: 400;\">Esta rota, que contorna a cornija cant\u00e1brica, \u00e9 um verdadeiro deleite para os sentidos. Oferece vistas espetaculares do Mar Cant\u00e1brico, fal\u00e9sias impressionantes, praias escondidas e vales verdes que se prolongam para o interior.\u00a0<\/span><\/p>\n<p><span style=\"font-weight: 400;\">A <\/span><b>riqueza paisag\u00edstica<\/b><span style=\"font-weight: 400;\"> \u00e9 um dos seus maiores atrativos. Aqui, o peregrino poder\u00e1 desfrutar da brisa do mar e do aroma a maresia enquanto caminha por trilhos que serpenteiam entre aldeias piscat\u00f3rias e florestas densas.\u00a0<\/span><\/p>\n<p><span style=\"font-weight: 400;\">Desde a majestade da costa galega, com pontos de partida como o <\/span><b>Caminho do Norte desde Ribadeo<\/b><span style=\"font-weight: 400;\">, at\u00e9 \u00e0 cultura do Pa\u00eds Basco, com in\u00edcios como o <\/span><b>Caminho de Santiago desde Bilbao<\/b><span style=\"font-weight: 400;\">, cada etapa \u00e9 uma oportunidade para descobrir a diversidade da geografia espanhola.\u00a0<\/span><\/p>\n<p><span style=\"font-weight: 400;\">Ao contr\u00e1rio de outras rotas, como o <\/span><b>Caminho Portugu\u00eas desde Tui<\/b><span style=\"font-weight: 400;\">, esta rota destaca-se pela <\/span><b>menor lota\u00e7\u00e3o e autenticidade das suas aldeias<\/b><span style=\"font-weight: 400;\">, permitindo uma liga\u00e7\u00e3o mais profunda com o ambiente e com a ess\u00eancia da peregrina\u00e7\u00e3o.\u00a0<\/span><\/p>\n<p><span style=\"font-weight: 400;\">Al\u00e9m disso, a possibilidade de contar com o apoio de uma <\/span><b>ag\u00eancia do Caminho de Santiago<\/b><span style=\"font-weight: 400;\"> facilita o planeamento e o desfrute desta aventura. Eles tratam de aspectos como alojamento e transporte de bagagem, permitindo ao peregrino focar-se na experi\u00eancia.\u00a0<\/span><\/p>\n<p>&nbsp;<\/p>\n<h2><b>Luarca: A Vila Branca da Costa Verde<\/b><\/h2>\n<p><img decoding=\"async\" class=\"alignnone wp-image-121064 size-full\" src=\"https:\/\/www.mundiplus.com\/wp-content\/uploads\/2025\/06\/Luarca-Mundiplus.jpg\" alt=\"\" width=\"1024\" height=\"683\" srcset=\"https:\/\/www.mundiplus.com\/wp-content\/uploads\/2025\/06\/Luarca-Mundiplus.jpg 1024w, https:\/\/www.mundiplus.com\/wp-content\/uploads\/2025\/06\/Luarca-Mundiplus-300x200.jpg 300w, https:\/\/www.mundiplus.com\/wp-content\/uploads\/2025\/06\/Luarca-Mundiplus-768x512.jpg 768w, https:\/\/www.mundiplus.com\/wp-content\/uploads\/2025\/06\/Luarca-Mundiplus-600x400.jpg 600w\" sizes=\"(max-width: 1024px) 100vw, 1024px\" \/><\/p>\n<p><b>Luarca<\/b><span style=\"font-weight: 400;\">, conhecida como a <\/span><b>Vila Branca da Costa Verde<\/b><span style=\"font-weight: 400;\">, \u00e9 uma joia que, apesar do seu tamanho, oferece um encanto particular e pontos de interesse que merecem bem uma paragem no Caminho do Norte. Para o peregrino, \u00e9 muito mais do que um local de passagem, \u00e9 uma oportunidade para recuperar for\u00e7as, desfrutar da tranquilidade e mergulhar na <\/span><b>autenticidade de uma vila piscat\u00f3ria com hist\u00f3ria<\/b><span style=\"font-weight: 400;\">.<\/span><\/p>\n<p><span style=\"font-weight: 400;\">Agora sim, passamos a falar dos p<\/span><b>rincipais pontos de interesse de Luarca.<\/b><\/p>\n<p>&nbsp;<\/p>\n<h3><b>O porto e o bairro piscat\u00f3rio<\/b><\/h3>\n<p><b>O cora\u00e7\u00e3o de Luarca bate no seu porto<\/b><span style=\"font-weight: 400;\">. Um passeio pelo cais, com as suas casas coloridas de pescadores e os barcos a baloi\u00e7ar ao ritmo das mar\u00e9s, \u00e9 uma experi\u00eancia que liga o peregrino \u00e0 ess\u00eancia mar\u00edtima da vila. Aqui, o aroma a maresia mistura-se com o da sidra e do peixe fresco, criando uma atmosfera \u00fanica.\u00a0<\/span><\/p>\n<p><span style=\"font-weight: 400;\">O bairro piscat\u00f3rio, com as suas ruas estreitas e ladeiras \u00edngremes, convida a perder-se e descobrir recantos encantadores, onde a vida mar\u00edtima se mostra no seu esplendor. \u00c9 um local ideal para observar a atividade dos pescadores, ver como se reparam as redes e, quem sabe, desfrutar de uma conversa com os locais, que t\u00eam sempre uma hist\u00f3ria para contar.<\/span><\/p>\n<p>&nbsp;<\/p>\n<h3><b>O Farol e a Mesa dos Marinheiros<\/b><\/h3>\n<p><img decoding=\"async\" class=\"alignnone wp-image-121052 size-full\" src=\"https:\/\/www.mundiplus.com\/wp-content\/uploads\/2025\/06\/Faro-Luarca-Mundiplus.jpg\" alt=\"\" width=\"1023\" height=\"644\" srcset=\"https:\/\/www.mundiplus.com\/wp-content\/uploads\/2025\/06\/Faro-Luarca-Mundiplus.jpg 1023w, https:\/\/www.mundiplus.com\/wp-content\/uploads\/2025\/06\/Faro-Luarca-Mundiplus-300x189.jpg 300w, https:\/\/www.mundiplus.com\/wp-content\/uploads\/2025\/06\/Faro-Luarca-Mundiplus-768x483.jpg 768w, https:\/\/www.mundiplus.com\/wp-content\/uploads\/2025\/06\/Faro-Luarca-Mundiplus-600x378.jpg 600w\" sizes=\"(max-width: 1023px) 100vw, 1023px\" \/><\/p>\n<p><span style=\"font-weight: 400;\">Dominando a entrada do porto ergue-se o <\/span><b>Farol de Luarca<\/b><span style=\"font-weight: 400;\">, ponto de refer\u00eancia para marinheiros e peregrinos.\u00a0<\/span><\/p>\n<p><span style=\"font-weight: 400;\">Da sua localiza\u00e7\u00e3o, junto \u00e0 <\/span><b>Capela da Atalaia<\/b><span style=\"font-weight: 400;\">, obt\u00eam-se vistas panor\u00e2micas impressionantes da vila, do porto, do Mar Cant\u00e1brico e das fal\u00e9sias que o abra\u00e7am. \u00c9 um lugar perfeito para <\/span><b>contemplar o nascer ou o p\u00f4r do sol<\/b><span style=\"font-weight: 400;\"> e refletir sobre o caminho percorrido e o que ainda falta percorrer.\u00a0<\/span><\/p>\n<p><span style=\"font-weight: 400;\">Perto do farol encontra-se a <\/span><b>Mesa de Mareantes<\/b><span style=\"font-weight: 400;\">, um antigo instrumento de navega\u00e7\u00e3o que servia aos marinheiros para se orientarem. Para o peregrino, este \u00e9 um momento de liga\u00e7\u00e3o com a hist\u00f3ria mar\u00edtima e a sabedoria ancestral de quem se aventurava no mar.<\/span><\/p>\n<p>&nbsp;<\/p>\n<h3><b>O cemit\u00e9rio de Luarca<\/b><\/h3>\n<p><img loading=\"lazy\" decoding=\"async\" class=\"alignnone wp-image-121058 size-full\" src=\"https:\/\/www.mundiplus.com\/wp-content\/uploads\/2025\/06\/Cementerio-Luarca-Mundiplus.jpg\" alt=\"\" width=\"1024\" height=\"768\" srcset=\"https:\/\/www.mundiplus.com\/wp-content\/uploads\/2025\/06\/Cementerio-Luarca-Mundiplus.jpg 1024w, https:\/\/www.mundiplus.com\/wp-content\/uploads\/2025\/06\/Cementerio-Luarca-Mundiplus-300x225.jpg 300w, https:\/\/www.mundiplus.com\/wp-content\/uploads\/2025\/06\/Cementerio-Luarca-Mundiplus-768x576.jpg 768w, https:\/\/www.mundiplus.com\/wp-content\/uploads\/2025\/06\/Cementerio-Luarca-Mundiplus-600x450.jpg 600w\" sizes=\"(max-width: 1024px) 100vw, 1024px\" \/><\/p>\n<p><span style=\"font-weight: 400;\">Embora possa parecer invulgar, o Cemit\u00e9rio de Luarca \u00e9 considerado <\/span><b>um dos mais bonitos de Espanha<\/b><span style=\"font-weight: 400;\"> e um local de visita obrigat\u00f3ria.<\/span><\/p>\n<p><span style=\"font-weight: 400;\">Situado num promont\u00f3rio com vista para o mar, o seu desenho em patamares e os seus mausol\u00e9us, alguns deles de grande valor art\u00edstico, fazem deste espa\u00e7o uma beleza serena e comovente. Aqui repousam figuras ilustres como o Pr\u00e9mio Nobel <\/span><b>Severo Ochoa<\/b><span style=\"font-weight: 400;\">, cujo mausol\u00e9u \u00e9 um ponto de interesse para muitos visitantes.<\/span><\/p>\n<p>&nbsp;<\/p>\n<h3><b>Jardins da Fonte Baixa: Um o\u00e1sis de tranquilidade<\/b><\/h3>\n<p><span style=\"font-weight: 400;\">Os Jardins da Fonte Baixa s\u00e3o um espa\u00e7o verde que convida ao descanso e relaxamento. Com uma <\/span><b>grande variedade de esp\u00e9cies bot\u00e2nicas<\/b><span style=\"font-weight: 400;\">, cascatas e lagoas, s\u00e3o um verdadeiro o\u00e1sis de tranquilidade. \u00c9 um local ideal para passear, ler um livro ou simplesmente sentar-se e desfrutar da natureza.<\/span><\/p>\n<p>&nbsp;<\/p>\n<h2><b>Escapadelas pr\u00f3ximas para o peregrino inquieto<\/b><\/h2>\n<p><span style=\"font-weight: 400;\">Se o tempo e as for\u00e7as permitirem, os arredores oferecem paisagens naturais de grande beleza que merecem uma visita. Pequenos desvios que recompensam o peregrino com cen\u00e1rios inesquec\u00edveis e momentos de conex\u00e3o com a natureza em estado puro.<\/span><\/p>\n<p>&nbsp;<\/p>\n<h3><b>A Praia de Otur: Uma praia de sonho<\/b><\/h3>\n<p><span style=\"font-weight: 400;\">A poucos quil\u00f3metros, a <\/span><b>Praia de Otur<\/b><span style=\"font-weight: 400;\"> apresenta-se como uma extensa praia dourada, ideal para um merecido descanso. As suas \u00e1guas calmas e o ambiente natural, rodeado de prados verdes, tornam-na um local perfeito para relaxar, tomar um banho refrescante ou simplesmente passear pela orla.<\/span><\/p>\n<p>&nbsp;<\/p>\n<h3><b>A Praia de Barayo: Um tesouro natural<\/b><\/h3>\n<p><span style=\"font-weight: 400;\">Considerada <\/span><b>uma das praias mais virgens e espetaculares das Ast\u00farias<\/b><span style=\"font-weight: 400;\">, a Praia de Barayo \u00e9 uma <\/span><b>Reserva Natural Parcial<\/b><span style=\"font-weight: 400;\">. O seu acesso por um trilho que serpenteia entre dunas e zonas h\u00famidas j\u00e1 \u00e9 uma experi\u00eancia por si s\u00f3. A foz do rio Barayo cria uma paisagem \u00fanica, onde a \u00e1gua doce e salgada se encontram.<\/span><\/p>\n<p>&nbsp;<\/p>\n<h3><b>O Cabo Busto: Uma varanda para o Cant\u00e1brico<\/b><\/h3>\n<p><span style=\"font-weight: 400;\">Para quem procura vistas panor\u00e2micas e a for\u00e7a do mar em todo o seu esplendor, o <\/span><b>Cabo Busto<\/b><span style=\"font-weight: 400;\"> \u00e9 uma visita obrigat\u00f3ria. Os seus penhascos, que caem a pique sobre o mar, oferecem um espet\u00e1culo natural impressionante. Um percurso circular permite percorrer o cabo e desfrutar de diferentes perspetivas, descobrindo far\u00f3is, miradouros e a rica avifauna da zona.<\/span><\/p>\n<p>&nbsp;<\/p>\n<h3><b>A Ermida da Regalina: Tradi\u00e7\u00e3o e vistas espetaculares<\/b><\/h3>\n<p><span style=\"font-weight: 400;\">Na verdade, este ponto fica em <\/span><b>Cadavedo<\/b><span style=\"font-weight: 400;\">. Situada num promont\u00f3rio, \u00e9 um local de grande tradi\u00e7\u00e3o e beleza. Embora exija um pequeno desvio do caminho principal, as vistas que oferece da costa e do ambiente natural valem o esfor\u00e7o. Esta ermida \u00e9 famosa pela sua romaria, uma das mais populares das Ast\u00farias, que se celebra em agosto e atrai milhares de pessoas.<\/span><\/p>\n<p>&nbsp;<\/p>\n<h2><b>Gastronomia de Luarca: Sabores do Cant\u00e1brico<\/b><\/h2>\n<p><span style=\"font-weight: 400;\">A sua gastronomia, como boa vila piscat\u00f3ria, est\u00e1 fortemente ligada ao mar. Os produtos frescos do mercado s\u00e3o a base de uma cozinha simples mas deliciosa, que encanta os paladares mais exigentes.<\/span><\/p>\n<p>&nbsp;<\/p>\n<h3><b>Peixes e Mariscos: Do mar para a mesa<\/b><\/h3>\n<p><span style=\"font-weight: 400;\">A <\/span><b>pescada do anzol<\/b><span style=\"font-weight: 400;\">, o <\/span><b>pix\u00edn<\/b><span style=\"font-weight: 400;\"> (rape), o <\/span><b>congro<\/b><span style=\"font-weight: 400;\"> e o <\/span><b>atum-branco<\/b><span style=\"font-weight: 400;\"> s\u00e3o alguns dos peixes estrela da cozinha luarquesa. Preparados grelhados, no forno ou em caldeirada, estes produtos frescos s\u00e3o uma verdadeira iguaria.<\/span><\/p>\n<p><span style=\"font-weight: 400;\">Os mariscos do Cant\u00e1brico, como os <\/span><b>centolos<\/b><span style=\"font-weight: 400;\">, as <\/span><b>lagostas<\/b><span style=\"font-weight: 400;\">, as <\/span><b>andaricas<\/b><span style=\"font-weight: 400;\"> (n\u00e9coras) e os <\/span><b>percebes<\/b><span style=\"font-weight: 400;\">, s\u00e3o tamb\u00e9m muito apreciados e podem ser saboreados nos in\u00fameros restaurantes do porto. A sopa de pix\u00edn de Luarca e o congro \u00e0 moda de Luarca s\u00e3o dois dos pratos mais emblem\u00e1ticos que o peregrino n\u00e3o deve deixar de provar.<\/span><\/p>\n<p>&nbsp;<\/p>\n<h3><b>Pratos de colher e carnes: A tradi\u00e7\u00e3o asturiana<\/b><\/h3>\n<p><span style=\"font-weight: 400;\">Al\u00e9m dos produtos do mar, a gastronomia luarquesa oferece tamb\u00e9m pratos de colher robustos e carnes de qualidade, pr\u00f3prios da tradi\u00e7\u00e3o asturiana. A <\/span><b>fabada asturiana<\/b><span style=\"font-weight: 400;\">, o <\/span><b>potaje de couves<\/b><span style=\"font-weight: 400;\"> e as <\/span><b>carnes vermelhas<\/b><span style=\"font-weight: 400;\"> s\u00e3o op\u00e7\u00f5es perfeitas para recuperar energias ap\u00f3s uma longa jornada a p\u00e9.<\/span><\/p>\n<p>&nbsp;<\/p>\n<h3><b>Doces e sobremesas: O toque final<\/b><\/h3>\n<p><span style=\"font-weight: 400;\">Para terminar uma boa refei\u00e7\u00e3o, a pastelaria luarquesa oferece del\u00edcias como a <\/span><b>alfilada<\/b><span style=\"font-weight: 400;\">, os <\/span><b>frixuelos<\/b><span style=\"font-weight: 400;\"> e o <\/span><b>arroz doce<\/b><span style=\"font-weight: 400;\">. Estas sobremesas tradicionais s\u00e3o o toque final perfeito para uma experi\u00eancia gastron\u00f3mica completa e uma doce recompensa para o peregrino.<\/span><\/p>\n<p>&nbsp;<\/p>\n<h2><b>Festas e Costumes: A vida em Luarca<\/b><\/h2>\n<p><span style=\"font-weight: 400;\">Luarca \u00e9 uma vila com uma rica tradi\u00e7\u00e3o festiva e cultural, onde os costumes ancestrais se mant\u00eam vivos e s\u00e3o celebrados com entusiasmo. Para o peregrino, participar em algumas destas festividades \u00e9 uma oportunidade \u00fanica para mergulhar na cultura local e viver uma experi\u00eancia aut\u00eantica.<\/span><\/p>\n<p>&nbsp;<\/p>\n<h3><b>Semana Santa: Tradi\u00e7\u00e3o e devo\u00e7\u00e3o<\/b><\/h3>\n<p><span style=\"font-weight: 400;\">A Semana Santa de Luarca \u00e9 <\/span><b>uma das mais importantes das Ast\u00farias<\/b><span style=\"font-weight: 400;\">, com prociss\u00f5es que percorrem as ruas da vila e que atraem numerosos fi\u00e9is e visitantes. A solenidade dos atos religiosos combina-se com a beleza dos passos e a devo\u00e7\u00e3o dos participantes, criando um ambiente de recolhimento e tradi\u00e7\u00e3o.<\/span><\/p>\n<p>&nbsp;<\/p>\n<h3><b>Festa do Ros\u00e1rio: Homenagem aos marinheiros<\/b><\/h3>\n<p><span style=\"font-weight: 400;\">A <\/span><b>Festa do Ros\u00e1rio<\/b><span style=\"font-weight: 400;\">, em meados de agosto, \u00e9 a festividade mais importante da vila e uma <\/span><b>homenagem \u00e0 padroeira dos marinheiros<\/b><span style=\"font-weight: 400;\">. Durante estes dias, a vila enfeita-se e enche-se de atividades, como prociss\u00f5es mar\u00edtimas, festas populares, concertos e eventos culturais. \u00c9 uma festa cheia de cor e alegria, onde a tradi\u00e7\u00e3o marinheira se funde com a divers\u00e3o e o ambiente festivo.<\/span><\/p>\n<p>&nbsp;<\/p>\n<h3><b>S\u00e3o Tim\u00f3teo: A romaria mais popular<\/b>&lt;\/h3 &gt;<\/h3>\n<p><span style=\"font-weight: 400;\">No <\/span><b>dia 22 de agosto<\/b><span style=\"font-weight: 400;\"> celebra-se a romaria de S\u00e3o Tim\u00f3teo, uma das mais populares das Ast\u00farias. Milhares de pessoas, vestidas com trajes regionais, acorrem \u00e0 ermida hom\u00f3nima, situada num cen\u00e1rio natural, para celebrar esta tradicional festa. O dia \u00e9 marcado por m\u00fasica, dan\u00e7a, comida campestre e um ambiente festivo, tornando-se numa verdadeira celebra\u00e7\u00e3o da cultura asturiana.<\/span><\/p>\n<p>&nbsp;<\/p>\n<h3><b>A Vaqueirada: Uma tradi\u00e7\u00e3o ancestral<\/b><\/h3>\n<p><span style=\"font-weight: 400;\">Embora <\/span><b>n\u00e3o se celebre em Luarca<\/b><span style=\"font-weight: 400;\">, a Vaqueirada \u00e9 uma tradi\u00e7\u00e3o ancestral dos vaqueiros de al\u00e7ada, um grupo \u00e9tnico transumante das Ast\u00farias, que ocorre no concelho de Vald\u00e9s. Esta festa, declarada de <\/span><b>Interesse Tur\u00edstico Nacional<\/b><span style=\"font-weight: 400;\">, celebra a cultura e os costumes dos vaqueiros, com casamentos tradicionais, dan\u00e7as e demonstra\u00e7\u00f5es das suas habilidades.<\/span><\/p>\n","protected":false},"excerpt":{"rendered":"<p>Luarca surge como um ref\u00fagio de paz no Caminho do Norte. Esta pitoresca vila piscat\u00f3ria, situada entre o mar e a montanha, convida o peregrino a fazer uma pausa no caminho para recuperar energias e desfrutar do seu encanto.\u00a0 As suas casas brancas que descem at\u00e9 ao porto, o aroma a maresia e a simpatia [&hellip;]<\/p>\n","protected":false},"author":1,"featured_media":121069,"comment_status":"open","ping_status":"open","sticky":false,"template":"","format":"standard","meta":{"footnotes":""},"categories":[574,578,602],"tags":[],"class_list":["post-121148","post","type-post","status-publish","format-standard","has-post-thumbnail","hentry","category-blog-do-caminho","category-caminho-a-pe","category-vilas-e-comarcas"],"_links":{"self":[{"href":"https:\/\/www.mundiplus.com\/pt-pt\/wp-json\/wp\/v2\/posts\/121148","targetHints":{"allow":["GET"]}}],"collection":[{"href":"https:\/\/www.mundiplus.com\/pt-pt\/wp-json\/wp\/v2\/posts"}],"about":[{"href":"https:\/\/www.mundiplus.com\/pt-pt\/wp-json\/wp\/v2\/types\/post"}],"author":[{"embeddable":true,"href":"https:\/\/www.mundiplus.com\/pt-pt\/wp-json\/wp\/v2\/users\/1"}],"replies":[{"embeddable":true,"href":"https:\/\/www.mundiplus.com\/pt-pt\/wp-json\/wp\/v2\/comments?post=121148"}],"version-history":[{"count":3,"href":"https:\/\/www.mundiplus.com\/pt-pt\/wp-json\/wp\/v2\/posts\/121148\/revisions"}],"predecessor-version":[{"id":129351,"href":"https:\/\/www.mundiplus.com\/pt-pt\/wp-json\/wp\/v2\/posts\/121148\/revisions\/129351"}],"wp:featuredmedia":[{"embeddable":true,"href":"https:\/\/www.mundiplus.com\/pt-pt\/wp-json\/wp\/v2\/media\/121069"}],"wp:attachment":[{"href":"https:\/\/www.mundiplus.com\/pt-pt\/wp-json\/wp\/v2\/media?parent=121148"}],"wp:term":[{"taxonomy":"category","embeddable":true,"href":"https:\/\/www.mundiplus.com\/pt-pt\/wp-json\/wp\/v2\/categories?post=121148"},{"taxonomy":"post_tag","embeddable":true,"href":"https:\/\/www.mundiplus.com\/pt-pt\/wp-json\/wp\/v2\/tags?post=121148"}],"curies":[{"name":"wp","href":"https:\/\/api.w.org\/{rel}","templated":true}]}}