{"id":121826,"date":"2025-07-07T18:13:13","date_gmt":"2025-07-07T18:13:13","guid":{"rendered":"https:\/\/www.mundiplus.com\/?p=121826"},"modified":"2025-07-07T18:20:48","modified_gmt":"2025-07-07T18:20:48","slug":"o-que-fazer-se-tiver-um-pequeno-ferimento-a-meio-do-caminho","status":"publish","type":"post","link":"https:\/\/www.mundiplus.com\/pt-pt\/ferimentos-ligeiros-no-caminho-de-santiago-o-que-fazer\/","title":{"rendered":"O que fazer se tiver um pequeno ferimento a meio do Caminho?"},"content":{"rendered":"<p><img fetchpriority=\"high\" decoding=\"async\" class=\"alignnone wp-image-118987 size-full\" src=\"https:\/\/www.mundiplus.com\/wp-content\/uploads\/2025\/04\/Blog-Mundiplus.png\" alt=\"\" width=\"1023\" height=\"539\" srcset=\"https:\/\/www.mundiplus.com\/wp-content\/uploads\/2025\/04\/Blog-Mundiplus.png 1023w, https:\/\/www.mundiplus.com\/wp-content\/uploads\/2025\/04\/Blog-Mundiplus-300x158.png 300w, https:\/\/www.mundiplus.com\/wp-content\/uploads\/2025\/04\/Blog-Mundiplus-768x405.png 768w, https:\/\/www.mundiplus.com\/wp-content\/uploads\/2025\/04\/Blog-Mundiplus-600x316.png 600w\" sizes=\"(max-width: 1023px) 100vw, 1023px\" \/><\/p>\n<p><span style=\"font-weight: 400;\">O Caminho de Santiago \u00e9 um desafio pessoal que coloca \u00e0 prova o corpo e a mente. Apesar da prepara\u00e7\u00e3o pr\u00e9via, as <\/span><b>les\u00f5es leves<\/b><span style=\"font-weight: 400;\"> podem aparecer em qualquer etapa e em qualquer rota. Saber como agir diante delas faz toda a diferen\u00e7a entre abandonar prematuramente ou continuar a experi\u00eancia de forma segura e consciente.<\/span><\/p>\n<p><span style=\"font-weight: 400;\">Como especialistas na <\/span><a href=\"https:\/\/www.mundiplus.com\/pt\/\"><b>viagem Caminho de Santiago<\/b><\/a><span style=\"font-weight: 400;\"> organizada, ajudamos a identificar as dores mais frequentes, trat\u00e1-las adequadamente e prevenir complica\u00e7\u00f5es.<\/span><\/p>\n<p>&nbsp;<\/p>\n<h2><b>Compreenda a sua les\u00e3o: as dores mais frequentes entre os peregrinos<\/b><\/h2>\n<p><img decoding=\"async\" class=\"alignnone wp-image-121768 size-full\" src=\"https:\/\/www.mundiplus.com\/wp-content\/uploads\/2025\/07\/Que-hacer-si-tienes-una-lesion-leve-en-medio-del-Camino-Mundiplus.jpg\" alt=\"\" width=\"1000\" height=\"667\" srcset=\"https:\/\/www.mundiplus.com\/wp-content\/uploads\/2025\/07\/Que-hacer-si-tienes-una-lesion-leve-en-medio-del-Camino-Mundiplus.jpg 1000w, https:\/\/www.mundiplus.com\/wp-content\/uploads\/2025\/07\/Que-hacer-si-tienes-una-lesion-leve-en-medio-del-Camino-Mundiplus-300x200.jpg 300w, https:\/\/www.mundiplus.com\/wp-content\/uploads\/2025\/07\/Que-hacer-si-tienes-una-lesion-leve-en-medio-del-Camino-Mundiplus-768x512.jpg 768w, https:\/\/www.mundiplus.com\/wp-content\/uploads\/2025\/07\/Que-hacer-si-tienes-una-lesion-leve-en-medio-del-Camino-Mundiplus-600x400.jpg 600w\" sizes=\"(max-width: 1000px) 100vw, 1000px\" \/><\/p>\n<ul>\n<li aria-level=\"1\"><b>Bolhas e fric\u00e7\u00f5es<\/b><span style=\"font-weight: 400;\">. As bolhas s\u00e3o, sem d\u00favida, as dores mais comuns entre os peregrinos. Aparecem devido \u00e0 fric\u00e7\u00e3o repetida, especialmente nos p\u00e9s, e geralmente s\u00e3o consequ\u00eancia de cal\u00e7ado inadequado ou meias h\u00famidas. Se n\u00e3o tratadas corretamente, podem provocar infe\u00e7\u00f5es ou fazer com que adote posturas antinaturais, o que leva a sobrecargas musculares.<\/span><\/li>\n<\/ul>\n<p>&nbsp;<\/p>\n<ul>\n<li aria-level=\"1\"><b>Sobrecarregas e contraturas musculares<\/b><span style=\"font-weight: 400;\">. A acumula\u00e7\u00e3o de quil\u00f3metros e peso, juntamente com uma prepara\u00e7\u00e3o f\u00edsica insuficiente, pode gerar sobrecargas, especialmente nos g\u00e9meos, quadr\u00edceps, lombares e ombros. \u00c0s vezes, manifesta-se como contraturas, com rigidez e dor localizada.<\/span><\/li>\n<\/ul>\n<p>&nbsp;<\/p>\n<ul>\n<li aria-level=\"1\"><b>Entorses leves e tor\u00e7\u00f5es<\/b><span style=\"font-weight: 400;\">. Um passo inst\u00e1vel, uma pedra solta ou um apoio inadequado numa subida pode causar entorses, especialmente nos tornozelos. Se o dano for leve (grau I), normalmente basta repouso, gelo e compress\u00e3o, mas n\u00e3o deve ser ignorado.<\/span><\/li>\n<\/ul>\n<p>&nbsp;<\/p>\n<ul>\n<li aria-level=\"1\"><b>Tendinites e dores articulares<\/b><span style=\"font-weight: 400;\">. O uso constante de bast\u00f5es ou caminhar grandes dist\u00e2ncias em terreno irregular pode inflamar tend\u00f5es, como o patelar ou o de Aquiles. Os joelhos, tornozelos e ancas tamb\u00e9m podem ressentir-se. Uma tendinite leve pode permitir continuar, desde que se controle a dor e se ajuste o esfor\u00e7o.<\/span><\/li>\n<\/ul>\n<p>&nbsp;<\/p>\n<h2><b>Primeiros passos: protocolo imediato de atua\u00e7\u00e3o<\/b><\/h2>\n<p><img decoding=\"async\" class=\"alignnone wp-image-121774 size-full\" src=\"https:\/\/www.mundiplus.com\/wp-content\/uploads\/2025\/07\/Que-hacer-si-tienes-una-lesion-leve-en-el-Camino-Mundiplus.jpg\" alt=\"\" width=\"1000\" height=\"667\" srcset=\"https:\/\/www.mundiplus.com\/wp-content\/uploads\/2025\/07\/Que-hacer-si-tienes-una-lesion-leve-en-el-Camino-Mundiplus.jpg 1000w, https:\/\/www.mundiplus.com\/wp-content\/uploads\/2025\/07\/Que-hacer-si-tienes-una-lesion-leve-en-el-Camino-Mundiplus-300x200.jpg 300w, https:\/\/www.mundiplus.com\/wp-content\/uploads\/2025\/07\/Que-hacer-si-tienes-una-lesion-leve-en-el-Camino-Mundiplus-768x512.jpg 768w, https:\/\/www.mundiplus.com\/wp-content\/uploads\/2025\/07\/Que-hacer-si-tienes-una-lesion-leve-en-el-Camino-Mundiplus-600x400.jpg 600w\" sizes=\"(max-width: 1000px) 100vw, 1000px\" \/><\/p>\n<h3><b>Avalie a gravidade antes de continuar<\/b><\/h3>\n<p><b>Pare e analise o seu estado<\/b><span style=\"font-weight: 400;\">. Se a dor for incapacitante, houver incha\u00e7o anormal ou se n\u00e3o conseguir apoiar o p\u00e9, \u00e9 melhor n\u00e3o continuar e descansar o tempo que for necess\u00e1rio. Por outro lado, se a dor for leve e melhorar com repouso, pode considerar continuar ap\u00f3s aplicar os primeiros socorros.<\/span><\/p>\n<p>&nbsp;<\/p>\n<h3><b>O m\u00e9todo RICE passo a passo<\/b><\/h3>\n<p><span style=\"font-weight: 400;\">O <\/span><b>protocolo RICE<\/b><span style=\"font-weight: 400;\"> (Repouso, Gelo, Compress\u00e3o, Eleva\u00e7\u00e3o) \u00e9 essencial para tratar les\u00f5es leves:<\/span><\/p>\n<ul>\n<li style=\"font-weight: 400;\" aria-level=\"1\"><b>Repouso<\/b><span style=\"font-weight: 400;\">: descanse assim que sentir desconforto.<\/span><\/li>\n<\/ul>\n<p>&nbsp;<\/p>\n<ul>\n<li style=\"font-weight: 400;\" aria-level=\"1\"><b>Gelo<\/b><span style=\"font-weight: 400;\">: aplique frio local durante 15-20 minutos a cada hora nas primeiras horas.<\/span><\/li>\n<\/ul>\n<p>&nbsp;<\/p>\n<ul>\n<li style=\"font-weight: 400;\" aria-level=\"1\"><b>Compress\u00e3o<\/b><span style=\"font-weight: 400;\">: use ataduras el\u00e1sticas para reduzir a inflama\u00e7\u00e3o.<\/span><\/li>\n<\/ul>\n<p>&nbsp;<\/p>\n<ul>\n<li style=\"font-weight: 400;\" aria-level=\"1\"><b>Eleva\u00e7\u00e3o<\/b><span style=\"font-weight: 400;\">: mantenha a \u00e1rea lesionada elevada enquanto estiver em repouso.<\/span><\/li>\n<\/ul>\n<p>&nbsp;<\/p>\n<h3><b>Limpeza e tratamento de bolhas sem riscos<\/b><\/h3>\n<ul>\n<li style=\"font-weight: 400;\" aria-level=\"1\"><span style=\"font-weight: 400;\">Se a bolha n\u00e3o estourou, o melhor \u00e9 <\/span><b>proteg\u00ea-la com um curativo hidrocoloide sem estour\u00e1-la<\/b><span style=\"font-weight: 400;\">.<\/span><\/li>\n<\/ul>\n<p>&nbsp;<\/p>\n<ul>\n<li style=\"font-weight: 400;\" aria-level=\"1\"><span style=\"font-weight: 400;\">Se a bolha estourou,<\/span><b> limpe com \u00e1gua e sab\u00e3o<\/b><span style=\"font-weight: 400;\">, desinfete com povidona iodada e cubra com uma gaze est\u00e9ril.<\/span><\/li>\n<\/ul>\n<p>&nbsp;<\/p>\n<ul>\n<li style=\"font-weight: 400;\" aria-level=\"1\"><span style=\"font-weight: 400;\">N\u00e3o retire a pele solta, a menos que esteja pendurada, e evite caminhar sem prote\u00e7\u00e3o.<\/span><\/li>\n<\/ul>\n<p>&nbsp;<\/p>\n<h2><b>O que levar no kit de primeiros socorros do peregrino?<\/b><\/h2>\n<p><span style=\"font-weight: 400;\">Um pequeno kit pode ser um salva-vidas. N\u00e3o \u00e9 necess\u00e1rio carregar com uma farm\u00e1cia inteira, apenas o essencial.<\/span><\/p>\n<p>&nbsp;<\/p>\n<h3><b>Imprescind\u00edveis m\u00e9dicos<\/b><\/h3>\n<ul>\n<li style=\"font-weight: 400;\" aria-level=\"1\"><b>Paracetamol 500 mg<\/b><span style=\"font-weight: 400;\">: analg\u00e9sico base para aliviar a dor geral. A dose m\u00e1xima recomendada \u00e9 de 3 gramas por dia.<\/span><\/li>\n<\/ul>\n<p>&nbsp;<\/p>\n<ul>\n<li style=\"font-weight: 400;\" aria-level=\"1\"><b>Ibuprofeno 400 mg<\/b><span style=\"font-weight: 400;\">: anti-inflamat\u00f3rio \u00fatil para reduzir inflama\u00e7\u00e3o e dor muscular. Deve ser tomado sempre ap\u00f3s as refei\u00e7\u00f5es.<\/span><\/li>\n<\/ul>\n<p>&nbsp;<\/p>\n<ul>\n<li style=\"font-weight: 400;\" aria-level=\"1\"><b>Antihistam\u00ednico oral <\/b><span style=\"font-weight: 400;\">(Clorfenamina 4 mg): indicado para aliviar rea\u00e7\u00f5es al\u00e9rgicas leves, como picadas ou urtic\u00e1ria.<\/span><\/li>\n<\/ul>\n<p>&nbsp;<\/p>\n<ul>\n<li style=\"font-weight: 400;\" aria-level=\"1\"><b>Antiss\u00e9ptico <\/b><span style=\"font-weight: 400;\">(clorexidina ou povidona iodada): essencial para limpar feridas ou bolhas abertas. Evita infe\u00e7\u00f5es na pele exposta e favorece a cicatriza\u00e7\u00e3o em ambientes h\u00famidos, como o Caminho.<\/span><\/li>\n<\/ul>\n<p>&nbsp;<\/p>\n<ul>\n<li style=\"font-weight: 400;\" aria-level=\"1\"><b>Tesouras pequenas e pin\u00e7as<\/b><span style=\"font-weight: 400;\">: \u00fateis para cortar gazes, abrir curativos ou retirar espinhos ou pele morta com precis\u00e3o. Certifique-se de que est\u00e3o limpas e desinfetadas antes de as utilizar.<\/span><\/li>\n<\/ul>\n<p>&nbsp;<\/p>\n<h3><b>Material para bolhas e curativos r\u00e1pidos<\/b><\/h3>\n<ul>\n<li style=\"font-weight: 400;\" aria-level=\"1\"><b>Curativos hidrocoloides<\/b><span style=\"font-weight: 400;\">: criam uma barreira protetora sobre a bolha, reduzem a fric\u00e7\u00e3o e aceleram a cura. Ideais para prevenir infe\u00e7\u00f5es e continuar a caminhar com menos dor.<\/span><\/li>\n<\/ul>\n<p>&nbsp;<\/p>\n<ul>\n<li style=\"font-weight: 400;\" aria-level=\"1\"><b>Gazes e esparadrapo hipoalerg\u00e9nico<\/b><span style=\"font-weight: 400;\">: permitem cobrir feridas limpas sem irritar a pele. As gazes absorvem o exsudado e o esparadrapo mant\u00e9m o curativo sem causar alergias.<\/span><\/li>\n<\/ul>\n<p>&nbsp;<\/p>\n<ul>\n<li style=\"font-weight: 400;\" aria-level=\"1\"><b>Ataduras el\u00e1sticas de diferentes tamanhos<\/b><span style=\"font-weight: 400;\">: servem para comprimir entorses leves, reduzir a inflama\u00e7\u00e3o ou imobilizar articula\u00e7\u00f5es temporariamente. N\u00e3o devem ser apertadas demais para n\u00e3o cortar a circula\u00e7\u00e3o.<\/span><\/li>\n<\/ul>\n<p>&nbsp;<\/p>\n<ul>\n<li style=\"font-weight: 400;\" aria-level=\"1\"><b>Agulhas est\u00e9reis e monofilamento<\/b><span style=\"font-weight: 400;\">: necess\u00e1rias caso precise drenar uma bolha grande ou com l\u00edquido. Use apenas se souber como fazer isso e desinfete antes e depois.<\/span><\/li>\n<\/ul>\n<p>&nbsp;<\/p>\n<ul>\n<li style=\"font-weight: 400;\" aria-level=\"1\"><b>Luvas descart\u00e1veis<\/b><span style=\"font-weight: 400;\">: fundamentais para manusear feridas sem risco de infe\u00e7\u00e3o. Tamb\u00e9m \u00fateis caso precise ajudar outro peregrino com les\u00f5es em \u00e1reas delicadas.<\/span><\/li>\n<\/ul>\n<p>&nbsp;<\/p>\n<p><span style=\"font-weight: 400;\">O kit deve pesar pouco, ser acess\u00edvel e estar organizado. Cada item tem um prop\u00f3sito espec\u00edfico no caminho.<\/span><\/p>\n<p>&nbsp;<\/p>\n<h2><b>Distintas rotas e o seu n\u00edvel de dificuldade<\/b><\/h2>\n<p><span style=\"font-weight: 400;\">Nem todas as rotas do Caminho de Santiago apresentam o mesmo n\u00edvel de exig\u00eancia f\u00edsica. Escolher bem pode ajudar a prevenir les\u00f5es, caso saiba quais s\u00e3o os seus limites.<\/span><\/p>\n<ul>\n<li aria-level=\"1\"><span style=\"font-weight: 400;\">O <\/span><b>Caminho Franc\u00eas<\/b><span style=\"font-weight: 400;\">. \u00c9 a rota mais popular e tem a melhor infraestrutura. A sua dificuldade \u00e9 m\u00e9dia, com etapas longas, mas terreno variado e servi\u00e7os frequentes. Recomendado para quem procura um ritmo constante e apoio em todos os momentos.<\/span><\/li>\n<\/ul>\n<p>&nbsp;<\/p>\n<ul>\n<li style=\"font-weight: 400;\" aria-level=\"1\"><span style=\"font-weight: 400;\">O <\/span><b>Caminho do Norte<\/b><span style=\"font-weight: 400;\">. Esta variante costeira \u00e9 maravilhosa, mas mais exigente. O terreno \u00e9 mais t\u00e9cnico, com subidas constantes, humidade e trechos irregulares. Se tiver dores articulares ou les\u00f5es leves, pode ser necess\u00e1rio adaptar o ritmo ou encurtar algumas etapas.\u00a0<\/span><\/li>\n<\/ul>\n<p>&nbsp;<\/p>\n<ul>\n<li style=\"list-style-type: none;\">\n<ul>\n<li style=\"font-weight: 400;\" aria-level=\"2\"><span style=\"font-weight: 400;\">O<\/span><a href=\"https:\/\/www.mundiplus.com\/pt\/caminos\/a-pie\/camino-norte\/camino-de-santiago-desde-santander\/\"> <b>Caminho de Santiago de Santander a Gij\u00f3n<\/b><\/a><span style=\"font-weight: 400;\"> percorre parte da costa cant\u00e1brica, combinando mar e montanha. Os seus desn\u00edveis moderados e a beleza da paisagem fazem dele uma op\u00e7\u00e3o atraente, embora algo exigente.<\/span><\/li>\n<\/ul>\n<\/li>\n<\/ul>\n<p>&nbsp;<\/p>\n<ul>\n<li style=\"font-weight: 400;\" aria-level=\"1\"><span style=\"font-weight: 400;\">O <\/span><b>Caminho Portugu\u00eas Interior e pela Costa<\/b><span style=\"font-weight: 400;\">. Alternativa ideal para quem deseja um percurso mais suave. As etapas s\u00e3o moderadas, o clima \u00e9 ameno e o terreno costuma ser confort\u00e1vel. Muito recomend\u00e1vel para iniciantes ou se precisar de uma experi\u00eancia mais tranquila.<\/span><\/li>\n<\/ul>\n<p>&nbsp;<\/p>\n<ul>\n<li style=\"list-style-type: none;\">\n<ul>\n<li style=\"font-weight: 400;\" aria-level=\"2\"><span style=\"font-weight: 400;\">O<\/span><a href=\"https:\/\/www.mundiplus.com\/pt\/caminos\/a-pie\/camino-desde-oporto-a-a-guarda\/\"> <b>Caminho de Santiago Porto a A Guarda<\/b><\/a><span style=\"font-weight: 400;\"> atravessa o norte de Portugal, com um tra\u00e7ado suave e bom terreno. \u00c9 ideal se procurar um percurso tranquilo, com sabor atl\u00e2ntico e cultural portugu\u00eas.<\/span><\/li>\n<\/ul>\n<\/li>\n<\/ul>\n<p>&nbsp;<\/p>\n<ul>\n<li style=\"list-style-type: none;\">\n<ul>\n<li style=\"font-weight: 400;\" aria-level=\"2\"><span style=\"font-weight: 400;\">O <\/span><a href=\"https:\/\/www.mundiplus.com\/pt\/caminos\/a-pie\/camino-portugues-costa\/camino-de-santiago-desde-a-guarda\/\"><b>caminho de A Guarda a Santiago<\/b><\/a><span style=\"font-weight: 400;\"> segue a costa galega desde a foz do Rio Mi\u00f1o at\u00e9 Santiago. Tem trechos planos, passadi\u00e7os de madeira e vistas abertas, ideais para etapas de recupera\u00e7\u00e3o.<\/span><\/li>\n<\/ul>\n<\/li>\n<\/ul>\n<p>&nbsp;<\/p>\n<ul>\n<li style=\"font-weight: 400;\" aria-level=\"1\"><b>Outras variantes populares <\/b><span style=\"font-weight: 400;\">(Primitivo, Ingl\u00eas, V\u00eda de la Plata, Inverno)<\/span>\n<ul>\n<li style=\"font-weight: 400;\" aria-level=\"2\"><span style=\"font-weight: 400;\">O <\/span><b>Primitivo<\/b><span style=\"font-weight: 400;\"> \u00e9 duro, com desn\u00edveis exigentes. N\u00e3o \u00e9 aconselh\u00e1vel se tiver dores.<\/span><\/li>\n<\/ul>\n<\/li>\n<\/ul>\n<ul>\n<li style=\"list-style-type: none;\">\n<ul>\n<li style=\"font-weight: 400;\" aria-level=\"2\"><span style=\"font-weight: 400;\">O <\/span><b>Caminho Ingl\u00eas<\/b><span style=\"font-weight: 400;\"> \u00e9 curto e acess\u00edvel, ideal se precisar de um caminho mais breve.<\/span><\/li>\n<\/ul>\n<\/li>\n<\/ul>\n<ul>\n<li style=\"list-style-type: none;\">\n<ul>\n<li style=\"font-weight: 400;\" aria-level=\"2\"><span style=\"font-weight: 400;\">A <\/span><b>V\u00eda de la Plata<\/b><span style=\"font-weight: 400;\"> combina longas etapas e altas temperaturas, especialmente no ver\u00e3o.<\/span><\/li>\n<\/ul>\n<\/li>\n<\/ul>\n<ul>\n<li style=\"list-style-type: none;\">\n<ul>\n<li style=\"font-weight: 400;\" aria-level=\"2\"><span style=\"font-weight: 400;\">O <\/span><b>Caminho de Inverno<\/b><span style=\"font-weight: 400;\"> evita o Alto de Cebreiro, boa op\u00e7\u00e3o fora de temporada.<\/span><\/li>\n<\/ul>\n<\/li>\n<\/ul>\n<p>&nbsp;<\/p>\n<h2><b>Parar ou continuar? Como decidir com base no seu corpo<\/b><\/h2>\n<p>&nbsp;<\/p>\n<p>&nbsp;<\/p>\n<p><img loading=\"lazy\" decoding=\"async\" class=\"alignnone wp-image-121780 size-full\" src=\"https:\/\/www.mundiplus.com\/wp-content\/uploads\/2025\/07\/las-dolencias-mas-frecuentes-entre-peregrinos-Mundiplus.jpg\" alt=\"\" width=\"1000\" height=\"672\" srcset=\"https:\/\/www.mundiplus.com\/wp-content\/uploads\/2025\/07\/las-dolencias-mas-frecuentes-entre-peregrinos-Mundiplus.jpg 1000w, https:\/\/www.mundiplus.com\/wp-content\/uploads\/2025\/07\/las-dolencias-mas-frecuentes-entre-peregrinos-Mundiplus-300x202.jpg 300w, https:\/\/www.mundiplus.com\/wp-content\/uploads\/2025\/07\/las-dolencias-mas-frecuentes-entre-peregrinos-Mundiplus-768x516.jpg 768w, https:\/\/www.mundiplus.com\/wp-content\/uploads\/2025\/07\/las-dolencias-mas-frecuentes-entre-peregrinos-Mundiplus-600x403.jpg 600w\" sizes=\"(max-width: 1000px) 100vw, 1000px\" \/><\/p>\n<p><span style=\"font-weight: 400;\">Uma das decis\u00f5es mais dif\u00edceis \u00e9 saber se deve continuar ou parar. Aqui est\u00e3o alguns sinais que podem ajud\u00e1-lo:<\/span><\/p>\n<ul>\n<li style=\"font-weight: 400;\" aria-level=\"1\"><b>Dor persistente<\/b><span style=\"font-weight: 400;\">: se n\u00e3o desaparecer com o descanso, pare.<\/span><\/li>\n<\/ul>\n<p>&nbsp;<\/p>\n<ul>\n<li style=\"font-weight: 400;\" aria-level=\"1\"><b>Falta de mobilidade<\/b><span style=\"font-weight: 400;\">: se n\u00e3o conseguir apoiar, caminhar ou usar os bast\u00f5es com normalidade.<\/span><\/li>\n<\/ul>\n<p>&nbsp;<\/p>\n<ul>\n<li style=\"font-weight: 400;\" aria-level=\"1\"><b>Fadiga extrema<\/b><span style=\"font-weight: 400;\">: se o corpo n\u00e3o responder e for dif\u00edcil avan\u00e7ar.<\/span><\/li>\n<\/ul>\n<p>&nbsp;<\/p>\n<ul>\n<li style=\"font-weight: 400;\" aria-level=\"1\"><b>Sintomas de infe\u00e7\u00e3o<\/b><span style=\"font-weight: 400;\">: febre, vermelhid\u00e3o excessiva ou secre\u00e7\u00f5es.<\/span><\/li>\n<\/ul>\n<p>&nbsp;<\/p>\n<p><span style=\"font-weight: 400;\">Lembre-se de que pode retomar o Caminho mais tarde e descansar os dias que considerar necess\u00e1rio. A sua sa\u00fade \u00e9 sempre a prioridade.<\/span><\/p>\n<p>&nbsp;<\/p>\n<h2><b>Recursos de sa\u00fade e seguran\u00e7a dispon\u00edveis em 2025<\/b><\/h2>\n<p><span style=\"font-weight: 400;\">As rotas mais frequentadas t\u00eam servi\u00e7os de emerg\u00eancia e assist\u00eancia b\u00e1sica:<\/span><\/p>\n<ul>\n<li style=\"font-weight: 400;\" aria-level=\"1\"><b>Cruz Vermelha<\/b><span style=\"font-weight: 400;\">: tem equipas m\u00f3veis na Galiza durante os meses de maior aflu\u00eancia. Tamb\u00e9m instalam postos de atendimento fixos em pontos chave.<\/span><\/li>\n<\/ul>\n<p>&nbsp;<\/p>\n<ul>\n<li style=\"font-weight: 400;\" aria-level=\"1\"><b>Guarda Civil<\/b><span style=\"font-weight: 400;\">: atrav\u00e9s da Oficina M\u00f3vel do Peregrino, oferecem ajuda, aconselhamento e gest\u00e3o de incidentes.<\/span><\/li>\n<\/ul>\n<p>&nbsp;<\/p>\n<ul>\n<li style=\"font-weight: 400;\" aria-level=\"1\"><b>App AlertCops<\/b><span style=\"font-weight: 400;\">: permite contactar com emerg\u00eancias mesmo que n\u00e3o fale espanhol.<\/span><\/li>\n<\/ul>\n<p>&nbsp;<\/p>\n<ul>\n<li style=\"font-weight: 400;\" aria-level=\"1\"><b>Centros de sa\u00fade rurais<\/b><span style=\"font-weight: 400;\">: existem pequenos centros de sa\u00fade em muitas localidades interm\u00e9dias.<\/span><\/li>\n<\/ul>\n<p>&nbsp;<\/p>\n<ul>\n<li style=\"font-weight: 400;\" aria-level=\"1\"><b>Farm\u00e1cias de servi\u00e7o<\/b><span style=\"font-weight: 400;\">: h\u00e1 sempre uma dispon\u00edvel por zona; a informa\u00e7\u00e3o est\u00e1 dispon\u00edvel nos albergues e alojamentos.<\/span><\/li>\n<\/ul>\n<p>&nbsp;<\/p>\n<p><span style=\"font-weight: 400;\">\u00c9 aconselh\u00e1vel levar sempre uma c\u00f3pia da sua documenta\u00e7\u00e3o e um cart\u00e3o de sa\u00fade v\u00e1lido (ou equivalente europeu).<\/span><\/p>\n<p>&nbsp;<\/p>\n<h2><b>Preven\u00e7\u00e3o: prepare o seu corpo antes e durante a marcha<\/b><\/h2>\n<p><span style=\"font-weight: 400;\">A melhor forma de lidar com uma les\u00e3o \u00e9 evitar que aconte\u00e7a. Aqui est\u00e3o algumas recomenda\u00e7\u00f5es para minimizar o risco:<\/span><\/p>\n<ul>\n<li style=\"font-weight: 400;\" aria-level=\"1\"><b>Treinamento pr\u00e9vio<\/b><span style=\"font-weight: 400;\">: comece a caminhar pelo menos um m\u00eas antes, aumentando a dist\u00e2ncia gradualmente.<\/span><\/li>\n<\/ul>\n<p>&nbsp;<\/p>\n<ul>\n<li style=\"font-weight: 400;\" aria-level=\"1\"><b>Fortalecimento muscular<\/b><span style=\"font-weight: 400;\">: dedique tempo a exerc\u00edcios de pernas, core e costas.<\/span><\/li>\n<\/ul>\n<p>&nbsp;<\/p>\n<ul>\n<li style=\"font-weight: 400;\" aria-level=\"1\"><b>Cal\u00e7ado adequado<\/b><span style=\"font-weight: 400;\">: use botas j\u00e1 amaciadas, respir\u00e1veis e do seu n\u00famero exato.<\/span><\/li>\n<\/ul>\n<p>&nbsp;<\/p>\n<ul>\n<li style=\"font-weight: 400;\" aria-level=\"1\"><b>Meias t\u00e9cnicas<\/b><span style=\"font-weight: 400;\">: evitam humidade e fric\u00e7\u00f5es.<\/span><\/li>\n<\/ul>\n<p>&nbsp;<\/p>\n<ul>\n<li style=\"font-weight: 400;\" aria-level=\"1\"><b>Bast\u00f5es<\/b><span style=\"font-weight: 400;\">: ajudam a distribuir o peso e estabilizam a sua passada.<\/span><\/li>\n<\/ul>\n<p>&nbsp;<\/p>\n<ul>\n<li style=\"font-weight: 400;\" aria-level=\"1\"><b>Hidrata\u00e7\u00e3o e alimenta\u00e7\u00e3o<\/b><span style=\"font-weight: 400;\">: essenciais para evitar c\u00e3ibras e fadiga.<\/span><\/li>\n<\/ul>\n<p>&nbsp;<\/p>\n<ul>\n<li style=\"font-weight: 400;\" aria-level=\"1\"><b>Pausas regulares<\/b><span style=\"font-weight: 400;\">: ou\u00e7a o seu corpo e fa\u00e7a descansos antes de sentir dor.<\/span><\/li>\n<\/ul>\n<p>&nbsp;<\/p>\n<p><span style=\"font-weight: 400;\">O Caminho n\u00e3o se trata de velocidade, mas sim de <\/span><b>const\u00e2ncia e bem-estar<\/b><span style=\"font-weight: 400;\">.<\/span><\/p>\n<p>&nbsp;<\/p>\n<h2><b>Recupera\u00e7\u00e3o ativa e retorno ao caminho<\/b><\/h2>\n<p><span style=\"font-weight: 400;\">Se decidir descansar um dia, aproveite para aplicar cuidados que o ajudem a voltar com energia:<\/span><\/p>\n<ul>\n<li style=\"font-weight: 400;\" aria-level=\"1\"><b>Alongamentos suaves<\/b><span style=\"font-weight: 400;\">: Focados na zona afetada.<\/span><\/li>\n<\/ul>\n<p>&nbsp;<\/p>\n<ul>\n<li style=\"font-weight: 400;\" aria-level=\"1\"><b>Massagens com creme anti-inflamat\u00f3rio ou arnica<\/b><span style=\"font-weight: 400;\">.<\/span><\/li>\n<\/ul>\n<p>&nbsp;<\/p>\n<ul>\n<li style=\"font-weight: 400;\" aria-level=\"1\"><b>Aplica\u00e7\u00e3o de frio\/calor <\/b><span style=\"font-weight: 400;\">conforme a fase da les\u00e3o.<\/span><\/li>\n<\/ul>\n<p>&nbsp;<\/p>\n<ul>\n<li style=\"font-weight: 400;\" aria-level=\"1\"><b>Dormir bem<\/b><span style=\"font-weight: 400;\">: o corpo regenera-se durante o sono.<\/span><\/li>\n<\/ul>\n<p>&nbsp;<\/p>\n<ul>\n<li style=\"font-weight: 400;\" aria-level=\"1\"><b>Retomar de forma progressiva<\/b><span style=\"font-weight: 400;\">: comece com meio dia e avalie a sua evolu\u00e7\u00e3o.<\/span><\/li>\n<\/ul>\n<p>&nbsp;<\/p>\n<p><span style=\"font-weight: 400;\">N\u00e3o se compare com outros peregrinos. Cada Caminho \u00e9 \u00fanico e adapt\u00e1-lo \u00e0s suas necessidades \u00e9 um sinal de intelig\u00eancia e respeito por si mesmo.<\/span><\/p>\n<p><span style=\"font-weight: 400;\">Ter uma les\u00e3o leve no Caminho de Santiago n\u00e3o significa o fim da viagem. Com uma resposta adequada, materiais b\u00e1sicos e conhecimento do ambiente, pode continuar sem maiores riscos ou parar a tempo para recuperar.<\/span><\/p>\n<p><span style=\"font-weight: 400;\">Lembre-se: avalie a les\u00e3o com calma, aplique o m\u00e9todo RICE se necess\u00e1rio, conhe\u00e7a os recursos dispon\u00edveis, adapte o seu percurso \u00e0 sua situa\u00e7\u00e3o, priorize a sua sa\u00fade. O Caminho acompanha-o tamb\u00e9m na pausa. \u00c0s vezes, parar faz parte do pr\u00f3prio aprendizado. E quando estiver pronto, o trilho estar\u00e1 l\u00e1, esperando por si.<\/span><\/p>\n","protected":false},"excerpt":{"rendered":"<p>O Caminho de Santiago \u00e9 um desafio pessoal que coloca \u00e0 prova o corpo e a mente. Apesar da prepara\u00e7\u00e3o pr\u00e9via, as les\u00f5es leves podem aparecer em qualquer etapa e em qualquer rota. Saber como agir diante delas faz toda a diferen\u00e7a entre abandonar prematuramente ou continuar a experi\u00eancia de forma segura e consciente. Como [&hellip;]<\/p>\n","protected":false},"author":1,"featured_media":121773,"comment_status":"open","ping_status":"open","sticky":false,"template":"","format":"standard","meta":{"footnotes":""},"categories":[574,578,570],"tags":[],"class_list":["post-121826","post","type-post","status-publish","format-standard","has-post-thumbnail","hentry","category-blog-do-caminho","category-caminho-a-pe","category-condicionamento-fisico"],"_links":{"self":[{"href":"https:\/\/www.mundiplus.com\/pt-pt\/wp-json\/wp\/v2\/posts\/121826","targetHints":{"allow":["GET"]}}],"collection":[{"href":"https:\/\/www.mundiplus.com\/pt-pt\/wp-json\/wp\/v2\/posts"}],"about":[{"href":"https:\/\/www.mundiplus.com\/pt-pt\/wp-json\/wp\/v2\/types\/post"}],"author":[{"embeddable":true,"href":"https:\/\/www.mundiplus.com\/pt-pt\/wp-json\/wp\/v2\/users\/1"}],"replies":[{"embeddable":true,"href":"https:\/\/www.mundiplus.com\/pt-pt\/wp-json\/wp\/v2\/comments?post=121826"}],"version-history":[{"count":3,"href":"https:\/\/www.mundiplus.com\/pt-pt\/wp-json\/wp\/v2\/posts\/121826\/revisions"}],"predecessor-version":[{"id":121876,"href":"https:\/\/www.mundiplus.com\/pt-pt\/wp-json\/wp\/v2\/posts\/121826\/revisions\/121876"}],"wp:featuredmedia":[{"embeddable":true,"href":"https:\/\/www.mundiplus.com\/pt-pt\/wp-json\/wp\/v2\/media\/121773"}],"wp:attachment":[{"href":"https:\/\/www.mundiplus.com\/pt-pt\/wp-json\/wp\/v2\/media?parent=121826"}],"wp:term":[{"taxonomy":"category","embeddable":true,"href":"https:\/\/www.mundiplus.com\/pt-pt\/wp-json\/wp\/v2\/categories?post=121826"},{"taxonomy":"post_tag","embeddable":true,"href":"https:\/\/www.mundiplus.com\/pt-pt\/wp-json\/wp\/v2\/tags?post=121826"}],"curies":[{"name":"wp","href":"https:\/\/api.w.org\/{rel}","templated":true}]}}