{"id":121945,"date":"2025-07-11T17:35:13","date_gmt":"2025-07-11T17:35:13","guid":{"rendered":"https:\/\/www.mundiplus.com\/?p=121945"},"modified":"2026-03-26T14:54:09","modified_gmt":"2026-03-26T14:54:09","slug":"gostaria-de-ser-voluntario-no-caminho-de-santiago","status":"publish","type":"post","link":"https:\/\/www.mundiplus.com\/pt-pt\/voluntariado-no-caminho-de-santiago\/","title":{"rendered":"Gostaria de ser volunt\u00e1rio no Caminho de Santiago?"},"content":{"rendered":"<p><img fetchpriority=\"high\" decoding=\"async\" class=\"alignnone wp-image-118987 size-full\" src=\"https:\/\/www.mundiplus.com\/wp-content\/uploads\/2025\/04\/Blog-Mundiplus.png\" alt=\"\" width=\"1023\" height=\"539\" srcset=\"https:\/\/www.mundiplus.com\/wp-content\/uploads\/2025\/04\/Blog-Mundiplus.png 1023w, https:\/\/www.mundiplus.com\/wp-content\/uploads\/2025\/04\/Blog-Mundiplus-300x158.png 300w, https:\/\/www.mundiplus.com\/wp-content\/uploads\/2025\/04\/Blog-Mundiplus-768x405.png 768w, https:\/\/www.mundiplus.com\/wp-content\/uploads\/2025\/04\/Blog-Mundiplus-600x316.png 600w\" sizes=\"(max-width: 1023px) 100vw, 1023px\" \/><\/p>\n<p><span style=\"font-weight: 400;\">Existem muitas formas de viver o Caminho de Santiago. Alguns percorrem-no \u00e0 procura de um desafio f\u00edsico. Outros, uma experi\u00eancia espiritual ou uma viagem cultural. Mas h\u00e1 quem o viva de outra forma: <\/span><b>a do acolhimento, do servi\u00e7o e da generosidade desinteressada<\/b><span style=\"font-weight: 400;\">. Se alguma vez pensaste em devolver a esta experi\u00eancia tudo o que te deu \u2014 ou simplesmente queres fazer parte de algo aut\u00eantico \u2014 tornar-te volunt\u00e1rio pode ser a tua pr\u00f3xima etapa.<\/span><\/p>\n<p><span style=\"font-weight: 400;\">O voluntariado no Caminho \u00e9 uma oportunidade para <\/span><b>conectar com pessoas de todo o mundo, ajudar os peregrinos <\/b><span style=\"font-weight: 400;\">e manter viva uma das tradi\u00e7\u00f5es mais humanas da Europa. Contamos-te tudo o que precisas de saber para dar esse passo, como participar e em que rotas a tua ajuda pode ser mais \u00fatil. Porque sim: <\/span><b>qualquer pessoa com motiva\u00e7\u00e3o, tempo e esp\u00edrito solid\u00e1rio pode faz\u00ea-lo<\/b><span style=\"font-weight: 400;\">.<\/span><\/p>\n<p>&nbsp;<\/p>\n<h2><b>O esp\u00edrito do voluntariado jacobeu<\/b><\/h2>\n<p><span style=\"font-weight: 400;\">Todos os anos, milhares de volunt\u00e1rios dedicam parte do seu tempo a tornar poss\u00edvel o Caminho. Fazem-no limpando, cozinhando, informando, orientando\u2026 e sobretudo, ouvindo. <\/span><\/p>\n<p><span style=\"font-weight: 400;\">Porque o voluntariado aqui <\/span><b>n\u00e3o \u00e9 um trabalho: \u00e9 uma forma de acolhimento<\/b><span style=\"font-weight: 400;\">. Nasceu com os antigos hospitais de peregrinos e hoje mant\u00e9m-se vivo gra\u00e7as a redes como os <\/span><i><span style=\"font-weight: 400;\">Hospitaleros Voluntarios<\/span><\/i><span style=\"font-weight: 400;\">, a <\/span><i><span style=\"font-weight: 400;\">Oficina del Peregrino<\/span><\/i><span style=\"font-weight: 400;\"> de Santiago ou muitas associa\u00e7\u00f5es locais.<\/span><\/p>\n<p><b>O perfil do volunt\u00e1rio \u00e9 variado<\/b><span style=\"font-weight: 400;\">: jovens, reformados, profissionais em ano sab\u00e1tico, antigos peregrinos ou simplesmente pessoas desejosas de oferecer tempo \u00fatil. Todos partilham a ilus\u00e3o de criar um ambiente de respeito, hospitalidade e cuidado m\u00fatuo. E <\/span><b>n\u00e3o precisas de ter experi\u00eancia<\/b><span style=\"font-weight: 400;\">. Apenas vontade, empatia e uma mochila cheia de vontade.<\/span><\/p>\n<p><span style=\"font-weight: 400;\">Muitos afirmam que ser volunt\u00e1rio \u00e9<\/span><b> t\u00e3o transformador como percorr\u00ea-lo a p\u00e9<\/b><span style=\"font-weight: 400;\">, ou at\u00e9 mais. Porque o servi\u00e7o coloca-te no centro da viagem dos outros. E isso ensina-te, conecta-te e muda-te.<\/span><\/p>\n<p>&nbsp;<\/p>\n<h2><b>Formas de voluntariado: para l\u00e1 de ser hospitaleiro<\/b><\/h2>\n<h3><b>Hospitaleros em albergues<\/b><\/h3>\n<p><span style=\"font-weight: 400;\">A forma mais tradicional de colaborar \u00e9 ser <\/span><b>hospitalero num albergue do Caminho<\/b><span style=\"font-weight: 400;\">. Desde Roncesvalles at\u00e9 Santiago, dezenas de albergues p\u00fablicos e de donativos funcionam gra\u00e7as a pessoas que oferecem o seu tempo de forma altru\u00edsta. As suas tarefas s\u00e3o <\/span><b>abrir o albergue, carimbar credenciais, preparar refei\u00e7\u00f5es, limpar instala\u00e7\u00f5es e conversar com os peregrinos<\/b><span style=\"font-weight: 400;\"> no final do dia.<\/span><\/p>\n<p><span style=\"font-weight: 400;\">Geralmente, exige-se um <\/span><b>m\u00ednimo de 15 dias de servi\u00e7o<\/b><span style=\"font-weight: 400;\"> e ter feito previamente alguma rota. As forma\u00e7\u00f5es espec\u00edficas \u2014 que incluem atendimento b\u00e1sico, resolu\u00e7\u00e3o de conflitos e gest\u00e3o do dia a dia \u2014 organizam-se <\/span><b>v\u00e1rias vezes por ano<\/b><span style=\"font-weight: 400;\">. Al\u00e9m disso, n\u00e3o \u00e9 necess\u00e1rio ter experi\u00eancia pr\u00e9via em voluntariado, embora se valorize uma atitude flex\u00edvel e resolutiva.<\/span><\/p>\n<p>&nbsp;<\/p>\n<h3><b>Pontos de acolhimento e informa\u00e7\u00e3o<\/b><\/h3>\n<p><img decoding=\"async\" class=\"alignnone wp-image-121927 size-full\" src=\"https:\/\/www.mundiplus.com\/wp-content\/uploads\/2025\/07\/Oficina-del-Peregrino-Mundiplus.jpg\" alt=\"\" width=\"1024\" height=\"768\" srcset=\"https:\/\/www.mundiplus.com\/wp-content\/uploads\/2025\/07\/Oficina-del-Peregrino-Mundiplus.jpg 1024w, https:\/\/www.mundiplus.com\/wp-content\/uploads\/2025\/07\/Oficina-del-Peregrino-Mundiplus-300x225.jpg 300w, https:\/\/www.mundiplus.com\/wp-content\/uploads\/2025\/07\/Oficina-del-Peregrino-Mundiplus-768x576.jpg 768w, https:\/\/www.mundiplus.com\/wp-content\/uploads\/2025\/07\/Oficina-del-Peregrino-Mundiplus-600x450.jpg 600w\" sizes=\"(max-width: 1024px) 100vw, 1024px\" \/><\/p>\n<p><span style=\"font-weight: 400;\">Outra op\u00e7\u00e3o \u00e9 colaborar em <\/span><b>pontos de informa\u00e7\u00e3o para peregrinos<\/b><span style=\"font-weight: 400;\">, especialmente em Santiago de Compostela. Chegam l\u00e1 diariamente milhares de pessoas que precisam de orienta\u00e7\u00e3o, ajuda ou simplesmente ser recebidas com um sorriso. A <\/span><i><span style=\"font-weight: 400;\">Oficina del Peregrino<\/span><\/i><span style=\"font-weight: 400;\"> lan\u00e7a todos os anos a sua <\/span><b>campanha de voluntariado multilingue<\/b><span style=\"font-weight: 400;\">, aberta a quem tenha realizado algum tro\u00e7o do Caminho.<\/span><\/p>\n<p><span style=\"font-weight: 400;\">Os volunt\u00e1rios atendem consultas, ajudam a preencher formul\u00e1rios, entregam a Compostela e oferecem orienta\u00e7\u00e3o sobre alojamento, transporte ou o que fazer ao terminar a rota. \u00c9 uma experi\u00eancia intensa, especialmente na \u00e9poca alta, mas tamb\u00e9m muito enriquecedora pelo contacto direto com pessoas que acabaram de completar uma etapa importante nas suas vidas.<\/span><\/p>\n<p>&nbsp;<\/p>\n<h3><b>Brigadas de manuten\u00e7\u00e3o, sinaliza\u00e7\u00e3o e limpeza<\/b><\/h3>\n<p><img decoding=\"async\" class=\"alignnone wp-image-121921 size-full\" src=\"https:\/\/www.mundiplus.com\/wp-content\/uploads\/2025\/07\/Ser-voluntario-en-el-Camino-de-Santiago-Mundiplus.jpg\" alt=\"\" width=\"1024\" height=\"768\" srcset=\"https:\/\/www.mundiplus.com\/wp-content\/uploads\/2025\/07\/Ser-voluntario-en-el-Camino-de-Santiago-Mundiplus.jpg 1024w, https:\/\/www.mundiplus.com\/wp-content\/uploads\/2025\/07\/Ser-voluntario-en-el-Camino-de-Santiago-Mundiplus-300x225.jpg 300w, https:\/\/www.mundiplus.com\/wp-content\/uploads\/2025\/07\/Ser-voluntario-en-el-Camino-de-Santiago-Mundiplus-768x576.jpg 768w, https:\/\/www.mundiplus.com\/wp-content\/uploads\/2025\/07\/Ser-voluntario-en-el-Camino-de-Santiago-Mundiplus-600x450.jpg 600w\" sizes=\"(max-width: 1024px) 100vw, 1024px\" \/><\/p>\n<p><span style=\"font-weight: 400;\">Os trilhos n\u00e3o se cuidam sozinhos. Existem equipas de volunt\u00e1rios que, durante fins de semana ou f\u00e9rias, <\/span><b>revisam sinais, limpam trilhos, reparam mobili\u00e1rio ou repintam as famosas setas amarelas<\/b><span style=\"font-weight: 400;\">.\u00a0<\/span><\/p>\n<p><span style=\"font-weight: 400;\">Estas atividades costumam ser organizadas por associa\u00e7\u00f5es locais, e n\u00e3o requerem experi\u00eancia pr\u00e9via. S\u00e3o ideais para quem s\u00f3 pode comprometer-se por alguns dias ou quer contribuir de forma mais pr\u00e1tica.<\/span><\/p>\n<p>&nbsp;<\/p>\n<h3><b>Projetos ambientais e sociais<\/b><\/h3>\n<p><span style=\"font-weight: 400;\">Paralelamente, v\u00e1rias ONG e associa\u00e7\u00f5es jacobeias desenvolvem <\/span><b>projetos de sustentabilidade, integra\u00e7\u00e3o social ou educa\u00e7\u00e3o<\/b><span style=\"font-weight: 400;\"> ao longo das rotas. Desde compostores comunit\u00e1rios na Galiza at\u00e9 oficinas com pessoas migrantes em Navarra, o Caminho tamb\u00e9m \u00e9 um espa\u00e7o para a <\/span><b>transforma\u00e7\u00e3o social<\/b><span style=\"font-weight: 400;\">.<\/span><\/p>\n<p><span style=\"font-weight: 400;\">Existem tamb\u00e9m iniciativas com jovens, grupos em risco de exclus\u00e3o, caminhantes com defici\u00eancia ou projetos escolares. Se o teu perfil profissional est\u00e1 relacionado com a educa\u00e7\u00e3o, o meio ambiente ou o \u00e2mbito social, este tipo de voluntariado pode abrir-te uma porta ainda mais profunda.<\/span><\/p>\n<p>&nbsp;<\/p>\n<h2><b>Requisitos e como participar (atualizado a 2025)<\/b><\/h2>\n<p><span style=\"font-weight: 400;\">Ser volunt\u00e1rio est\u00e1 ao alcance de mais pessoas do que imaginas. Isso sim, conv\u00e9m conhecer alguns requisitos para que a experi\u00eancia seja fluida tanto para ti como para as pessoas a quem servir\u00e1s.<\/span><\/p>\n<p>&nbsp;<\/p>\n<h3><b>Quem pode participar?<\/b><\/h3>\n<ul>\n<li style=\"font-weight: 400;\" aria-level=\"1\"><b>Maiores de idade<\/b><span style=\"font-weight: 400;\">, embora algumas organiza\u00e7\u00f5es definam a idade m\u00ednima nos 21 anos.<\/span><\/li>\n<\/ul>\n<p>&nbsp;<\/p>\n<ul>\n<li style=\"font-weight: 400;\" aria-level=\"1\"><span style=\"font-weight: 400;\">Ter realizado pelo menos <\/span><b>100 km a p\u00e9 ou 200 km de bicicleta<\/b><span style=\"font-weight: 400;\">, para compreender em primeira m\u00e3o a experi\u00eancia peregrina.<\/span><\/li>\n<\/ul>\n<p>&nbsp;<\/p>\n<ul>\n<li style=\"font-weight: 400;\" aria-level=\"1\"><span style=\"font-weight: 400;\">N\u00edvel conversacional de <\/span><b>espanhol, ingl\u00eas ou outra l\u00edngua estrangeira<\/b><span style=\"font-weight: 400;\"> (valorizam-se muito franc\u00eas, alem\u00e3o ou portugu\u00eas).<\/span><\/li>\n<\/ul>\n<p>&nbsp;<\/p>\n<ul>\n<li style=\"font-weight: 400;\" aria-level=\"1\"><b>Atitude proativa<\/b><span style=\"font-weight: 400;\">, flex\u00edvel e boa predisposi\u00e7\u00e3o para conviver e colaborar.<\/span><\/li>\n<\/ul>\n<p>&nbsp;<\/p>\n<h3><b>Forma\u00e7\u00e3o e compromisso<\/b><\/h3>\n<ul>\n<li style=\"font-weight: 400;\" aria-level=\"1\"><b>Curso de forma\u00e7\u00e3o pr\u00e9via<\/b><span style=\"font-weight: 400;\"> (presencial ou online, costuma durar um fim de semana).<\/span><\/li>\n<\/ul>\n<p>&nbsp;<\/p>\n<ul>\n<li style=\"font-weight: 400;\" aria-level=\"1\"><b>Seguro de responsabilidade civil<\/b>&lt; span style=&#8221;font-weight: 400;&#8221;&gt; ou de acidentes (fornecido ou exigido).<\/li>\n<\/ul>\n<p>&nbsp;<\/p>\n<ul>\n<li style=\"font-weight: 400;\" aria-level=\"1\"><b>Estadia m\u00ednima de 15 dias<\/b><span style=\"font-weight: 400;\"> na maioria dos albergues. Algumas organiza\u00e7\u00f5es permitem estadias mais curtas em pontos de informa\u00e7\u00e3o ou tarefas pontuais.<\/span><\/li>\n<\/ul>\n<p>&nbsp;<\/p>\n<p><span style=\"font-weight: 400;\">O processo de candidatura abre-se entre <\/span><b>janeiro e mar\u00e7o<\/b><span style=\"font-weight: 400;\">, embora algumas rotas e associa\u00e7\u00f5es aceitem candidaturas durante todo o ano. Conv\u00e9m estar atento \u00e0s redes sociais e boletins das associa\u00e7\u00f5es jacobeias.<\/span><\/p>\n<p>&nbsp;<\/p>\n<h2><b>Rotas do Caminho e o seu potencial para o voluntariado<\/b><\/h2>\n<p><span style=\"font-weight: 400;\">O Caminho de Santiago n\u00e3o \u00e9 uma \u00fanica rota, mas sim uma rede de itiner\u00e1rios que atravessam grande parte da Europa. Algumas destas rotas t\u00eam <\/span><b>mais infraestruturas, maior fluxo de peregrinos e maiores necessidades de apoio<\/b><span style=\"font-weight: 400;\">. Outras, por outro lado, oferecem uma experi\u00eancia mais \u00edntima e rural, ideal para quem procura tranquilidade ou fugir da massifica\u00e7\u00e3o.<\/span><\/p>\n<p>&nbsp;<\/p>\n<h3><b>Caminho Franc\u00eas<\/b><\/h3>\n<p><span style=\"font-weight: 400;\">\u00c9 o mais popular. Desde Roncesvalles at\u00e9 Santiago, atravessa cidades como Pamplona, Logro\u00f1o, Burgos ou Le\u00f3n. Aqui concentram-se a maioria dos albergues geridos por hospitaleiros volunt\u00e1rios. \u00c9 tamb\u00e9m <\/span><b>onde mais vagas s\u00e3o oferecidas<\/b><span style=\"font-weight: 400;\">. A acolhida \u00e9 massiva entre <\/span><b>maio e outubro<\/b><span style=\"font-weight: 400;\">. Precisa-se de pessoal diariamente para gerir turnos, especialmente em pontos nevr\u00e1lgicos como Sarria.<\/span><\/p>\n<p>&nbsp;<\/p>\n<h3><b>Caminho do Norte<\/b><\/h3>\n<p><span style=\"font-weight: 400;\">Uma op\u00e7\u00e3o costeira, mais exigente fisicamente mas com paisagens espetaculares. Entre Santander e Gij\u00f3n, encontrar\u00e1s v\u00e1rios albergues onde sempre faltam m\u00e3os extras. Se quiseres conhecer esta rota por dentro, podes consultar esta proposta de <\/span><b>Caminho de Santiago de Santander a Gij\u00f3n<\/b><span style=\"font-weight: 400;\">, uma excelente forma de combinar a tua experi\u00eancia como peregrino com dias de servi\u00e7o posterior.<\/span><\/p>\n<p>&nbsp;<\/p>\n<h3><b>Caminho Portugu\u00eas (Central)<\/b><\/h3>\n<p><b>\u00c9 a segunda rota mais percorrida<\/b><span style=\"font-weight: 400;\">. Se quiseres fazer s\u00f3 a parte de Espanha, come\u00e7a em Tui (na Galiza) e atravessa localidades como Pontevedra ou Padr\u00f3n. Em \u00e9poca alta (julho, agosto e Semana Santa) s\u00e3o necess\u00e1rios refor\u00e7os constantes nos seus albergues municipais, tanto para hospitaleiros como para tarefas log\u00edsticas de apoio.<\/span><\/p>\n<p>&nbsp;<\/p>\n<h3><b>Caminho Portugu\u00eas pela Costa<\/b><\/h3>\n<p><span style=\"font-weight: 400;\">Uma variante cada vez mais popular, que percorre o litoral atl\u00e2ntico desde o Porto at\u00e9 A Guarda. Nesta zona, <\/span><b>a diversidade cultural dos peregrinos \u00e9 enorme<\/b><span style=\"font-weight: 400;\">, o que torna especialmente valioso o dom\u00ednio de l\u00ednguas.\u00a0<\/span><\/p>\n<p><span style=\"font-weight: 400;\">Podes conhecer este percurso no <\/span><b>Caminho de Santiago do Porto a A Guarda<\/b><span style=\"font-weight: 400;\"> e depois avaliar ficar como volunt\u00e1rio em localidades como Baiona, Nigr\u00e1n ou Vigo.<\/span><\/p>\n<p><span style=\"font-weight: 400;\">Se tiveres pouco tempo, podes colaborar em trechos mais curtos como o <\/span><b>Caminho de A Guarda a Santiago<\/b><span style=\"font-weight: 400;\">, ideal para combinar alguns dias de caminhada com tarefas de acolhimento. Neste trecho existem tr\u00eas albergues municipais que agradecem a presen\u00e7a de volunt\u00e1rios na \u00e9poca m\u00e9dia e alta.<\/span><\/p>\n<p>&nbsp;<\/p>\n<h3><b>Outras rotas<\/b><\/h3>\n<ul>\n<li style=\"font-weight: 400;\" aria-level=\"1\"><b>Caminho Primitivo<\/b><span style=\"font-weight: 400;\">: mais exigente, mas profundamente aut\u00eantico. Os hospitaleiros aqui costumam enfrentar desafios f\u00edsicos e condi\u00e7\u00f5es mais r\u00fasticas.<\/span><\/li>\n<\/ul>\n<p>&nbsp;<\/p>\n<ul>\n<li style=\"font-weight: 400;\" aria-level=\"1\"><b>Via da Prata e Sanabr\u00e9s<\/b><span style=\"font-weight: 400;\">: ideal para quem procura rotas menos transitadas mas igualmente ricas.<\/span><\/li>\n<\/ul>\n<p>&nbsp;<\/p>\n<ul>\n<li style=\"font-weight: 400;\" aria-level=\"1\"><b>Caminho Ingl\u00eas, Aragon\u00eas ou Moz\u00e1rabe<\/b><span style=\"font-weight: 400;\">: op\u00e7\u00f5es para volunt\u00e1rios mais experientes ou flex\u00edveis, onde cada dia de servi\u00e7o pode fazer uma diferen\u00e7a real.<\/span><\/li>\n<\/ul>\n<p>&nbsp;<\/p>\n<h2><b>Quando \u00e9 a melhor \u00e9poca para ser volunt\u00e1rio<\/b><\/h2>\n<ul>\n<li style=\"font-weight: 400;\" aria-level=\"1\"><b>Primavera <\/b><span style=\"font-weight: 400;\">(abril-maio): o Caminho floresce com caminheiros nacionais e escolares. Grande oportunidade para estrear como hospitaleiro.<\/span><\/li>\n<\/ul>\n<p>&nbsp;<\/p>\n<ul>\n<li style=\"font-weight: 400;\" aria-level=\"1\"><b>Ver\u00e3o <\/b><span style=\"font-weight: 400;\">(junho-agosto): alt\u00edssima procura. Mais turnos dispon\u00edveis, mas tamb\u00e9m mais intensidade.<\/span><\/li>\n<\/ul>\n<p>&nbsp;<\/p>\n<ul>\n<li style=\"font-weight: 400;\" aria-level=\"1\"><b>Outono <\/b><span style=\"font-weight: 400;\">(setembro-outubro): ambiente mais sereno, menos peregrinos e uma energia especial.<\/span><\/li>\n<\/ul>\n<p>&nbsp;<\/p>\n<ul>\n<li style=\"font-weight: 400;\" aria-level=\"1\"><b>Inverno<\/b><span style=\"font-weight: 400;\">: ideal para quem procura uma experi\u00eancia \u00edntima. Embora haja menos albergues abertos, os que funcionam nesta \u00e9poca s\u00e3o vitais para os caminheiros mais corajosos.<\/span><\/li>\n<\/ul>\n<p>&nbsp;<\/p>\n<h2><b>Experi\u00eancias reais: vozes que inspiram<\/b><\/h2>\n<p><i><span style=\"font-weight: 400;\">\u201cCheguei com medo de errar e parti com a certeza de que o voluntariado me tinha mudado\u2026 outra vez.\u201d<\/span><\/i><span style=\"font-weight: 400;\"> \u2014 Ana, hospitaleira em N\u00e1jera.<\/span><span style=\"font-weight: 400;\"><br \/>\n<\/span><i><span style=\"font-weight: 400;\"> \u201cEm Ribadeo cozinh\u00e1vamos para 40 todas as noites. N\u00e3o sabia que podia fazer tanto com t\u00e3o pouco.\u201d<\/span><\/i><span style=\"font-weight: 400;\"> \u2014 Miguel, volunt\u00e1rio veterano.<\/span><span style=\"font-weight: 400;\"><br \/>\n<\/span><i><span style=\"font-weight: 400;\"> \u201cRepetirei todos os anos enquanto puder. \u00c9 o mais parecido a estar em casa longe de casa.\u201d <\/span><\/i><span style=\"font-weight: 400;\">\u2014 Claire, volunt\u00e1ria de Fran\u00e7a.<\/span><span style=\"font-weight: 400;\"><br \/>\n<\/span><i><span style=\"font-weight: 400;\"> \u201cEm Santiago, vi peregrinos de pa\u00edses que nem sabia onde colocar a chorar de emo\u00e7\u00e3o. Nunca tinha sentido algo t\u00e3o universal.\u201d<\/span><\/i><span style=\"font-weight: 400;\"> \u2014 Jos\u00e9, ponto de acolhimento na Oficina do Peregrino.<\/span><\/p>\n<p>&nbsp;<\/p>\n<h2><b>Conselhos pr\u00e1ticos para uma experi\u00eancia inesquec\u00edvel<\/b><\/h2>\n<ul>\n<li style=\"font-weight: 400;\" aria-level=\"1\"><span style=\"font-weight: 400;\">Leva <\/span><b>roupa confort\u00e1vel<\/b><span style=\"font-weight: 400;\">, leve e f\u00e1cil de lavar.<\/span><\/li>\n<\/ul>\n<p>&nbsp;<\/p>\n<ul>\n<li style=\"font-weight: 400;\" aria-level=\"1\"><span style=\"font-weight: 400;\">Prepara <\/span><b>alguma receita simples<\/b><span style=\"font-weight: 400;\">: massa, saladas frias, pratos com leguminosas.<\/span><\/li>\n<\/ul>\n<p>&nbsp;<\/p>\n<ul>\n<li style=\"font-weight: 400;\" aria-level=\"1\"><span style=\"font-weight: 400;\">Aprende <\/span><b>frases b\u00e1sicas em v\u00e1rias l\u00ednguas.<\/b><\/li>\n<\/ul>\n<p>&nbsp;<\/p>\n<ul>\n<li style=\"font-weight: 400;\" aria-level=\"1\"><b>Escuta mais do que falas<\/b><span style=\"font-weight: 400;\">.<\/span><\/li>\n<\/ul>\n<p>&nbsp;<\/p>\n<ul>\n<li style=\"font-weight: 400;\" aria-level=\"1\"><b>Respeita a cultura peregrina<\/b><span style=\"font-weight: 400;\">, mesmo que n\u00e3o partilhes as suas motiva\u00e7\u00f5es.<\/span><\/li>\n<\/ul>\n<p>&nbsp;<\/p>\n<ul>\n<li style=\"font-weight: 400;\" aria-level=\"1\"><b>N\u00e3o tentes controlar tudo<\/b><span style=\"font-weight: 400;\">. O Caminho tem o seu pr\u00f3prio ritmo.<\/span><\/li>\n<\/ul>\n<p>&nbsp;<\/p>\n<p><span style=\"font-weight: 400;\">E acima de tudo: <\/span><b>desfruta do presente<\/b><span style=\"font-weight: 400;\">. Servir tamb\u00e9m \u00e9 uma forma de caminhar.<\/span><\/p>\n<p>&nbsp;<\/p>\n<h2><b>Recursos para te informares e inscreveres<\/b><\/h2>\n<ul>\n<li aria-level=\"1\"><b>Federa\u00e7\u00e3o Espanhola das Associa\u00e7\u00f5es do Caminho de Santiago<\/b><span style=\"font-weight: 400;\">: forma\u00e7\u00e3o e vagas como hospitaleiro.<\/span><\/li>\n<\/ul>\n<ul>\n<li aria-level=\"1\"><b>Oficina do Peregrino <\/b><span style=\"font-weight: 400;\">(Santiago): voluntariado multilingue na chegada.<\/span><\/li>\n<\/ul>\n<ul>\n<li aria-level=\"1\"><b>Associa\u00e7\u00f5es locais<\/b><span style=\"font-weight: 400;\">: rotas menos massificadas, tarefas diversas.<\/span><\/li>\n<\/ul>\n<ul>\n<li aria-level=\"1\"><b><a href=\"https:\/\/www.mundiplus.com\/pt\/\"><b>Mundiplus<\/b><\/a><\/b><span style=\"font-weight: 400;\">: Somos especialistas na <\/span><b>viagem caminho de Santiago<\/b><span style=\"font-weight: 400;\">. Ajudamos-te com o planeamento, percursos e organiza\u00e7\u00e3o de etapas.<\/span><\/li>\n<\/ul>\n<p>&nbsp;<\/p>\n<p><span style=\"font-weight: 400;\">O Caminho de Santiago \u00e9 muito mais do que uma caminhada. \u00c9 uma rede humana, uma troca de experi\u00eancias, uma forma de estar no mundo. Se alguma vez o percorreste, j\u00e1 sabes o que significa um gesto am\u00e1vel, uma cama limpa ou um sorriso sincero no fim da etapa. Agora tens a oportunidade de seres tu a oferecer isso<\/span><b>.<\/b><span style=\"font-weight: 400;\"> De estar do outro lado da rece\u00e7\u00e3o. De construir hospitalidade com as tuas m\u00e3os e o teu tempo.<\/span><\/p>\n<p><b>Porque caminhar transforma\u2026 mas servir tamb\u00e9m<\/b><span style=\"font-weight: 400;\">. Est\u00e1s disposto?.<\/span><\/p>\n","protected":false},"excerpt":{"rendered":"<p>Existem muitas formas de viver o Caminho de Santiago. Alguns percorrem-no \u00e0 procura de um desafio f\u00edsico. Outros, uma experi\u00eancia espiritual ou uma viagem cultural. Mas h\u00e1 quem o viva de outra forma: a do acolhimento, do servi\u00e7o e da generosidade desinteressada. Se alguma vez pensaste em devolver a esta experi\u00eancia tudo o que te [&hellip;]<\/p>\n","protected":false},"author":1,"featured_media":121926,"comment_status":"open","ping_status":"open","sticky":false,"template":"","format":"standard","meta":{"footnotes":""},"categories":[574,578,598],"tags":[],"class_list":["post-121945","post","type-post","status-publish","format-standard","has-post-thumbnail","hentry","category-blog-do-caminho","category-caminho-a-pe","category-preparativos-para-a-viagem"],"_links":{"self":[{"href":"https:\/\/www.mundiplus.com\/pt-pt\/wp-json\/wp\/v2\/posts\/121945","targetHints":{"allow":["GET"]}}],"collection":[{"href":"https:\/\/www.mundiplus.com\/pt-pt\/wp-json\/wp\/v2\/posts"}],"about":[{"href":"https:\/\/www.mundiplus.com\/pt-pt\/wp-json\/wp\/v2\/types\/post"}],"author":[{"embeddable":true,"href":"https:\/\/www.mundiplus.com\/pt-pt\/wp-json\/wp\/v2\/users\/1"}],"replies":[{"embeddable":true,"href":"https:\/\/www.mundiplus.com\/pt-pt\/wp-json\/wp\/v2\/comments?post=121945"}],"version-history":[{"count":7,"href":"https:\/\/www.mundiplus.com\/pt-pt\/wp-json\/wp\/v2\/posts\/121945\/revisions"}],"predecessor-version":[{"id":129345,"href":"https:\/\/www.mundiplus.com\/pt-pt\/wp-json\/wp\/v2\/posts\/121945\/revisions\/129345"}],"wp:featuredmedia":[{"embeddable":true,"href":"https:\/\/www.mundiplus.com\/pt-pt\/wp-json\/wp\/v2\/media\/121926"}],"wp:attachment":[{"href":"https:\/\/www.mundiplus.com\/pt-pt\/wp-json\/wp\/v2\/media?parent=121945"}],"wp:term":[{"taxonomy":"category","embeddable":true,"href":"https:\/\/www.mundiplus.com\/pt-pt\/wp-json\/wp\/v2\/categories?post=121945"},{"taxonomy":"post_tag","embeddable":true,"href":"https:\/\/www.mundiplus.com\/pt-pt\/wp-json\/wp\/v2\/tags?post=121945"}],"curies":[{"name":"wp","href":"https:\/\/api.w.org\/{rel}","templated":true}]}}