{"id":122065,"date":"2025-07-16T16:58:04","date_gmt":"2025-07-16T16:58:04","guid":{"rendered":"https:\/\/www.mundiplus.com\/?p=122065"},"modified":"2026-03-26T10:36:27","modified_gmt":"2026-03-26T10:36:27","slug":"a-sindrome-pos-camino-como-lidar-com-o-regresso-a-casa","status":"publish","type":"post","link":"https:\/\/www.mundiplus.com\/pt-pt\/sindrome-pos-passeio-como-lidar-com-ela\/","title":{"rendered":"A s\u00edndrome p\u00f3s-Camino: como lidar com o regresso a casa"},"content":{"rendered":"<p>&nbsp;<\/p>\n<p><span style=\"font-weight: 400;\"><img fetchpriority=\"high\" decoding=\"async\" class=\"alignnone wp-image-118987 size-full\" src=\"https:\/\/www.mundiplus.com\/wp-content\/uploads\/2025\/04\/Blog-Mundiplus.png\" alt=\"\" width=\"1023\" height=\"539\" srcset=\"https:\/\/www.mundiplus.com\/wp-content\/uploads\/2025\/04\/Blog-Mundiplus.png 1023w, https:\/\/www.mundiplus.com\/wp-content\/uploads\/2025\/04\/Blog-Mundiplus-300x158.png 300w, https:\/\/www.mundiplus.com\/wp-content\/uploads\/2025\/04\/Blog-Mundiplus-768x405.png 768w, https:\/\/www.mundiplus.com\/wp-content\/uploads\/2025\/04\/Blog-Mundiplus-600x316.png 600w\" sizes=\"(max-width: 1023px) 100vw, 1023px\" \/>Quem percorreu o Caminho de Santiago sabe que n\u00e3o \u00e9 apenas uma caminhada longa. \u00c9 uma experi\u00eancia que <\/span><b>transforma, une e desperta<\/b><span style=\"font-weight: 400;\">. Por isso, o momento de regressar a casa, quando tudo terminou e \u00e9 hora de voltar \u00e0 rotina, pode provocar uma mistura de <\/span><b>nostalgia, tristeza<\/b><span style=\"font-weight: 400;\"> e at\u00e9 <\/span><b>desorienta\u00e7\u00e3o<\/b><span style=\"font-weight: 400;\">. A isso se chama o <\/span><b>s\u00edndroma p\u00f3s-Caminho<\/b><span style=\"font-weight: 400;\">, um fen\u00f3meno real que cada vez mais peregrinos reconhecem e que merece ser compreendido.<\/span><\/p>\n<p><span style=\"font-weight: 400;\">Desde <\/span><b>Mundiplus<\/b><span style=\"font-weight: 400;\">, a tua ag\u00eancia especializada <\/span><b>viagens Caminho de Santiago<\/b> <span style=\"font-weight: 400;\">queremos explicar-te por que podes sentir saudades dos dias vividos e dar-te conselhos para enfrentar o regresso \u00e0 rotina.<\/span><\/p>\n<p>&nbsp;<\/p>\n<h2><b>O que \u00e9 o s\u00edndroma p\u00f3s-Caminho?<\/b><\/h2>\n<p><img decoding=\"async\" class=\"alignnone wp-image-122034 size-full\" src=\"https:\/\/www.mundiplus.com\/wp-content\/uploads\/2025\/07\/El-sindrome-post-Camino-Mundiplus.jpg\" alt=\"\" width=\"1024\" height=\"768\" srcset=\"https:\/\/www.mundiplus.com\/wp-content\/uploads\/2025\/07\/El-sindrome-post-Camino-Mundiplus.jpg 1024w, https:\/\/www.mundiplus.com\/wp-content\/uploads\/2025\/07\/El-sindrome-post-Camino-Mundiplus-300x225.jpg 300w, https:\/\/www.mundiplus.com\/wp-content\/uploads\/2025\/07\/El-sindrome-post-Camino-Mundiplus-768x576.jpg 768w, https:\/\/www.mundiplus.com\/wp-content\/uploads\/2025\/07\/El-sindrome-post-Camino-Mundiplus-600x450.jpg 600w\" sizes=\"(max-width: 1024px) 100vw, 1024px\" \/><\/p>\n<p><span style=\"font-weight: 400;\">O \u201cs\u00edndroma p\u00f3s-Caminho\u201d <\/span><b>n\u00e3o \u00e9 uma patologia m\u00e9dica oficial<\/b><span style=\"font-weight: 400;\">, mas \u00e9 um fen\u00f3meno psicol\u00f3gico e emocional amplamente descrito em f\u00f3runs de peregrinos, livros de viagem e conversas entre aqueles que viveram esta experi\u00eancia. Trata-se de um <\/span><b>processo de adapta\u00e7\u00e3o emocional<\/b><span style=\"font-weight: 400;\">, uma esp\u00e9cie de ressaca vital que surge ap\u00f3s uma viv\u00eancia t\u00e3o intensa.<\/span><\/p>\n<p>&nbsp;<\/p>\n<h3><b>Sintomas comuns<\/b><\/h3>\n<p><span style=\"font-weight: 400;\">N\u00e3o \u00e9 raro que os dias (e at\u00e9 semanas) ap\u00f3s o regresso, o peregrino experimente:<\/span><\/p>\n<ul>\n<li style=\"font-weight: 400;\" aria-level=\"1\"><b>Apatia ou perda de motiva\u00e7\u00e3o<\/b><span style=\"font-weight: 400;\">. Depois de viver com um prop\u00f3sito t\u00e3o claro como chegar a Santiago, muitas pessoas sentem-se desorientadas ao regressar a uma rotina sem esse mesmo sentido vital.<\/span><\/li>\n<\/ul>\n<p>&nbsp;<\/p>\n<ul>\n<li style=\"font-weight: 400;\" aria-level=\"1\"><b>Falta de conex\u00e3o com o seu ambiente familiar ou laboral<\/b><span style=\"font-weight: 400;\">. A mudan\u00e7a interior vivida durante a peregrina\u00e7\u00e3o pode chocar com a in\u00e9rcia da vida quotidiana, fazendo com que o peregrino se sinta deslocado ou incompreendido.<\/span><\/li>\n<\/ul>\n<p>&nbsp;<\/p>\n<ul>\n<li style=\"font-weight: 400;\" aria-level=\"1\"><b>Melancolia sem causa aparente<\/b><span style=\"font-weight: 400;\">.<\/span> <span style=\"font-weight: 400;\">\u00c9 normal que o corpo esteja em casa, mas a mente e o cora\u00e7\u00e3o continuem nos caminhos. Esta saudade traduz-se numa tristeza dif\u00edcil de explicar.<\/span><\/li>\n<\/ul>\n<p>&nbsp;<\/p>\n<ul>\n<li style=\"font-weight: 400;\" aria-level=\"1\"><b>Desejo constante de voltar a caminhar<\/b><span style=\"font-weight: 400;\">. O ato de caminhar torna-se numa forma de medita\u00e7\u00e3o ativa. Ao perder esse h\u00e1bito di\u00e1rio, muitos sentem um vazio f\u00edsico e emocional.<\/span><\/li>\n<\/ul>\n<p>&nbsp;<\/p>\n<ul>\n<li style=\"font-weight: 400;\" aria-level=\"1\"><b>Impress\u00e3o de que nada no seu ambiente mudou, enquanto ele ou ela j\u00e1 n\u00e3o \u00e9 a mesma pessoa<\/b><span style=\"font-weight: 400;\">.<\/span> <span style=\"font-weight: 400;\">A experi\u00eancia transforma, mas ao regressar tudo parece estar onde deixaste. Essa desconex\u00e3o gera frustra\u00e7\u00e3o e a sensa\u00e7\u00e3o de n\u00e3o encaixar da mesma maneira.<\/span><\/li>\n<\/ul>\n<p>&nbsp;<\/p>\n<p><span style=\"font-weight: 400;\">O Caminho de Santiago n\u00e3o \u00e9 apenas f\u00edsico. Cada passo, cada conversa, cada sil\u00eancio sob a chuva ou o sol deixa uma marca. O simples fato de viver com o essencial, sem pressas, em conex\u00e3o com a natureza e com pessoas de todo o mundo, constr\u00f3i uma realidade paralela. Esta, ao terminar, pode parecer <\/span><b>mais real do que a pr\u00f3pria vida quotidiana<\/b><span style=\"font-weight: 400;\">.<\/span><\/p>\n<p>&nbsp;<\/p>\n<h2><b>Por que nos afeta tanto o regresso a casa?<\/b><\/h2>\n<p><img decoding=\"async\" class=\"alignnone wp-image-122040 size-full\" src=\"https:\/\/www.mundiplus.com\/wp-content\/uploads\/2025\/07\/El-sindrome-post-Camino-como-afrontar-el-regreso-a-casa-Mundiplus.jpg\" alt=\"\" width=\"1000\" height=\"683\" srcset=\"https:\/\/www.mundiplus.com\/wp-content\/uploads\/2025\/07\/El-sindrome-post-Camino-como-afrontar-el-regreso-a-casa-Mundiplus.jpg 1000w, https:\/\/www.mundiplus.com\/wp-content\/uploads\/2025\/07\/El-sindrome-post-Camino-como-afrontar-el-regreso-a-casa-Mundiplus-300x205.jpg 300w, https:\/\/www.mundiplus.com\/wp-content\/uploads\/2025\/07\/El-sindrome-post-Camino-como-afrontar-el-regreso-a-casa-Mundiplus-768x525.jpg 768w, https:\/\/www.mundiplus.com\/wp-content\/uploads\/2025\/07\/El-sindrome-post-Camino-como-afrontar-el-regreso-a-casa-Mundiplus-600x410.jpg 600w\" sizes=\"(max-width: 1000px) 100vw, 1000px\" \/><\/p>\n<p><span style=\"font-weight: 400;\">Durante a peregrina\u00e7\u00e3o cria-se uma bolha de sentido. Caminha-se com um prop\u00f3sito claro, vive-se com o essencial e cada dia est\u00e1 carregado de simbolismo. Ao regressar, essa clareza dilui-se nas obriga\u00e7\u00f5es di\u00e1rias.<\/span><\/p>\n<p>&nbsp;<\/p>\n<h3><b>A desconex\u00e3o com o ritmo quotidiano<\/b><\/h3>\n<p><span style=\"font-weight: 400;\">A rotina di\u00e1ria \u2014 o trabalho, os hor\u00e1rios, as not\u00edcias, o tr\u00e2nsito \u2014 pode <\/span><b>parecer excessiva ou superficial<\/b><span style=\"font-weight: 400;\"> depois de ter experimentado a simplicidade do Caminho. Passa-se do \u201cmodo presen\u00e7a\u201d para o \u201cmodo autom\u00e1tico\u201d em poucas horas, e isso desorienta.<\/span><\/p>\n<p>&nbsp;<\/p>\n<h3><b>O valor simb\u00f3lico da peregrina\u00e7\u00e3o<\/b><\/h3>\n<p><span style=\"font-weight: 400;\">Muitos peregrinos iniciam o prop\u00f3sito por raz\u00f5es pessoais: superar uma perda, procurar respostas, celebrar uma nova etapa vital. Ao terminar, \u00e9 comum sentir-se que se fechou um ciclo\u2026 mas ao regressar, esse sentido pode diluir-se, provocando <\/span><b>sensation de perda ou incompletude<\/b><span style=\"font-weight: 400;\">.<\/span><\/p>\n<p>&nbsp;<\/p>\n<h2><b>Rutas do Caminho de Santiago: viv\u00eancias diferentes, regressos diferentes<\/b><\/h2>\n<p><span style=\"font-weight: 400;\">Nem todas as rotas s\u00e3o iguais. As rotas influenciam diretamente a experi\u00eancia interior e tamb\u00e9m a forma como se enfrenta o regresso. Algumas s\u00e3o mais introspectivas, outras mais sociais; algumas mais exigentes fisicamente, outras mais suaves. A log\u00edstica, o ambiente e o tipo de peregrinos que se encontram tamb\u00e9m fazem a diferen\u00e7a.<\/span><\/p>\n<p>&nbsp;<\/p>\n<h3><b>Caminho Franc\u00eas<\/b><\/h3>\n<p><span style=\"font-weight: 400;\">\u00c9 a rota mais popular e movimentada, ideal para quem valoriza a <\/span><b>conviv\u00eancia com outros peregrinos<\/b><span style=\"font-weight: 400;\">. Oferece uma experi\u00eancia rica em encontros, hospitalidade, tradi\u00e7\u00e3o e variedade de paisagens. Cada jornada traz uma mistura entre esfor\u00e7o f\u00edsico, riqueza cultural e calor humano.<\/span><\/p>\n<p><span style=\"font-weight: 400;\">Em termos log\u00edsticos, \u00e9 o mais acess\u00edvel: o regresso de Santiago \u00e9 simples gra\u00e7as \u00e0 <\/span><b>boa liga\u00e7\u00e3o de transporte<\/b><span style=\"font-weight: 400;\">. Muitos afirmam que a grande dificuldade emocional ap\u00f3s fazer este percurso n\u00e3o est\u00e1 em caminhar\u2026 mas em parar e despedir-se dos tantos la\u00e7os criados dia ap\u00f3s dia.<\/span><\/p>\n<p>&nbsp;<\/p>\n<h3><b>Caminho Portugu\u00eas<\/b><\/h3>\n<p><span style=\"font-weight: 400;\">Este percurso combina a tradi\u00e7\u00e3o espiritual com paisagens rurais e urbanas. Desde o Porto ou Tui, esta op\u00e7\u00e3o \u00e9 perfeita para quem procura equil\u00edbrio entre <\/span><b>companhia, natureza e cultura<\/b><span style=\"font-weight: 400;\">. \u00c9 algo menos saturado, mas ainda assim oferece oportunidades de conex\u00e3o com outros peregrinos. Al\u00e9m disso, as etapas costumam ser acess\u00edveis para todos os n\u00edveis. <\/span><\/p>\n<p><span style=\"font-weight: 400;\">Logisticamente, \u00e9 confort\u00e1vel: tem boa infraestrutura, especialmente no tramo central. O regresso a casa pode requerer <\/span><b>transferes pr\u00e9vios se n\u00e3o se partir de uma cidade grande<\/b><span style=\"font-weight: 400;\">, mas \u00e9 ger\u00edvel. \u00c9 um percurso com identidade pr\u00f3pria e um ritmo tranquilo.<\/span><\/p>\n<p>&nbsp;<\/p>\n<h3><b>Caminho Portugu\u00eas pela Costa<\/b><\/h3>\n<p><span style=\"font-weight: 400;\">Uma das rotas mais escolhidas nos \u00faltimos anos \u00e9 o <\/span><b>Caminho Portugu\u00eas pela costa<\/b><span style=\"font-weight: 400;\">. Trata-se de uma op\u00e7\u00e3o ideal para quem procura equil\u00edbrio entre mar, cultura e caminhadas acess\u00edveis. Esta variante mant\u00e9m o sabor tradicional com o atrativo adicional do litoral atl\u00e2ntico. <\/span><\/p>\n<p><span style=\"font-weight: 400;\">Se est\u00e1s a considerar este percurso, podes consultar aqui os detalhes do <\/span><b>caminho de Santiago Portugu\u00eas desde o Porto at\u00e9 A Guarda<\/b><span style=\"font-weight: 400;\"> e o <\/span><b>Caminho desde A Guarda at\u00e9 Santiago de Compostela<\/b><span style=\"font-weight: 400;\">.<\/span><\/p>\n<p>&nbsp;<\/p>\n<h3><b>Caminho do Norte<\/b><\/h3>\n<p><span style=\"font-weight: 400;\">Ideal para quem procura <\/span><b>introspe\u00e7\u00e3o e beleza natural<\/b><span style=\"font-weight: 400;\">. Este percurso costeiro atravessa o litoral cant\u00e1brico, passando por aldeias piscat\u00f3rias, fal\u00e9sias e colinas verdes. \u00c9 fisicamente exigente devido aos cont\u00ednuos desn\u00edveis, mas em troca oferece paisagens espetaculares e um ambiente mais silencioso do que outros percursos. \u00c9 perfeito para quem deseja caminhar em conex\u00e3o com o mar e consigo pr\u00f3prio. <\/span><\/p>\n<p><span style=\"font-weight: 400;\">O regresso de Santiago pode implicar mais combina\u00e7\u00f5es se o ponto de partida for uma cidade pequena, mas as liga\u00e7\u00f5es de comboio ou autocarro facilitam.<\/span><\/p>\n<p><span style=\"font-weight: 400;\">Para quem sente atra\u00e7\u00e3o pelo mar e deseja uma experi\u00eancia mais \u00edntima, o tramo entre <\/span><b>Santander e Gij\u00f3n<\/b><span style=\"font-weight: 400;\"> \u00e9 uma op\u00e7\u00e3o cheia de encanto. Neste percurso, a combina\u00e7\u00e3o de paisagem costeira e tranquilidade transforma cada etapa numa oportunidade de desconectar do ru\u00eddo e conectar-se consigo mesmo. <\/span><\/p>\n<p><span style=\"font-weight: 400;\">Se esta alternativa te atrai, podes explorar em detalhe o <\/span><b>caminho de Santiago Santander Gij\u00f3n<\/b><span style=\"font-weight: 400;\"> e deixar-te inspirar pelo seu car\u00e1cter contemplativo.<\/span><\/p>\n<p>&nbsp;<\/p>\n<h3><b>Caminho Primitivo<\/b><\/h3>\n<p><span style=\"font-weight: 400;\">Considerado o percurso mais exigente fisicamente, atravessa paisagens montanhosas entre as Ast\u00farias e a Galiza. \u00c9 perfeito para peregrinos experientes ou para aqueles que procuram uma conex\u00e3o mais profunda com a natureza e a hist\u00f3ria. A dureza do terreno \u00e9 compensada pela solid\u00e3o, o sil\u00eancio e a autenticidade do percurso. As etapas exigem prepara\u00e7\u00e3o, mas <\/span><b>a recompensa emocional \u00e9 intensa<\/b><span style=\"font-weight: 400;\">. <\/span><\/p>\n<p><span style=\"font-weight: 400;\">H\u00e1 menos servi\u00e7os do que em outras rotas, embora suficientes para avan\u00e7ar com seguran\u00e7a. Se se deseja regressar ao ponto de partida em Oviedo, \u00e9 necess\u00e1rio considerar v\u00e1rios tramos de comboio ou autocarro.<\/span><\/p>\n<p>&nbsp;<\/p>\n<h3><b>Caminho Ingl\u00eas<\/b><\/h3>\n<p><span style=\"font-weight: 400;\">Uma rota curta mas intensa, que se percorre em menos de uma semana. \u00c9 ideal para quem tem pouco tempo ou deseja uma primeira tomada de contacto com o esp\u00edrito do Caminho. Apesar da sua brevidade, oferece uma experi\u00eancia aut\u00eantica: aldeias tranquilas, verdes prados, hospitalidade galega e menos aflu\u00eancia de peregrinos. \u00c9 uma op\u00e7\u00e3o reflexiva e amig\u00e1vel. <\/span><\/p>\n<p><span style=\"font-weight: 400;\">Logisticamente \u00e9 simples: <\/span><b>Ferrol e A Corunha est\u00e3o bem conectadas<\/b><span style=\"font-weight: 400;\">. Muitos tamb\u00e9m a escolhem como complemento a um percurso mais longo feito anteriormente.<\/span><\/p>\n<p>&nbsp;<\/p>\n<h3><b>Caminho a Finisterre e Mux\u00eda<\/b><\/h3>\n<p><span style=\"font-weight: 400;\">Esta extens\u00e3o at\u00e9 o \u201cfim do mundo\u201d \u00e9 uma experi\u00eancia m\u00e1gica e simb\u00f3lica. Muitos peregrinos decidem continuar at\u00e9 Finisterre ou Mux\u00eda, procurando um <\/span><b>fechamento mais pessoal e contemplativo<\/b><span style=\"font-weight: 400;\">. O percurso \u00e9 sereno, cheio de paisagens marinhas e rurais, e permite assimilar com calma tudo o que foi vivido. \u00c9 habitual caminhar em solid\u00e3o ou em pequenos grupos.<\/span><\/p>\n<p>&nbsp;<\/p>\n<h2><b>Dicas para enfrentar o s\u00edndrome p\u00f3s-Caminho<\/b><\/h2>\n<p><img loading=\"lazy\" decoding=\"async\" class=\"alignnone wp-image-122046 size-full\" src=\"https:\/\/www.mundiplus.com\/wp-content\/uploads\/2025\/07\/Como-afrontar-el-regreso-a-casa-Mundiplus.jpg\" alt=\"\" width=\"1000\" height=\"667\" srcset=\"https:\/\/www.mundiplus.com\/wp-content\/uploads\/2025\/07\/Como-afrontar-el-regreso-a-casa-Mundiplus.jpg 1000w, https:\/\/www.mundiplus.com\/wp-content\/uploads\/2025\/07\/Como-afrontar-el-regreso-a-casa-Mundiplus-300x200.jpg 300w, https:\/\/www.mundiplus.com\/wp-content\/uploads\/2025\/07\/Como-afrontar-el-regreso-a-casa-Mundiplus-768x512.jpg 768w, https:\/\/www.mundiplus.com\/wp-content\/uploads\/2025\/07\/Como-afrontar-el-regreso-a-casa-Mundiplus-600x400.jpg 600w\" sizes=\"(max-width: 1000px) 100vw, 1000px\" \/><\/p>\n<p><span style=\"font-weight: 400;\">Embora n\u00e3o existam receitas m\u00e1gicas, existem estrat\u00e9gias que podem ajudar-te a integrar a experi\u00eancia do Caminho na tua vida cotidiana.<\/span><\/p>\n<ul>\n<li aria-level=\"1\"><b>Deixa tempo para o processo<\/b><span style=\"font-weight: 400;\">. N\u00e3o tentes \u201cvirar a p\u00e1gina\u201d imediatamente. A experi\u00eancia precisa de sedimentar-se. Permite-te dias de descanso, sil\u00eancio ou at\u00e9 de sentir falta da aventura. \u00c9 normal sentir-se estranho ao regressar.<\/span><\/li>\n<\/ul>\n<ul>\n<li aria-level=\"1\"><b>Criando um ritual de encerramento<\/b><span style=\"font-weight: 400;\">. Alguns peregrinos escrevem uma carta de despedida. Outros editam um \u00e1lbum de fotos ou fazem uma medita\u00e7\u00e3o comemorativa. Fechar a viagem com um gesto simb\u00f3lico pode ajudar-te a canalizar as emo\u00e7\u00f5es.<\/span><\/li>\n<\/ul>\n<ul>\n<li aria-level=\"1\"><b>Transforma a nostalgia em a\u00e7\u00e3o<\/b><span style=\"font-weight: 400;\">. Se sentes falta de caminhar, organiza pequenas rotas ao fim de semana. Se sentes falta das conversas, junta-te a uma associa\u00e7\u00e3o de antigos peregrinos ou participa em palestras. Existem muitas maneiras de continuar \u201ca caminhar\u201d sem sair de casa.<\/span><\/li>\n<\/ul>\n<ul>\n<li aria-level=\"1\"><b>Integra o que aprendeste<\/b><span style=\"font-weight: 400;\">. Faz uma lista dos ensinamentos que aprendeste e como os podes aplicar na tua vida: paci\u00eancia? Menos tecnologia? Mais sil\u00eancio? Agradecimento di\u00e1rio? O verdadeiro valor da viv\u00eancia \u00e9 o seu legado transformador.<\/span><\/li>\n<\/ul>\n<p>&nbsp;<\/p>\n<h2><b>Repetir o Caminho: uma fuga ou um reencontro?<\/b><\/h2>\n<p><span style=\"font-weight: 400;\">Voltar a caminhar n\u00e3o \u00e9 sinal de evas\u00e3o, mas de <\/span><b>reencontro<\/b><span style=\"font-weight: 400;\">. Muitos peregrinos repetem a experi\u00eancia todos os anos, como uma forma de reencontrar a sua ess\u00eancia. E cada vez \u00e9 diferente. Mesmo aqueles que n\u00e3o podem faz\u00ea-lo fisicamente, encontram formas de viver o \u201cesp\u00edrito do Caminho\u201d nos seus bairros, comunidades ou em pequenos projetos de ajuda e acolhimento a outros peregrinos.<\/span><\/p>\n<p>&nbsp;<\/p>\n<h2><b>O verdadeiro fim do Caminho<\/b><\/h2>\n<p><span style=\"font-weight: 400;\">A chegada a Santiago n\u00e3o \u00e9 o fim da viagem. \u00c9 apenas um limiar. O verdadeiro sentido come\u00e7a ao voltar a casa, quando deves decidir como continuar a caminhar sem a mochila, sem a concha, sem a credencial\u2026 mas com tudo o que viveste no cora\u00e7\u00e3o. Aprender a viver com a mesma humildade, gratid\u00e3o e aten\u00e7\u00e3o com que caminhavas pelas terras galegas ou pelos trilhos do norte, esse \u00e9 o verdadeiro desafio.<\/span><\/p>\n<p><b>E tu? J\u00e1 viveste o s\u00edndrome p\u00f3s-Caminho? O que fizeste para integr\u00e1-lo no teu dia a dia?<\/b><b><br \/>\n<\/b><span style=\"font-weight: 400;\">Independentemente da tua experi\u00eancia, lembra-te: o Caminho n\u00e3o termina. Apenas muda de forma. E quem j\u00e1 caminhou uma vez, leva para sempre o eco dos seus passos.<\/span><\/p>\n","protected":false},"excerpt":{"rendered":"<p>&nbsp; Quem percorreu o Caminho de Santiago sabe que n\u00e3o \u00e9 apenas uma caminhada longa. \u00c9 uma experi\u00eancia que transforma, une e desperta. Por isso, o momento de regressar a casa, quando tudo terminou e \u00e9 hora de voltar \u00e0 rotina, pode provocar uma mistura de nostalgia, tristeza e at\u00e9 desorienta\u00e7\u00e3o. A isso se chama [&hellip;]<\/p>\n","protected":false},"author":1,"featured_media":122039,"comment_status":"open","ping_status":"open","sticky":false,"template":"","format":"standard","meta":{"footnotes":""},"categories":[574,578,598],"tags":[],"class_list":["post-122065","post","type-post","status-publish","format-standard","has-post-thumbnail","hentry","category-blog-do-caminho","category-caminho-a-pe","category-preparativos-para-a-viagem"],"_links":{"self":[{"href":"https:\/\/www.mundiplus.com\/pt-pt\/wp-json\/wp\/v2\/posts\/122065","targetHints":{"allow":["GET"]}}],"collection":[{"href":"https:\/\/www.mundiplus.com\/pt-pt\/wp-json\/wp\/v2\/posts"}],"about":[{"href":"https:\/\/www.mundiplus.com\/pt-pt\/wp-json\/wp\/v2\/types\/post"}],"author":[{"embeddable":true,"href":"https:\/\/www.mundiplus.com\/pt-pt\/wp-json\/wp\/v2\/users\/1"}],"replies":[{"embeddable":true,"href":"https:\/\/www.mundiplus.com\/pt-pt\/wp-json\/wp\/v2\/comments?post=122065"}],"version-history":[{"count":3,"href":"https:\/\/www.mundiplus.com\/pt-pt\/wp-json\/wp\/v2\/posts\/122065\/revisions"}],"predecessor-version":[{"id":129303,"href":"https:\/\/www.mundiplus.com\/pt-pt\/wp-json\/wp\/v2\/posts\/122065\/revisions\/129303"}],"wp:featuredmedia":[{"embeddable":true,"href":"https:\/\/www.mundiplus.com\/pt-pt\/wp-json\/wp\/v2\/media\/122039"}],"wp:attachment":[{"href":"https:\/\/www.mundiplus.com\/pt-pt\/wp-json\/wp\/v2\/media?parent=122065"}],"wp:term":[{"taxonomy":"category","embeddable":true,"href":"https:\/\/www.mundiplus.com\/pt-pt\/wp-json\/wp\/v2\/categories?post=122065"},{"taxonomy":"post_tag","embeddable":true,"href":"https:\/\/www.mundiplus.com\/pt-pt\/wp-json\/wp\/v2\/tags?post=122065"}],"curies":[{"name":"wp","href":"https:\/\/api.w.org\/{rel}","templated":true}]}}