{"id":122289,"date":"2025-07-22T07:53:06","date_gmt":"2025-07-22T07:53:06","guid":{"rendered":"https:\/\/www.mundiplus.com\/?p=122289"},"modified":"2025-08-05T10:04:49","modified_gmt":"2025-08-05T10:04:49","slug":"o-mosteiro-de-san-juan-de-ortega-e-a-sua-ligacao-com-o-caminho","status":"publish","type":"post","link":"https:\/\/www.mundiplus.com\/pt-pt\/o-mosteiro-de-san-juan-de-ortega\/","title":{"rendered":"O Mosteiro de San Juan de Ortega e a sua liga\u00e7\u00e3o com o Caminho"},"content":{"rendered":"<p><img fetchpriority=\"high\" decoding=\"async\" class=\"alignnone wp-image-122261 size-full\" src=\"https:\/\/www.mundiplus.com\/wp-content\/uploads\/2025\/07\/San-Juan-de-Ortega-Mundiplus.jpg\" alt=\"\" width=\"1024\" height=\"683\" srcset=\"https:\/\/www.mundiplus.com\/wp-content\/uploads\/2025\/07\/San-Juan-de-Ortega-Mundiplus.jpg 1024w, https:\/\/www.mundiplus.com\/wp-content\/uploads\/2025\/07\/San-Juan-de-Ortega-Mundiplus-300x200.jpg 300w, https:\/\/www.mundiplus.com\/wp-content\/uploads\/2025\/07\/San-Juan-de-Ortega-Mundiplus-768x512.jpg 768w, https:\/\/www.mundiplus.com\/wp-content\/uploads\/2025\/07\/San-Juan-de-Ortega-Mundiplus-600x400.jpg 600w\" sizes=\"(max-width: 1024px) 100vw, 1024px\" \/><\/p>\n<p><span style=\"font-weight: 400;\">A cerca de 30 quil\u00f3metros de Burgos, ergue-se um local que, embora discreto \u00e0 primeira vista, tem sido durante s\u00e9culos um dos ref\u00fagios mais emblem\u00e1ticos do Caminho de Santiago: <\/span><b>o mosteiro de San Juan de Ortega<\/b><span style=\"font-weight: 400;\">. Situado numa das etapas chave do <\/span><b>Caminho Franc\u00eas<\/b><span style=\"font-weight: 400;\">, este <\/span><b>conjunto mon\u00e1stico rom\u00e2nico<\/b><span style=\"font-weight: 400;\"> destaca-se pelo seu valor arquitet\u00f3nico e pela profunda carga simb\u00f3lica que representa.<\/span><\/p>\n<p><span style=\"font-weight: 400;\">San Juan de Ortega, disc\u00edpulo do tamb\u00e9m lend\u00e1rio Santo Domingo de la Calzada, dedicou a sua vida a <\/span><b>facilitar a peregrina\u00e7\u00e3o<\/b><span style=\"font-weight: 400;\"> por uma das zonas mais in\u00f3spitas do percurso jacobeu. No in\u00edcio do s\u00e9culo XII, mandou construir aqui <\/span><b>uma igreja e um hospital<\/b><span style=\"font-weight: 400;\"> para atender aos peregrinos, convertendo uma \u00e1rea solit\u00e1ria num ponto de descanso e prote\u00e7\u00e3o.\u00a0<\/span><\/p>\n<p><span style=\"font-weight: 400;\">Ao longo dos s\u00e9culos, o mosteiro foi testemunha de guerras, reformas, abandonos e recupera\u00e7\u00f5es. Apesar de tudo, a sua ess\u00eancia permanece intacta: a de ser um <\/span><b>ref\u00fagio de espiritualidade no meio do percurso<\/b><span style=\"font-weight: 400;\">.<\/span><\/p>\n<p><span style=\"font-weight: 400;\">Este artigo percorre a hist\u00f3ria, o presente e o legado espiritual de San Juan de Ortega, um lugar que n\u00e3o se apenas atravessa, mas que se vive. Porque existem locais que, para al\u00e9m da sua localiza\u00e7\u00e3o, marcam uma viragem na experi\u00eancia interior do caminheiro. E este mosteiro \u00e9, sem d\u00favida, um desses lugares.<\/span><\/p>\n<p>&nbsp;<\/p>\n<h2><b>San Juan de Ortega: o legado de um homem santo ao servi\u00e7o do peregrino<\/b><\/h2>\n<p><b>Juan de Quintanaortu\u00f1o<\/b><span style=\"font-weight: 400;\"> nasceu a meio do <\/span><b>s\u00e9culo XI<\/b><span style=\"font-weight: 400;\"> numa pequena aldeia de Burgos. A sua vida foi marcada pela voca\u00e7\u00e3o religiosa e pelo servi\u00e7o aos outros. Sobretudo, aos peregrinos que atravessavam as montanhas e charnecas do norte da Pen\u00ednsula em dire\u00e7\u00e3o a Santiago de Compostela.\u00a0<\/span><\/p>\n<p><span style=\"font-weight: 400;\">Foi disc\u00edpulo e colaborador de <\/span><b>Santo Domingo de la Calzada<\/b><span style=\"font-weight: 400;\">, com quem partilhou n\u00e3o s\u00f3 o ideal crist\u00e3o, mas tamb\u00e9m a preocupa\u00e7\u00e3o em melhorar as infraestruturas do Caminho. Ambos trabalharam na <\/span><b>constru\u00e7\u00e3o de pontes, cal\u00e7adas e hospitais<\/b><span style=\"font-weight: 400;\"> numa \u00e9poca em que percorrer longas dist\u00e2ncias a p\u00e9 significava expor-se \u00e0 fome, doen\u00e7as e viol\u00eancia.\u00a0<\/span><\/p>\n<p><span style=\"font-weight: 400;\">Ap\u00f3s a morte do seu mestre, Juan continuou essa miss\u00e3o por conta pr\u00f3pria. Depois de realizar uma peregrina\u00e7\u00e3o a Jerusal\u00e9m, retirou-se para os <\/span><b>Montes de Oca<\/b><span style=\"font-weight: 400;\"> \u2014uma zona ent\u00e3o quase despovoada e considerada perigosa\u2014 e fundou ali um pequeno <\/span><b>mosteiro com igreja e albergue<\/b><span style=\"font-weight: 400;\">, dedicado a S\u00e3o Nicolau de Bari. Com o tempo, este local acabaria por levar o seu nome.<\/span><\/p>\n<p><span style=\"font-weight: 400;\">O impulso definitivo chegou em <\/span><b>1142<\/b><span style=\"font-weight: 400;\">, quando o rei <\/span><b>Alfonso VII<\/b><span style=\"font-weight: 400;\"> doou terras e privil\u00e9gios ao mosteiro, consolidando o seu papel como ponto estrat\u00e9gico no <\/span><b>Caminho Franc\u00eas<\/b><span style=\"font-weight: 400;\">. Al\u00e9m de prestar aten\u00e7\u00e3o aos caminheiros, o local foi tamb\u00e9m um <\/span><b>centro de difus\u00e3o do culto jacobeu<\/b><span style=\"font-weight: 400;\"> e de reorganiza\u00e7\u00e3o do territ\u00f3rio.\u00a0<\/span><\/p>\n<p><span style=\"font-weight: 400;\">San Juan <\/span><b>morreu em 1163<\/b><span style=\"font-weight: 400;\"> e, embora nunca tenha sido canonizado oficialmente por Roma, a sua venera\u00e7\u00e3o local foi imediata. Prova disso \u00e9 que a sua sepultura, situada no interior da igreja rom\u00e2nica que ele pr\u00f3prio mandou construir, se tornou rapidamente num <\/span><b>lugar de peregrina\u00e7\u00e3o secund\u00e1ria<\/b><span style=\"font-weight: 400;\">.<\/span><\/p>\n<p><span style=\"font-weight: 400;\">Ao longo do tempo, a sua figura foi associada \u00e0 <\/span><b>prote\u00e7\u00e3o dos caminheiros<\/b><span style=\"font-weight: 400;\">. De facto, uma das devo\u00e7\u00f5es populares mais antigas associadas ao mosteiro \u00e9 a que o apresenta como <\/span><b>intercessor perante problemas de fertilidade e gravidezes dif\u00edceis<\/b><span style=\"font-weight: 400;\">. At\u00e9 ao s\u00e9culo XX, era normal que mulheres de toda a regi\u00e3o se aproximassem da sua sepultura para pedir a sua ajuda no parto.<\/span><\/p>\n<p><span style=\"font-weight: 400;\">Assim, a hist\u00f3ria de San Juan de Ortega n\u00e3o pode ser entendida \u00e0 parte do Caminho de Santiago. A sua vida e obra incarnam o esp\u00edrito hospital\u00e1rio que ainda hoje define esta rota milenar: a aten\u00e7\u00e3o desinteressada, a f\u00e9 encarnada em a\u00e7\u00f5es concretas e a cren\u00e7a profunda de que ajudar o outro \u00e9 tamb\u00e9m avan\u00e7ar no pr\u00f3prio caminho.<\/span><\/p>\n<p>&nbsp;<\/p>\n<h2><b>O mosteiro hoje<\/b><\/h2>\n<p><img fetchpriority=\"high\" decoding=\"async\" class=\"alignnone wp-image-122261 size-full\" src=\"https:\/\/www.mundiplus.com\/wp-content\/uploads\/2025\/07\/San-Juan-de-Ortega-Mundiplus.jpg\" alt=\"\" width=\"1024\" height=\"683\" srcset=\"https:\/\/www.mundiplus.com\/wp-content\/uploads\/2025\/07\/San-Juan-de-Ortega-Mundiplus.jpg 1024w, https:\/\/www.mundiplus.com\/wp-content\/uploads\/2025\/07\/San-Juan-de-Ortega-Mundiplus-300x200.jpg 300w, https:\/\/www.mundiplus.com\/wp-content\/uploads\/2025\/07\/San-Juan-de-Ortega-Mundiplus-768x512.jpg 768w, https:\/\/www.mundiplus.com\/wp-content\/uploads\/2025\/07\/San-Juan-de-Ortega-Mundiplus-600x400.jpg 600w\" sizes=\"(max-width: 1024px) 100vw, 1024px\" \/><\/p>\n<h3><b>Estado atual do mosteiro e reformas recentes<\/b><\/h3>\n<p><span style=\"font-weight: 400;\">Ap\u00f3s <\/span><b>s\u00e9culos de abandono parcial e deteriora\u00e7\u00e3o<\/b><span style=\"font-weight: 400;\">, tem vindo a ser alvo de importantes esfor\u00e7os de recupera\u00e7\u00e3o nas \u00faltimas d\u00e9cadas. Declarado <\/span><b>Bem de Interesse Cultural<\/b><span style=\"font-weight: 400;\">, foi objeto de v\u00e1rias campanhas de restaura\u00e7\u00e3o promovidas pela Junta de Castela e Le\u00e3o, pelo Arcebispado de Burgos e por organiza\u00e7\u00f5es ligadas ao patrim\u00f3nio do Caminho.<\/span><\/p>\n<p><span style=\"font-weight: 400;\">As interven\u00e7\u00f5es mais destacadas centraram-se na <\/span><b>consolida\u00e7\u00e3o de estruturas, na restaura\u00e7\u00e3o de coberturas, na recupera\u00e7\u00e3o do claustro e na melhoria dos acessos<\/b><span style=\"font-weight: 400;\">. Gra\u00e7as a isso, o conjunto recuperou a sua dignidade arquitet\u00f3nica e continua a funcionar como local de culto e acolhimento.<\/span><\/p>\n<p><span style=\"font-weight: 400;\">Atualmente, o ambiente do mosteiro mant\u00e9m um <\/span><b>equil\u00edbrio entre o monumental e o rural<\/b><span style=\"font-weight: 400;\">, sem urbaniza\u00e7\u00e3o massiva.<\/span><\/p>\n<p>&nbsp;<\/p>\n<h3><b>Uma joia do rom\u00e2nico: igreja, sepulcro e claustro<\/b><\/h3>\n<p><img decoding=\"async\" class=\"alignnone wp-image-122249 size-full\" src=\"https:\/\/www.mundiplus.com\/wp-content\/uploads\/2025\/07\/Tumba-San-Juan-de-Ortega-Mundiplus.jpg\" alt=\"\" width=\"1024\" height=\"683\" srcset=\"https:\/\/www.mundiplus.com\/wp-content\/uploads\/2025\/07\/Tumba-San-Juan-de-Ortega-Mundiplus.jpg 1024w, https:\/\/www.mundiplus.com\/wp-content\/uploads\/2025\/07\/Tumba-San-Juan-de-Ortega-Mundiplus-300x200.jpg 300w, https:\/\/www.mundiplus.com\/wp-content\/uploads\/2025\/07\/Tumba-San-Juan-de-Ortega-Mundiplus-768x512.jpg 768w, https:\/\/www.mundiplus.com\/wp-content\/uploads\/2025\/07\/Tumba-San-Juan-de-Ortega-Mundiplus-600x400.jpg 600w\" sizes=\"(max-width: 1024px) 100vw, 1024px\" \/><\/p>\n<p><span style=\"font-weight: 400;\">O n\u00facleo do conjunto mon\u00e1stico \u00e9 a <\/span><b>igreja rom\u00e2nica<\/b><span style=\"font-weight: 400;\">, iniciada pelo pr\u00f3prio San Juan e conclu\u00edda a meio do <\/span><b>s\u00e9culo XII <\/b><span style=\"font-weight: 400;\">(da\u00ed os seus detalhes g\u00f3ticos). Trata-se de um edif\u00edcio de uma s\u00f3 nave com cruzeiro e cabeceira tripla. No seu interior, conservam-se alguns dos elementos escult\u00f3ricos mais not\u00e1veis do rom\u00e2nico burgal\u00eas, como os capit\u00e9is com cenas b\u00edblicas e vegetais.<\/span><\/p>\n<p><span style=\"font-weight: 400;\">Um dos pontos de maior interesse \u00e9 o <\/span><b>sepulcro do santo<\/b><span style=\"font-weight: 400;\">, situado no lado direito do presbit\u00e9rio. A sepultura, decorada com motivos g\u00f3ticos do s\u00e9culo XV, foi encomendada pelo bispo <\/span><b>Pedro de Ag\u00e9n<\/b><span style=\"font-weight: 400;\">, impulsionador de uma das reformas do templo na Baixa Idade M\u00e9dia.<\/span><\/p>\n<p><span style=\"font-weight: 400;\">O <\/span><b>claustro<\/b><span style=\"font-weight: 400;\">, embora mais modesto, conserva parte da sua estrutura original. A sua restaura\u00e7\u00e3o nas \u00faltimas d\u00e9cadas permitiu valoriz\u00e1-lo como espa\u00e7o de recolhimento. \u00c0 sua volta situam-se as depend\u00eancias mon\u00e1sticas, algumas das quais foram adaptadas para uso lit\u00fargico e de hospedagem.<\/span><\/p>\n<p>&nbsp;<\/p>\n<h3><b>A luz do equin\u00f3cio: um fen\u00f3meno de f\u00e9 e geometria<\/b><\/h3>\n<p><img decoding=\"async\" class=\"alignnone wp-image-122255 size-full\" src=\"https:\/\/www.mundiplus.com\/wp-content\/uploads\/2025\/07\/La-luz-del-equinoccio-San-Juan-de-Ortega-Mundiplus.jpg\" alt=\"\" width=\"1024\" height=\"682\" srcset=\"https:\/\/www.mundiplus.com\/wp-content\/uploads\/2025\/07\/La-luz-del-equinoccio-San-Juan-de-Ortega-Mundiplus.jpg 1024w, https:\/\/www.mundiplus.com\/wp-content\/uploads\/2025\/07\/La-luz-del-equinoccio-San-Juan-de-Ortega-Mundiplus-300x200.jpg 300w, https:\/\/www.mundiplus.com\/wp-content\/uploads\/2025\/07\/La-luz-del-equinoccio-San-Juan-de-Ortega-Mundiplus-768x512.jpg 768w, https:\/\/www.mundiplus.com\/wp-content\/uploads\/2025\/07\/La-luz-del-equinoccio-San-Juan-de-Ortega-Mundiplus-600x400.jpg 600w\" sizes=\"(max-width: 1024px) 100vw, 1024px\" \/><\/p>\n<p><span style=\"font-weight: 400;\">Um dos aspetos mais singulares do mosteiro \u00e9 o fen\u00f3meno luminoso que ocorre duas vezes por ano, coincidindo com os <\/span><b>equin\u00f3cios da primavera e outono<\/b><span style=\"font-weight: 400;\">. Durante esses dias, ao final da tarde, um raio de sol entra por uma janela do \u00e1bside e atravessa a nave at\u00e9 <\/span><b>iluminar diretamente um dos capit\u00e9is do templo<\/b><span style=\"font-weight: 400;\">, o que representa a Anuncia\u00e7\u00e3o.<\/span><\/p>\n<p><span style=\"font-weight: 400;\">Para al\u00e9m do dado curioso, muitos interpretam este acontecimento como uma met\u00e1fora visual do caminho interior: a luz que chega ap\u00f3s o passo pela escurid\u00e3o da floresta dos Montes de Oca.<\/span><\/p>\n<p>&nbsp;<\/p>\n<h3><b>Espa\u00e7o de sil\u00eancio, ora\u00e7\u00e3o e escuta para o peregrino<\/b><\/h3>\n<p><span style=\"font-weight: 400;\">San Juan de Ortega n\u00e3o \u00e9 apenas uma etapa do Caminho Franc\u00eas; \u00e9 tamb\u00e9m um <\/span><b>lugar de contempla\u00e7\u00e3o<\/b><span style=\"font-weight: 400;\">. A sua localiza\u00e7\u00e3o isolada e a sobriedade da sua arquitetura favorecem o recolhimento. Muitos peregrinos consideram-no uma pausa espiritual, ideal para fazer um balan\u00e7o do percurso ou simplesmente descansar num ambiente sereno.<\/span><\/p>\n<p>&nbsp;<\/p>\n<h2><b>Porque escolher o Caminho Franc\u00eas? Compara\u00e7\u00e3o com outras rotas do Caminho de Santiago<\/b><\/h2>\n<p><span style=\"font-weight: 400;\">Uma das principais raz\u00f5es pelas quais muitos caminheiros escolhem esta rota \u00e9 pela sua <\/span><b>infraestrutura consolidada<\/b><span style=\"font-weight: 400;\">: albergues, sinaliza\u00e7\u00e3o clara, oferta cultural e servi\u00e7os ao peregrino em praticamente cada etapa.\u00a0<\/span><\/p>\n<p><span style=\"font-weight: 400;\">Al\u00e9m disso, o seu tra\u00e7ado permite viver uma <\/span><b>evolu\u00e7\u00e3o geogr\u00e1fica e emocional progressiva<\/b><span style=\"font-weight: 400;\">. O peregrino passa das florestas pirenaicas \u00e0 meseta castelhana, e da\u00ed ao verde da Galiza, como uma viagem interior que acompanha o movimento do corpo.<\/span><\/p>\n<p><span style=\"font-weight: 400;\">Mas o Caminho Franc\u00eas n\u00e3o \u00e9 a \u00fanica op\u00e7\u00e3o. Cada itiner\u00e1rio jacobeu tem o seu car\u00e1ter, as suas paisagens e o seu ritmo. A seguir, fazemos uma breve an\u00e1lise de algumas das principais alternativas, cada uma com os seus pr\u00f3prios atrativos.<\/span><\/p>\n<p>&nbsp;<\/p>\n<ul>\n<li aria-level=\"1\"><b>Caminho do Norte<\/b><span style=\"font-weight: 400;\">. Para quem procura um ambiente mais selvagem e menos massificado, oferece-se um percurso paralelo ao mar Cant\u00e1brico, passando por cidades como Bilbau, Santander e Gij\u00f3n. Al\u00e9m disso, tamb\u00e9m proporciona grande diversidade geogr\u00e1fica e cultural. O <\/span><a href=\"https:\/\/www.mundiplus.com\/pt\/caminos\/a-pie\/camino-norte\/camino-de-santiago-desde-santander\/\"><b>Caminho do Norte desde Santander a Gij\u00f3n<\/b><\/a><span style=\"font-weight: 400;\"> combina patrim\u00f3nio, gastronomia e espetaculares paisagens marinhas.<\/span><\/li>\n<\/ul>\n<p>&nbsp;<\/p>\n<p><span style=\"font-weight: 400;\">Este tra\u00e7ado \u00e9 fisicamente mais exigente, devido aos constantes desn\u00edveis e trechos montanhosos, mas em contrapartida oferece uma experi\u00eancia mais \u00edntima e solit\u00e1ria. \u00c9 ideal para quem valoriza o contacto com a natureza e o sil\u00eancio.<\/span><\/p>\n<p>&nbsp;<\/p>\n<ul>\n<li aria-level=\"1\"><b>Caminho Portugu\u00eas<\/b><span style=\"font-weight: 400;\">.<\/span> <span style=\"font-weight: 400;\">Outra rota em crescimento \u00e9 esta, que atravessa o pa\u00eds vizinho de sul a norte, partindo de Lisboa ou do Porto. O <\/span><a href=\"https:\/\/www.mundiplus.com\/pt\/caminos\/a-pie\/camino-desde-oporto-a-a-guarda\/\"><b>Caminho de Santiago Portugu\u00eas desde o Porto at\u00e9 A Guarda<\/b><\/a><span style=\"font-weight: 400;\"> representa uma excelente combina\u00e7\u00e3o de hist\u00f3ria, vilas pitorescas e paisagens rurais.<\/span><\/li>\n<\/ul>\n<p>&nbsp;<\/p>\n<p><span style=\"font-weight: 400;\">Ao longo do percurso, o peregrino encontra igrejas barrocas, estradas romanas, antigas quintas vin\u00edcolas e um ambiente acolhedor. Esta rota destaca-se pelo seu <\/span><b>equil\u00edbrio entre conforto e tradi\u00e7\u00e3o<\/b><span style=\"font-weight: 400;\">, al\u00e9m da sua beleza paisag\u00edstica no trecho fronteiri\u00e7o com a Galiza.<\/span><\/p>\n<p>&nbsp;<\/p>\n<ul>\n<li aria-level=\"1\"><b>Caminho Portugu\u00eas pela Costa<\/b><span style=\"font-weight: 400;\">.<\/span> <span style=\"font-weight: 400;\">Para quem prefere a costa e a brisa atl\u00e2ntica, o <\/span><a href=\"https:\/\/www.mundiplus.com\/pt\/caminos\/a-pie\/camino-portugues-costa\/camino-de-santiago-desde-a-guarda\/\"><b>Caminho de Santiago desde A Guarda at\u00e9 Santiago<\/b><\/a><span style=\"font-weight: 400;\"> \u00e9 uma excelente alternativa. Esta variante costeira permite caminhar junto ao mar, desfrutar de praias solit\u00e1rias e conhecer locais hist\u00f3ricos como Baiona ou Vigo antes de se adentrar no interior galego.<\/span><\/li>\n<\/ul>\n<p>&nbsp;<\/p>\n<p><span style=\"font-weight: 400;\">Embora tenha menos infraestrutura, esta rota tem ganhado popularidade nos \u00faltimos anos gra\u00e7as \u00e0 sua autenticidade e beleza natural. Al\u00e9m disso, \u00e9 menos frequentada, o que permite uma experi\u00eancia mais introspectiva.<\/span><\/p>\n<p>&nbsp;<\/p>\n<ul>\n<li aria-level=\"1\"><b>Caminho Primitivo<\/b><span style=\"font-weight: 400;\">.<\/span> <span style=\"font-weight: 400;\">O seu perfil \u00e9 montanhoso, com etapas fisicamente duras, especialmente entre o Alto do Palo e Lugo. Quem escolhe esta rota valoriza o sil\u00eancio, o esfor\u00e7o e a autenticidade. A baixa densidade de peregrinos, combinada com um ambiente natural espetacular, torna esta op\u00e7\u00e3o numa das mais apreciadas por caminhantes experientes ou por quem procura uma experi\u00eancia profundamente espiritual.<\/span><\/li>\n<\/ul>\n<p>&nbsp;<\/p>\n<ul>\n<li aria-level=\"1\"><b>Caminho Ingl\u00eas<\/b><span style=\"font-weight: 400;\">. \u00c9 uma excelente op\u00e7\u00e3o para quem n\u00e3o disp\u00f5e de muito tempo ou deseja viver uma primeira experi\u00eancia jacobeia. Embora curto, a sua hist\u00f3ria e o ambiente fazem dele um percurso completo, com trechos rurais e urbanos bem sinalizados, e uma boa rede de servi\u00e7os.<\/span><\/li>\n<\/ul>\n<p>&nbsp;<\/p>\n<h3><b>Caminho Franc\u00eas: o cora\u00e7\u00e3o espiritual do Caminho<\/b><\/h3>\n<p><span style=\"font-weight: 400;\">Apesar da riqueza destas rotas alternativas, o <\/span><b>Caminho Franc\u00eas<\/b><span style=\"font-weight: 400;\"> continua a ser, para muitos, o <\/span><b>eixo central da tradi\u00e7\u00e3o jacobeia<\/b><span style=\"font-weight: 400;\">. N\u00e3o s\u00f3 pela sua hist\u00f3ria, mas pela concentra\u00e7\u00e3o de s\u00edmbolos e refer\u00eancias culturais: a catedral de Burgos, a passagem pelos Montes de Oca, a Cruz de Ferro, O Cebreiro&#8230; locais onde a espiritualidade e a hist\u00f3ria se cruzam.<\/span><\/p>\n<p><span style=\"font-weight: 400;\">E, claro, pontos como San Juan de Ortega, com o seu mosteiro rom\u00e2nico e a sua luz equinoccial, oferecem ao peregrino momentos \u00fanicos de sil\u00eancio, recolhimento e conex\u00e3o. \u00c9 essa soma de elementos \u2014tradi\u00e7\u00e3o, acolhimento, beleza, ritmo\u2014 que faz com que tantos viajantes, mesmo depois de terem percorrido outras rotas, regressem repetidamente ao Caminho Franc\u00eas.<\/span><\/p>\n<p><span style=\"font-weight: 400;\">Alguns optam por o fazer por etapas, outros percorrem-no todo. E muitos, para facilitar a experi\u00eancia sem perder autenticidade, decidem juntar-se a uma empresa especializada em <\/span><a href=\"https:\/\/www.mundiplus.com\/pt\/\"><b>viagens organizadas Caminho de Santiago<\/b><\/a><span style=\"font-weight: 400;\">. Sem d\u00favida, uma forma pr\u00e1tica de descobrir os diferentes caminhos com seguran\u00e7a, planeamento e liberdade para caminhar sem preocupa\u00e7\u00f5es.<\/span><\/p>\n<p>&nbsp;<\/p>\n<h2><b>Como visitar San Juan de Ortega: recomenda\u00e7\u00f5es pr\u00e1ticas<\/b><\/h2>\n<p><span style=\"font-weight: 400;\">O mosteiro de San Juan de Ortega encontra-se na comarca do Alfoz de Burgos, dentro do munic\u00edpio de <\/span><b>Barrios de Colina<\/b><span style=\"font-weight: 400;\">, nos Montes de Oca. A p\u00e9, acede-se a ele ap\u00f3s passar por localidades emblem\u00e1ticas como Atapuerca e Ag\u00e9s, seguindo as setas amarelas do Caminho.\u00a0<\/span><\/p>\n<p>&nbsp;<\/p>\n<h3><b>A luz do equin\u00f3cio: quando presenciar o fen\u00f3meno solar<\/b><\/h3>\n<p><span style=\"font-weight: 400;\">Um dos grandes atrativos do local \u00e9 o chamado <\/span><b>&#8220;milagre da luz&#8221;<\/b><span style=\"font-weight: 400;\">. Este fen\u00f3meno solar ocorre apenas duas vezes ao ano: por volta de <\/span><b>21 de mar\u00e7o<\/b><span style=\"font-weight: 400;\"> e <\/span><b>22 de setembro<\/b><span style=\"font-weight: 400;\">, datas que coincidem com os equin\u00f3cios da primavera e do outono.<\/span><\/p>\n<p><span style=\"font-weight: 400;\">Nesses dias, <\/span><b>pouco depois das 17 horas<\/b><span style=\"font-weight: 400;\"> (hora solar), um raio de sol entra por uma janela situada no \u00e1bside da igreja e ilumina com precis\u00e3o o capitel que representa a Anuncia\u00e7\u00e3o. Este efeito, fruto de um c\u00e1lculo arquitet\u00f3nico milim\u00e9trico, <\/span><b>dura apenas uns minutos<\/b><span style=\"font-weight: 400;\">, mas deixa uma profunda impress\u00e3o entre os presentes.\u00a0<\/span><\/p>\n<p><span style=\"font-weight: 400;\">Para viver esta experi\u00eancia, \u00e9 aconselh\u00e1vel chegar com anteced\u00eancia e guardar sil\u00eancio dentro do templo.<\/span><\/p>\n<p>&nbsp;<\/p>\n<h3><b>Onde dormir nas proximidades, se n\u00e3o se pernoitar no mosteiro<\/b><\/h3>\n<p><span style=\"font-weight: 400;\">O albergue de San Juan de Ortega tem <\/span><b>lugares limitados<\/b><span style=\"font-weight: 400;\"> e, durante os meses de maior aflu\u00eancia (especialmente entre maio e setembro), pode rapidamente esgotar. Nesse caso, uma boa op\u00e7\u00e3o \u00e9 alojar-se nas localidades pr\u00f3ximas, como Ag\u00e9s (a 3,5 km) ou Atapuerca (a 6 km), ambas bem ligadas a p\u00e9 pelo tra\u00e7ado oficial do Caminho.<\/span><\/p>\n<p><span style=\"font-weight: 400;\">O melhor \u00e9 planear previamente o itiner\u00e1rio com<\/span><b> ajuda de servi\u00e7os especializados<\/b><span style=\"font-weight: 400;\">, como os que oferece a <\/span><b>Mundiplus<\/b><span style=\"font-weight: 400;\">. Ajudamo-lo a caminhar com mais flexibilidade, encarregamo-nos de reservar o alojamento com anteced\u00eancia e organizamos o transporte da bagagem etapa a etapa.<\/span><\/p>\n<p>&nbsp;<\/p>\n<h3><b>Regras de visita, pre\u00e7os e hor\u00e1rios<\/b><\/h3>\n<p><span style=\"font-weight: 400;\">O acesso ao mosteiro \u00e9 <\/span><b>livre e gratuito<\/b><span style=\"font-weight: 400;\">. No entanto, como \u00e9 um lugar de culto ativo e um espa\u00e7o hist\u00f3rico protegido, devem ser seguidas algumas regras b\u00e1sicas de comportamento:<\/span><\/p>\n<ul>\n<li style=\"font-weight: 400;\" aria-level=\"1\"><b>Manter sil\u00eancio<\/b><span style=\"font-weight: 400;\"> dentro do templo e nas depend\u00eancias mon\u00e1sticas.<\/span><\/li>\n<\/ul>\n<p>&nbsp;<\/p>\n<ul>\n<li style=\"font-weight: 400;\" aria-level=\"1\"><b>Respeitar os hor\u00e1rios lit\u00fargicos<\/b><span style=\"font-weight: 400;\"> se estiver presente durante as celebra\u00e7\u00f5es.<\/span><\/li>\n<\/ul>\n<p>&nbsp;<\/p>\n<ul>\n<li style=\"font-weight: 400;\" aria-level=\"1\"><b>N\u00e3o tirar fotografias com flash<\/b><span style=\"font-weight: 400;\"> nem fazer grava\u00e7\u00f5es sem permiss\u00e3o expl\u00edcita.<\/span><\/li>\n<\/ul>\n<p>&nbsp;<\/p>\n<ul>\n<li style=\"font-weight: 400;\" aria-level=\"1\"><b>N\u00e3o deixar res\u00edduos<\/b><span style=\"font-weight: 400;\"> nem transitar por zonas restritas.<\/span><\/li>\n<\/ul>\n<p>&nbsp;<\/p>\n<p><span style=\"font-weight: 400;\">A igreja costuma estar <\/span><b>aberta durante o dia<\/b><span style=\"font-weight: 400;\"> (aproximadamente entre as 9:30 e as 19:00 horas na alta temporada), embora esses hor\u00e1rios possam variar ligeiramente consoante a \u00e9poca do ano ou eventos lit\u00fargicos especiais. N\u00e3o h\u00e1 bilheteira nem controlo de entrada, mas s\u00e3o bem-vindas as <\/span><b>doa\u00e7\u00f5es volunt\u00e1rias<\/b><span style=\"font-weight: 400;\"> que ajudam na sua manuten\u00e7\u00e3o.<\/span><\/p>\n","protected":false},"excerpt":{"rendered":"<p>A cerca de 30 quil\u00f3metros de Burgos, ergue-se um local que, embora discreto \u00e0 primeira vista, tem sido durante s\u00e9culos um dos ref\u00fagios mais emblem\u00e1ticos do Caminho de Santiago: o mosteiro de San Juan de Ortega. Situado numa das etapas chave do Caminho Franc\u00eas, este conjunto mon\u00e1stico rom\u00e2nico destaca-se pelo seu valor arquitet\u00f3nico e pela [&hellip;]<\/p>\n","protected":false},"author":1,"featured_media":122266,"comment_status":"open","ping_status":"open","sticky":false,"template":"","format":"standard","meta":{"footnotes":""},"categories":[574,578,606],"tags":[],"class_list":["post-122289","post","type-post","status-publish","format-standard","has-post-thumbnail","hentry","category-blog-do-caminho","category-caminho-a-pe","category-locais-iconicos"],"_links":{"self":[{"href":"https:\/\/www.mundiplus.com\/pt-pt\/wp-json\/wp\/v2\/posts\/122289","targetHints":{"allow":["GET"]}}],"collection":[{"href":"https:\/\/www.mundiplus.com\/pt-pt\/wp-json\/wp\/v2\/posts"}],"about":[{"href":"https:\/\/www.mundiplus.com\/pt-pt\/wp-json\/wp\/v2\/types\/post"}],"author":[{"embeddable":true,"href":"https:\/\/www.mundiplus.com\/pt-pt\/wp-json\/wp\/v2\/users\/1"}],"replies":[{"embeddable":true,"href":"https:\/\/www.mundiplus.com\/pt-pt\/wp-json\/wp\/v2\/comments?post=122289"}],"version-history":[{"count":2,"href":"https:\/\/www.mundiplus.com\/pt-pt\/wp-json\/wp\/v2\/posts\/122289\/revisions"}],"predecessor-version":[{"id":122301,"href":"https:\/\/www.mundiplus.com\/pt-pt\/wp-json\/wp\/v2\/posts\/122289\/revisions\/122301"}],"wp:featuredmedia":[{"embeddable":true,"href":"https:\/\/www.mundiplus.com\/pt-pt\/wp-json\/wp\/v2\/media\/122266"}],"wp:attachment":[{"href":"https:\/\/www.mundiplus.com\/pt-pt\/wp-json\/wp\/v2\/media?parent=122289"}],"wp:term":[{"taxonomy":"category","embeddable":true,"href":"https:\/\/www.mundiplus.com\/pt-pt\/wp-json\/wp\/v2\/categories?post=122289"},{"taxonomy":"post_tag","embeddable":true,"href":"https:\/\/www.mundiplus.com\/pt-pt\/wp-json\/wp\/v2\/tags?post=122289"}],"curies":[{"name":"wp","href":"https:\/\/api.w.org\/{rel}","templated":true}]}}