{"id":122630,"date":"2025-08-11T20:16:44","date_gmt":"2025-08-11T20:16:44","guid":{"rendered":"https:\/\/www.mundiplus.com\/?p=122630"},"modified":"2025-08-11T20:19:31","modified_gmt":"2025-08-11T20:19:31","slug":"o-caminho-de-santiago-como-neurodivergente-dicas-e-experiencias","status":"publish","type":"post","link":"https:\/\/www.mundiplus.com\/pt-pt\/o-caminho-de-santiago-e-a-neurodivergencia-conselhos\/","title":{"rendered":"O Caminho de Santiago como neurodivergente: dicas e experi\u00eancias"},"content":{"rendered":"<p><img fetchpriority=\"high\" decoding=\"async\" class=\"alignnone wp-image-118987 size-full\" src=\"https:\/\/www.mundiplus.com\/wp-content\/uploads\/2025\/04\/Blog-Mundiplus.png\" alt=\"\" width=\"1023\" height=\"539\" srcset=\"https:\/\/www.mundiplus.com\/wp-content\/uploads\/2025\/04\/Blog-Mundiplus.png 1023w, https:\/\/www.mundiplus.com\/wp-content\/uploads\/2025\/04\/Blog-Mundiplus-300x158.png 300w, https:\/\/www.mundiplus.com\/wp-content\/uploads\/2025\/04\/Blog-Mundiplus-768x405.png 768w, https:\/\/www.mundiplus.com\/wp-content\/uploads\/2025\/04\/Blog-Mundiplus-600x316.png 600w\" sizes=\"(max-width: 1023px) 100vw, 1023px\" \/><\/p>\n<p><span style=\"font-weight: 400;\">Caminhar para Santiago pode ser uma experi\u00eancia transformadora, mas tamb\u00e9m um desafio importante para quem vive com uma condi\u00e7\u00e3o neurodivergente. Longe de ser um impedimento, a neurodiverg\u00eancia pode dar origem a uma <\/span><b>viv\u00eancia \u00fanica<\/b><span style=\"font-weight: 400;\">, mais rica e pessoal, desde que se disponha da informa\u00e7\u00e3o adequada e de um planeamento adaptado.<\/span><\/p>\n<p><span style=\"font-weight: 400;\">Neste artigo abordamos <\/span><b>como preparar e desfrutar o Caminho de Santiago na perspetiva de pessoas neurodivergentes<\/b><span style=\"font-weight: 400;\">. Exploramos quais s\u00e3o as melhores rotas, conselhos pr\u00e1ticos, testemunhos reais e as chaves para aproveitar ao m\u00e1ximo a viagem, respeitando os pr\u00f3prios tempos e necessidades.<\/span><\/p>\n<p>&nbsp;<\/p>\n<h2><b>O que implica ser neurodivergente no Caminho<\/b><\/h2>\n<p><span style=\"font-weight: 400;\">O termo <\/span><i><span style=\"font-weight: 400;\">neurodivergente<\/span><\/i><span style=\"font-weight: 400;\"> \u00e9 utilizado para se referir a pessoas que <\/span><b>processam o mundo de forma diferente da maioria<\/b><span style=\"font-weight: 400;\">. Isto inclui condi\u00e7\u00f5es como o transtorno do espectro do autismo (TEA), TDAH, dislexia, ansiedade social, transtorno obsessivo-compulsivo, Tourette ou mesmo sinestesias e perfis mistos. A diversidade \u00e9 ampla e rica, mas tamb\u00e9m implica necessidades espec\u00edficas.<\/span><\/p>\n<p><span style=\"font-weight: 400;\">Algumas pessoas neurodivergentes podem experienciar:<\/span><\/p>\n<ul>\n<li style=\"font-weight: 400;\" aria-level=\"1\"><b>Hipersensibilidade<\/b><span style=\"font-weight: 400;\"> ao ru\u00eddo, \u00e0s luzes ou ao toque.<\/span><\/li>\n<\/ul>\n<p>&nbsp;<\/p>\n<ul>\n<li style=\"font-weight: 400;\" aria-level=\"1\"><span style=\"font-weight: 400;\">Necessidade de <\/span><b>rotinas est\u00e1veis<\/b><span style=\"font-weight: 400;\"> e previsibilidade.<\/span><\/li>\n<\/ul>\n<p>&nbsp;<\/p>\n<ul>\n<li style=\"font-weight: 400;\" aria-level=\"1\"><b>Dificuldades em improvisar<\/b><span style=\"font-weight: 400;\"> ou adaptar-se a mudan\u00e7as de \u00faltima hora.<\/span><\/li>\n<\/ul>\n<p>&nbsp;<\/p>\n<ul>\n<li style=\"font-weight: 400;\" aria-level=\"1\"><b>Ansiedade<\/b><span style=\"font-weight: 400;\"> perante situa\u00e7\u00f5es sociais desconhecidas.<\/span><\/li>\n<\/ul>\n<p>&nbsp;<\/p>\n<p><span style=\"font-weight: 400;\">Mas tamb\u00e9m podem contar com:<\/span><\/p>\n<ul>\n<li style=\"font-weight: 400;\" aria-level=\"1\"><span style=\"font-weight: 400;\">Capacidade de <\/span><b>observa\u00e7\u00e3o profunda<\/b><span style=\"font-weight: 400;\"> do ambiente.<\/span><\/li>\n<\/ul>\n<p>&nbsp;<\/p>\n<ul>\n<li style=\"font-weight: 400;\" aria-level=\"1\"><b>Grande resili\u00eancia<\/b><span style=\"font-weight: 400;\"> perante desafios prolongados.<\/span><\/li>\n<\/ul>\n<p>&nbsp;<\/p>\n<ul>\n<li style=\"font-weight: 400;\" aria-level=\"1\"><b>Perce\u00e7\u00e3o detalhada<\/b><span style=\"font-weight: 400;\"> de est\u00edmulos naturais.<\/span><\/li>\n<\/ul>\n<p>&nbsp;<\/p>\n<ul>\n<li style=\"font-weight: 400;\" aria-level=\"1\"><b>Autenticidade<\/b><span style=\"font-weight: 400;\"> na sua forma de viver e sentir.<\/span><\/li>\n<\/ul>\n<p>&nbsp;<\/p>\n<p><span style=\"font-weight: 400;\">Por isso, mais do que um obst\u00e1culo, a neurodiverg\u00eancia pode enriquecer a experi\u00eancia se o percurso se adaptar \u00e0s necessidades individuais.<\/span><\/p>\n<p>&nbsp;<\/p>\n<h2><b>Benef\u00edcios do Caminho segundo cada perfil neurodivergente<\/b><\/h2>\n<p><img decoding=\"async\" class=\"alignnone wp-image-122582 size-full\" src=\"https:\/\/www.mundiplus.com\/wp-content\/uploads\/2025\/07\/El-Camino-de-Santiago-siendo-neurodivergente-Mundiplus.jpg\" alt=\"\" width=\"1000\" height=\"667\" srcset=\"https:\/\/www.mundiplus.com\/wp-content\/uploads\/2025\/07\/El-Camino-de-Santiago-siendo-neurodivergente-Mundiplus.jpg 1000w, https:\/\/www.mundiplus.com\/wp-content\/uploads\/2025\/07\/El-Camino-de-Santiago-siendo-neurodivergente-Mundiplus-300x200.jpg 300w, https:\/\/www.mundiplus.com\/wp-content\/uploads\/2025\/07\/El-Camino-de-Santiago-siendo-neurodivergente-Mundiplus-768x512.jpg 768w, https:\/\/www.mundiplus.com\/wp-content\/uploads\/2025\/07\/El-Camino-de-Santiago-siendo-neurodivergente-Mundiplus-600x400.jpg 600w\" sizes=\"(max-width: 1000px) 100vw, 1000px\" \/><\/p>\n<h3><b>Transtorno do Espectro do Autismo (TEA)<\/b><\/h3>\n<p><span style=\"font-weight: 400;\">A aventura pode oferecer \u00e0s pessoas com TEA uma experi\u00eancia profundamente estruturada e previs\u00edvel se planeada com anteced\u00eancia.<\/span><\/p>\n<p><span style=\"font-weight: 400;\">A <\/span><b>repeti\u00e7\u00e3o de rotinas di\u00e1rias<\/b><span style=\"font-weight: 400;\"> \u2014 levantar-se, caminhar, descansar \u2014 gera uma sensa\u00e7\u00e3o de controlo. Al\u00e9m disso, os ambientes naturais<\/span><b> favorecem a regula\u00e7\u00e3o sensorial e emocional<\/b><span style=\"font-weight: 400;\">, enquanto a liberdade de socializar ou manter a dist\u00e2ncia permite interagir sem press\u00e3o.<\/span><\/p>\n<p>&nbsp;<\/p>\n<h3><b>TDAH (Transtorno por D\u00e9fice de Aten\u00e7\u00e3o e Hiperatividade)<\/b><\/h3>\n<p><span style=\"font-weight: 400;\">A atividade f\u00edsica constante ajuda a <\/span><b>canalizar a energia de forma saud\u00e1vel<\/b><span style=\"font-weight: 400;\">. Ao mesmo tempo, a variedade de paisagens e est\u00edmulos mant\u00e9m a aten\u00e7\u00e3o ativa sem aborrecimento. A experi\u00eancia pode refor\u00e7ar a capacidade de planeamento e organiza\u00e7\u00e3o, e fomentar a conex\u00e3o com o presente.<\/span><\/p>\n<p>&nbsp;<\/p>\n<h3><b>Dislexia<\/b><\/h3>\n<p><span style=\"font-weight: 400;\">Embora as dificuldades de leitura possam ser um desafio em certos momentos, todas as rotas oferecem muitas ferramentas visuais (sinais, setas, mapas) que facilitam a orienta\u00e7\u00e3o. O processo <\/span><b>n\u00e3o exige leitura e escrita constantes<\/b><span style=\"font-weight: 400;\">, permitindo que as pessoas com dislexia se conectem com o ambiente atrav\u00e9s da observa\u00e7\u00e3o, da escuta e da viv\u00eancia pr\u00e1tica.<\/span><\/p>\n<p>&nbsp;<\/p>\n<h3><b>Ansiedade social<\/b><\/h3>\n<p><span style=\"font-weight: 400;\">Permite <\/span><b>controlar o n\u00edvel de intera\u00e7\u00e3o social<\/b><span style=\"font-weight: 400;\">. H\u00e1 etapas em que se pode caminhar sozinho\/a ou acompanhado\/a, e n\u00e3o existe press\u00e3o para manter conversas. Este ambiente de aceita\u00e7\u00e3o pode favorecer a exposi\u00e7\u00e3o progressiva a novas rela\u00e7\u00f5es desde um espa\u00e7o seguro, potenciando a confian\u00e7a e o autoapoio.<\/span><\/p>\n<p>&nbsp;<\/p>\n<h3><b>Transtorno Obsessivo Compulsivo (TOC)<\/b><\/h3>\n<p><span style=\"font-weight: 400;\">A repeti\u00e7\u00e3o de tarefas di\u00e1rias (preparar a mochila, caminhar, descansar) pode oferecer uma <\/span><b>sensa\u00e7\u00e3o de ordem e estabilidade<\/b><span style=\"font-weight: 400;\">. Al\u00e9m disso, o contacto com a natureza e a mudan\u00e7a de ambiente favorecem o distanciamento dos pensamentos intrusivos, ajudando a focar a aten\u00e7\u00e3o no presente.<\/span><\/p>\n<p>&nbsp;<\/p>\n<h3><b>S\u00edndrome de Tourette<\/b><\/h3>\n<p><span style=\"font-weight: 400;\">As pessoas com Tourette podem sentir-se <\/span><b>mais livres de julgamentos sociais<\/b><span style=\"font-weight: 400;\">, pois os peregrinos tendem a ser tolerantes e diversos. O exerc\u00edcio f\u00edsico, o ritmo constante e o ambiente relaxado tamb\u00e9m podem contribuir para uma diminui\u00e7\u00e3o dos tiques ou para uma melhor gest\u00e3o dos mesmos.<\/span><\/p>\n<p>&nbsp;<\/p>\n<h2><b>Preparar-se para o Caminho: aspetos chave a ter em conta<\/b><\/h2>\n<p><img decoding=\"async\" class=\"alignnone wp-image-122576 size-full\" src=\"https:\/\/www.mundiplus.com\/wp-content\/uploads\/2025\/07\/El-Camino-de-Santiago-para-personas-neurodivergentes-Mundiplus.jpg\" alt=\"\" width=\"1000\" height=\"667\" srcset=\"https:\/\/www.mundiplus.com\/wp-content\/uploads\/2025\/07\/El-Camino-de-Santiago-para-personas-neurodivergentes-Mundiplus.jpg 1000w, https:\/\/www.mundiplus.com\/wp-content\/uploads\/2025\/07\/El-Camino-de-Santiago-para-personas-neurodivergentes-Mundiplus-300x200.jpg 300w, https:\/\/www.mundiplus.com\/wp-content\/uploads\/2025\/07\/El-Camino-de-Santiago-para-personas-neurodivergentes-Mundiplus-768x512.jpg 768w, https:\/\/www.mundiplus.com\/wp-content\/uploads\/2025\/07\/El-Camino-de-Santiago-para-personas-neurodivergentes-Mundiplus-600x400.jpg 600w\" sizes=\"(max-width: 1000px) 100vw, 1000px\" \/><\/p>\n<p><span style=\"font-weight: 400;\">Antes de lan\u00e7ar-se na aventura, a prepara\u00e7\u00e3o \u00e9 fundamental. Um caminho bem planeado reduz a incerteza, permite desfrutar mais do ambiente e minimiza o risco de sobrecarga.<\/span><\/p>\n<ul>\n<li><b>Roupa e equipamento adequados<\/b><span style=\"font-weight: 400;\">. As pessoas com sensibilidade t\u00e1ctil devem escolher roupas confort\u00e1veis, sem costuras inc\u00f3modas nem materiais sint\u00e9ticos que irritem a pele. O mesmo se aplica ao cal\u00e7ado: deve estar adaptado ao p\u00e9, ter sido usado previamente e ser respir\u00e1vel. Cortar etiquetas e usar costuras planas faz a diferen\u00e7a.<\/span><\/li>\n<\/ul>\n<p>&nbsp;<\/p>\n<ul>\n<li aria-level=\"1\"><b>Antecipa\u00e7\u00e3o e estrutura<\/b><span style=\"font-weight: 400;\">.<\/span> <span style=\"font-weight: 400;\">Muitos perfis neurodivergentes beneficiam de ter um esquema claro. Usar mapas simplificados, apps especializadas e levar as etapas impressas pode ajudar. Criar um itiner\u00e1rio flex\u00edvel mas estruturado d\u00e1 sensa\u00e7\u00e3o de controlo.<\/span><\/li>\n<\/ul>\n<p>&nbsp;<\/p>\n<ul>\n<li aria-level=\"1\"><b>Alimenta\u00e7\u00e3o e descanso<\/b><span style=\"font-weight: 400;\">. Seguir uma rotina de refei\u00e7\u00f5es est\u00e1veis \u00e9 importante. Se houver restri\u00e7\u00f5es alimentares, levar snacks pr\u00f3prios (frutos secos, barras, bolachas sem gl\u00faten, etc.) \u00e9 o mais recomend\u00e1vel. Claro que dormir bem \u00e9 fundamental: valorizar alojamentos com ambiente tranquilo pode evitar desregula\u00e7\u00f5es emocionais.<\/span><\/li>\n<\/ul>\n<p>&nbsp;<\/p>\n<ul>\n<li aria-level=\"1\"><b>Regula\u00e7\u00e3o emocional<\/b><span style=\"font-weight: 400;\">. Levar um objeto de apego, um caderno para desenhar ou escrever, auscultadores com m\u00fasica relaxante ou t\u00e9cnicas de respira\u00e7\u00e3o ajudam a gerir momentos de satura\u00e7\u00e3o. As pausas sensoriais ao longo do dia \u2014 na natureza ou em locais tranquilos \u2014 favorecem o bem-estar.<\/span><\/li>\n<\/ul>\n<p>&nbsp;<\/p>\n<ul>\n<li aria-level=\"1\"><b>Acompanhamento consciente<\/b><span style=\"font-weight: 400;\">. Caminhar com algu\u00e9m que compreenda e respeite os teus tempos pode ser positivo. No entanto, h\u00e1 tamb\u00e9m pessoas que preferem caminhar sozinhas e manter um ritmo pr\u00f3prio. Ambas as op\u00e7\u00f5es s\u00e3o v\u00e1lidas: o importante \u00e9 escolher livremente.<\/span><\/li>\n<\/ul>\n<p>&nbsp;<\/p>\n<h2><b>Rotas do Caminho de Santiago: como escolher segundo o teu perfil neurodivergente<\/b><\/h2>\n<p><span style=\"font-weight: 400;\">Um dos aspetos mais importantes na hora de planear o Caminho \u00e9 <\/span><b>escolher a rota adequada<\/b><span style=\"font-weight: 400;\">. Cada rota tem caracter\u00edsticas que podem influenciar positiva ou negativamente a experi\u00eancia.<\/span><\/p>\n<p>&nbsp;<\/p>\n<h3><b>Caminho Franc\u00eas<\/b><\/h3>\n<p><span style=\"font-weight: 400;\">O mais movimentado, com uma grande infraestrutura. Ideal se preferires contar com m\u00faltiplas op\u00e7\u00f5es de alojamento, sinaliza\u00e7\u00e3o constante e companhia. No entanto, em \u00e9poca alta<\/span><b> pode ser sufocante para quem procura tranquilidade<\/b><span style=\"font-weight: 400;\">.<\/span><\/p>\n<p>&nbsp;<\/p>\n<h3><b>Caminho Portugu\u00eas<\/b><\/h3>\n<p><span style=\"font-weight: 400;\">Perfeito para quem valoriza <\/span><b>etapas suaves e boa organiza\u00e7\u00e3o<\/b><span style=\"font-weight: 400;\">. O tro\u00e7o costeiro oferece beleza natural e menor satura\u00e7\u00e3o. Equilibra cultura, patrim\u00f3nio e natureza. As suas etapas est\u00e3o bem sinalizadas e s\u00e3o acess\u00edveis, com possibilidade de as dividir em tro\u00e7os mais curtos. Boa op\u00e7\u00e3o para quem precisa de manter um ritmo constante e desfrutar da diversidade de ambientes.<\/span><\/p>\n<p><span style=\"font-weight: 400;\">O<\/span><a href=\"https:\/\/www.mundiplus.com\/pt\/caminos\/a-pie\/camino-desde-oporto-a-a-guarda\/\"> <b>Caminho de Santiago do Porto a A Guarda<\/b><\/a><span style=\"font-weight: 400;\"> \u00e9 uma excelente alternativa que combina natureza costeira e aldeias com encanto. \u00c9 ideal para quem procura um equil\u00edbrio entre est\u00edmulos moderados e boa sinaliza\u00e7\u00e3o. Depois, o tro\u00e7o do <\/span><a href=\"https:\/\/www.mundiplus.com\/pt\/caminos\/a-pie\/camino-portugues-costa\/camino-de-santiago-desde-a-guarda\/\"><b>Caminho de A Guarda a Santiago<\/b><\/a><span style=\"font-weight: 400;\"> permite caminhar num ambiente sereno, ideal para pessoas que se saturam facilmente.<\/span><\/p>\n<p>&nbsp;<\/p>\n<h3><b>Caminho do Norte<\/b><\/h3>\n<p><span style=\"font-weight: 400;\">Com vistas impressionantes para o Cant\u00e1brico, esta rota exige mais esfor\u00e7o f\u00edsico, mas compensa com <\/span><b>solid\u00e3o, espa\u00e7os abertos e tro\u00e7os silenciosos<\/b><span style=\"font-weight: 400;\">. Esta rota, especialmente o tro\u00e7o do <\/span><a href=\"https:\/\/www.mundiplus.com\/pt\/caminos\/a-pie\/camino-norte\/camino-de-santiago-desde-santander\/%22%3Ecamino%20de%20santiago%20desde%20santander%20a%20gij%C3%B3n\"><b>Caminho de Santiago de Santander a Gij\u00f3n<\/b><\/a><span style=\"font-weight: 400;\">, \u00e9 ideal para quem procura uma experi\u00eancia mais introspectiva e tem toler\u00e2ncia aos desn\u00edveis.<\/span><\/p>\n<p>&nbsp;<\/p>\n<h3><b>Caminho Primitivo<\/b><\/h3>\n<p><span style=\"font-weight: 400;\">O mais antigo e tamb\u00e9m um dos mais dif\u00edceis. Terreno montanhoso e menos servi\u00e7os. Recomendado <\/span><b>para quem j\u00e1 tem experi\u00eancia<\/b><span style=\"font-weight: 400;\"> e deseja uma conex\u00e3o profunda com a natureza e o isolamento.<\/span><\/p>\n<p>&nbsp;<\/p>\n<h3><b>Caminho Ingl\u00eas e Finisterra\/Mux\u00eda<\/b><\/h3>\n<p><b>Ambos os percursos s\u00e3o mais curtos<\/b><span style=\"font-weight: 400;\">. O primeiro come\u00e7a em Ferrol ou A Corunha; o segundo parte de Santiago para a costa. S\u00e3o alternativas menos movimentadas, ideais se preferires evitar o bul\u00edcio.<\/span><\/p>\n<p>&nbsp;<\/p>\n<h2><b>Viv\u00eancias reais: testemunhos de pessoas neurodivergentes no Caminho<\/b><\/h2>\n<p><span style=\"font-weight: 400;\">As experi\u00eancias partilhadas nas redes sociais, f\u00f3runs e blogs mostram que o Caminho pode ser especialmente significativo para pessoas com esta condi\u00e7\u00e3o. Alguns testemunhos refletem:<\/span><\/p>\n<p><i><span style=\"font-weight: 400;\">\u201cNunca tinha conseguido manter uma rotina antes. No Caminho descobri que podia organizar-me, madrugar, caminhar todos os dias\u2026 e desfrutar disso\u201d.<\/span><\/i><\/p>\n<p><i><span style=\"font-weight: 400;\">\u201cPreocupava-me ter que falar com muita gente, mas encontrei o equil\u00edbrio. \u00c0s vezes juntava-me a outros e outras vezes caminhava sozinho. Ningu\u00e9m questionava isso. Senti-me livre.\u201d<\/span><\/i><\/p>\n<p><i><span style=\"font-weight: 400;\">\u201cTenho autismo leve e custa-me improvisar. Preparei tudo por etapas, e mesmo assim houve imprevistos. Mas aprendi a adaptar-me sem ansiedade. O ambiente ajudou muito\u201d.<\/span><\/i><\/p>\n<p><span style=\"font-weight: 400;\">Hist\u00f3rias como estas mostram que <\/span><b>n\u00e3o existe uma \u201cforma correta\u201d de fazer o Caminho<\/b><span style=\"font-weight: 400;\">. Cada pessoa pode e deve construir a sua pr\u00f3pria experi\u00eancia, com autenticidade e respeito pelas suas necessidades.<\/span><\/p>\n<p>&nbsp;<\/p>\n<h2><b>Conselhos pr\u00e1ticos durante o Caminho<\/b><\/h2>\n<p><img loading=\"lazy\" decoding=\"async\" class=\"alignnone wp-image-122570 size-full\" src=\"https:\/\/www.mundiplus.com\/wp-content\/uploads\/2025\/07\/El-Camino-de-Santiago-para-neurodivergentes-Mundiplus.jpg\" alt=\"\" width=\"1000\" height=\"667\" srcset=\"https:\/\/www.mundiplus.com\/wp-content\/uploads\/2025\/07\/El-Camino-de-Santiago-para-neurodivergentes-Mundiplus.jpg 1000w, https:\/\/www.mundiplus.com\/wp-content\/uploads\/2025\/07\/El-Camino-de-Santiago-para-neurodivergentes-Mundiplus-300x200.jpg 300w, https:\/\/www.mundiplus.com\/wp-content\/uploads\/2025\/07\/El-Camino-de-Santiago-para-neurodivergentes-Mundiplus-768x512.jpg 768w, https:\/\/www.mundiplus.com\/wp-content\/uploads\/2025\/07\/El-Camino-de-Santiago-para-neurodivergentes-Mundiplus-600x400.jpg 600w\" sizes=\"(max-width: 1000px) 100vw, 1000px\" \/><\/p>\n<p><span style=\"font-weight: 400;\">Al\u00e9m da prepara\u00e7\u00e3o pr\u00e9via, \u00e9 importante ter em conta certos recursos durante a travessia:<\/span><\/p>\n<ul>\n<li style=\"font-weight: 400;\" aria-level=\"1\"><b>Adaptabilidade perante mudan\u00e7as<\/b><span style=\"font-weight: 400;\">: o clima, o alojamento ou a sa\u00fade podem alterar o plano. Ter um \u201cplano B\u201d escrito, com op\u00e7\u00f5es alternativas, pode reduzir o stress.<\/span><\/li>\n<\/ul>\n<p>&nbsp;<\/p>\n<ul>\n<li style=\"font-weight: 400;\" aria-level=\"1\"><b>Cartazes visuais ou cart\u00f5es de comunica\u00e7\u00e3o<\/b><span style=\"font-weight: 400;\">: em caso de dificuldade em falar nos momentos de sobrecarga, ter mensagens escritas (em v\u00e1rios idiomas) pode ajudar.<\/span><\/li>\n<\/ul>\n<p>&nbsp;<\/p>\n<ul>\n<li style=\"font-weight: 400;\" aria-level=\"1\"><b>Aplica\u00e7\u00f5es com GPS e etapas<\/b><span style=\"font-weight: 400;\">: facilitam o acompanhamento di\u00e1rio e d\u00e3o seguran\u00e7a.<\/span><\/li>\n<\/ul>\n<p>&nbsp;<\/p>\n<ul>\n<li style=\"font-weight: 400;\" aria-level=\"1\"><b>Pausas programadas<\/b><span style=\"font-weight: 400;\">: descansar n\u00e3o s\u00f3 quando se est\u00e1 cansado, mas tamb\u00e9m para prevenir satura\u00e7\u00e3o.<\/span><\/li>\n<\/ul>\n<p>&nbsp;<\/p>\n<ul>\n<li style=\"font-weight: 400;\" aria-level=\"1\"><b>Registos di\u00e1rios<\/b><span style=\"font-weight: 400;\">: tomar notas, gravar \u00e1udios ou fazer desenhos pode servir como descarga emocional e mem\u00f3ria do processo.<\/span><\/li>\n<\/ul>\n<p>&nbsp;<\/p>\n<h2><b>O valor do ambiente: como o Caminho favorece o bem-estar neurodivergente<\/b><\/h2>\n<p><span style=\"font-weight: 400;\">O Caminho oferece um contexto dif\u00edcil de encontrar na vida quotidiana: aus\u00eancia de press\u00e3o, tempo para si pr\u00f3prio, contacto direto com a natureza, e uma comunidade que, em geral, respeita os ritmos individuais.<\/span><\/p>\n<p><span style=\"font-weight: 400;\">Muitas pessoas neurodivergentes podem encontrar nesta experi\u00eancia um <\/span><b>espa\u00e7o de reconex\u00e3o<\/b><span style=\"font-weight: 400;\">. O ambiente natural atua como <\/span><b>regulador sensorial<\/b><span style=\"font-weight: 400;\">: o canto dos p\u00e1ssaros, o murm\u00fario da \u00e1gua, o ritmo pausado dos passos\u2026 Tudo contribui para uma sensa\u00e7\u00e3o de calma profunda.<\/span><\/p>\n<p><span style=\"font-weight: 400;\">Al\u00e9m disso, a espiritualidade da aventura \u2014 seja religiosa ou laica \u2014 convida a olhar para dentro. Esse sil\u00eancio, essa solid\u00e3o escolhida, podem ser imensamente reparadores.<\/span><\/p>\n<p>&nbsp;<\/p>\n<h2><b>O que pode o Caminho trazer ao desenvolvimento pessoal de uma pessoa neurodivergente?<\/b><\/h2>\n<p><span style=\"font-weight: 400;\">Os benef\u00edcios da peregrina\u00e7\u00e3o v\u00e3o al\u00e9m do f\u00edsico. Para quem vive com uma neurodiverg\u00eancia, esta viagem pode trazer:<\/span><\/p>\n<ul>\n<li style=\"font-weight: 400;\" aria-level=\"1\"><b>Maior confian\u00e7a e autonomia<\/b><span style=\"font-weight: 400;\">, ao enfrentar novas situa\u00e7\u00f5es e resolv\u00ea-las por conta pr\u00f3pria.<\/span><\/li>\n<\/ul>\n<p>&nbsp;<\/p>\n<ul>\n<li style=\"font-weight: 400;\" aria-level=\"1\"><b>Aceita\u00e7\u00e3o pessoal<\/b><span style=\"font-weight: 400;\">, ao reconhecer for\u00e7as que antes passavam despercebidas.<\/span><\/li>\n<\/ul>\n<p>&nbsp;<\/p>\n<ul>\n<li style=\"font-weight: 400;\" aria-level=\"1\"><b>Redefini\u00e7\u00e3o dos pr\u00f3prios limites<\/b><span style=\"font-weight: 400;\">, sem necessidade de encaixar-se em padr\u00f5es sociais.<\/span><\/li>\n<\/ul>\n<p>&nbsp;<\/p>\n<ul>\n<li style=\"font-weight: 400;\" aria-level=\"1\"><b>Revaloriza\u00e7\u00e3o do sil\u00eancio, da calma e da conex\u00e3o consigo mesmo<\/b><span style=\"font-weight: 400;\">.<\/span><\/li>\n<\/ul>\n<p>&nbsp;<\/p>\n<ul>\n<li style=\"font-weight: 400;\" aria-level=\"1\"><b>Fortalecimento da resili\u00eancia<\/b><span style=\"font-weight: 400;\">, ao atravessar o desconforto e super\u00e1-lo.<\/span><\/li>\n<\/ul>\n<p>&nbsp;<\/p>\n<p><span style=\"font-weight: 400;\">Tudo isto, sem necessidade de \u201cencaixar\u201d ou \u201ccorrigir-se\u201d. Qualquer uma das rotas, na sua ess\u00eancia, honra o aut\u00eantico.<\/span><\/p>\n<p><span style=\"font-weight: 400;\">Fazer o Caminho de Santiago sendo neurodivergente n\u00e3o \u00e9 s\u00f3 poss\u00edvel, \u00e9 enriquecedor. Cada passo pode ser uma <\/span><b>afirma\u00e7\u00e3o de identidade, uma conquista do presente, uma forma diferente de habitar o mundo<\/b><span style=\"font-weight: 400;\">.<\/span><\/p>\n<p><span style=\"font-weight: 400;\">N\u00e3o \u00e9 preciso fazer o percurso mais longo, nem caminhar mais r\u00e1pido, nem falar com toda a gente. \u00c9 preciso ouvir o que se precisa, respeitar isso e construir um percurso pr\u00f3prio, t\u00e3o v\u00e1lido como qualquer outro.<\/span><\/p>\n<p><span style=\"font-weight: 400;\">Se quiseres conhecer op\u00e7\u00f5es para organizares a tua experi\u00eancia \u00e0 medida, consulta as propostas da Mundiplus, especialistas em <\/span><a href=\"https:\/\/www.mundiplus.com\/pt\/\"><b>viagens pelo Caminho de Santiago<\/b><\/a><span style=\"font-weight: 400;\">. Desde rotas tranquilas at\u00e9 percursos culturais, existe sempre uma alternativa perfeita para ti.<\/span><\/p>\n","protected":false},"excerpt":{"rendered":"<p>Caminhar para Santiago pode ser uma experi\u00eancia transformadora, mas tamb\u00e9m um desafio importante para quem vive com uma condi\u00e7\u00e3o neurodivergente. Longe de ser um impedimento, a neurodiverg\u00eancia pode dar origem a uma viv\u00eancia \u00fanica, mais rica e pessoal, desde que se disponha da informa\u00e7\u00e3o adequada e de um planeamento adaptado. Neste artigo abordamos como preparar [&hellip;]<\/p>\n","protected":false},"author":1,"featured_media":122587,"comment_status":"open","ping_status":"open","sticky":false,"template":"","format":"standard","meta":{"footnotes":""},"categories":[574,578,598],"tags":[],"class_list":["post-122630","post","type-post","status-publish","format-standard","has-post-thumbnail","hentry","category-blog-do-caminho","category-caminho-a-pe","category-preparativos-para-a-viagem"],"_links":{"self":[{"href":"https:\/\/www.mundiplus.com\/pt-pt\/wp-json\/wp\/v2\/posts\/122630","targetHints":{"allow":["GET"]}}],"collection":[{"href":"https:\/\/www.mundiplus.com\/pt-pt\/wp-json\/wp\/v2\/posts"}],"about":[{"href":"https:\/\/www.mundiplus.com\/pt-pt\/wp-json\/wp\/v2\/types\/post"}],"author":[{"embeddable":true,"href":"https:\/\/www.mundiplus.com\/pt-pt\/wp-json\/wp\/v2\/users\/1"}],"replies":[{"embeddable":true,"href":"https:\/\/www.mundiplus.com\/pt-pt\/wp-json\/wp\/v2\/comments?post=122630"}],"version-history":[{"count":3,"href":"https:\/\/www.mundiplus.com\/pt-pt\/wp-json\/wp\/v2\/posts\/122630\/revisions"}],"predecessor-version":[{"id":122649,"href":"https:\/\/www.mundiplus.com\/pt-pt\/wp-json\/wp\/v2\/posts\/122630\/revisions\/122649"}],"wp:featuredmedia":[{"embeddable":true,"href":"https:\/\/www.mundiplus.com\/pt-pt\/wp-json\/wp\/v2\/media\/122587"}],"wp:attachment":[{"href":"https:\/\/www.mundiplus.com\/pt-pt\/wp-json\/wp\/v2\/media?parent=122630"}],"wp:term":[{"taxonomy":"category","embeddable":true,"href":"https:\/\/www.mundiplus.com\/pt-pt\/wp-json\/wp\/v2\/categories?post=122630"},{"taxonomy":"post_tag","embeddable":true,"href":"https:\/\/www.mundiplus.com\/pt-pt\/wp-json\/wp\/v2\/tags?post=122630"}],"curies":[{"name":"wp","href":"https:\/\/api.w.org\/{rel}","templated":true}]}}