{"id":122873,"date":"2025-08-22T15:09:22","date_gmt":"2025-08-22T15:09:22","guid":{"rendered":"https:\/\/www.mundiplus.com\/?p=122873"},"modified":"2025-08-22T15:16:09","modified_gmt":"2025-08-22T15:16:09","slug":"o-caminho-inaciano-como-preparacao-para-o-caminho-de-santiago","status":"publish","type":"post","link":"https:\/\/www.mundiplus.com\/pt-pt\/o-caminho-inaciano-formacao-espiritual\/","title":{"rendered":"O Caminho Inaciano como prepara\u00e7\u00e3o para o Caminho de Santiago"},"content":{"rendered":"<p><img fetchpriority=\"high\" decoding=\"async\" class=\"alignnone wp-image-118987 size-full\" src=\"https:\/\/www.mundiplus.com\/wp-content\/uploads\/2025\/04\/Blog-Mundiplus.png\" alt=\"\" width=\"1023\" height=\"539\" srcset=\"https:\/\/www.mundiplus.com\/wp-content\/uploads\/2025\/04\/Blog-Mundiplus.png 1023w, https:\/\/www.mundiplus.com\/wp-content\/uploads\/2025\/04\/Blog-Mundiplus-300x158.png 300w, https:\/\/www.mundiplus.com\/wp-content\/uploads\/2025\/04\/Blog-Mundiplus-768x405.png 768w, https:\/\/www.mundiplus.com\/wp-content\/uploads\/2025\/04\/Blog-Mundiplus-600x316.png 600w\" sizes=\"(max-width: 1023px) 100vw, 1023px\" \/><\/p>\n<p><span style=\"font-weight: 400;\">A experi\u00eancia de peregrinar em Espanha n\u00e3o se limita ao famoso Caminho de Santiago. Existe outra rota de grande valor hist\u00f3rico e espiritual: o <\/span><b>Caminho Inaciano<\/b><span style=\"font-weight: 400;\">. Neste guia, exploraremos como percorr\u00ea-lo pode servir como uma excelente prepara\u00e7\u00e3o para mais tarde embarcar na grande experi\u00eancia de chegar \u00e0 Catedral de Santiago.\u00a0<\/span><\/p>\n<p><span style=\"font-weight: 400;\">Analisaremos a sua origem e hist\u00f3ria, o itiner\u00e1rio atual e as semelhan\u00e7as e diferen\u00e7as com as principais rotas jacobeias. No final, compreender\u00e1s por que raz\u00e3o esta peregrina\u00e7\u00e3o pode ser o treino perfeito antes de te dirigires a Santiago de Compostela.<\/span><\/p>\n<p>&nbsp;<\/p>\n<h2><b>A origem hist\u00f3rica do Caminho Inaciano<\/b><\/h2>\n<p><img decoding=\"async\" class=\"alignnone wp-image-122829 size-full\" src=\"https:\/\/www.mundiplus.com\/wp-content\/uploads\/2025\/08\/Loyola-Mundiplus.jpg\" alt=\"\" width=\"1024\" height=\"683\" srcset=\"https:\/\/www.mundiplus.com\/wp-content\/uploads\/2025\/08\/Loyola-Mundiplus.jpg 1024w, https:\/\/www.mundiplus.com\/wp-content\/uploads\/2025\/08\/Loyola-Mundiplus-300x200.jpg 300w, https:\/\/www.mundiplus.com\/wp-content\/uploads\/2025\/08\/Loyola-Mundiplus-768x512.jpg 768w, https:\/\/www.mundiplus.com\/wp-content\/uploads\/2025\/08\/Loyola-Mundiplus-600x400.jpg 600w\" sizes=\"(max-width: 1024px) 100vw, 1024px\" \/><\/p>\n<p><span style=\"font-weight: 400;\">O Caminho Inaciano tem origem na figura de <\/span><b>\u00cd\u00f1igo de Loyola<\/b><span style=\"font-weight: 400;\"> (mais conhecido como Santo In\u00e1cio de Loyola), fundador da Companhia de Jesus (os jesu\u00edtas).\u00a0<\/span><\/p>\n<p><span style=\"font-weight: 400;\">No ano de <\/span><b>1522<\/b><span style=\"font-weight: 400;\">, \u00cd\u00f1igo empreendeu uma viagem transformadora ap\u00f3s a sua convers\u00e3o espiritual. Partiu da sua casa natal em <\/span><b>Loyola<\/b><span style=\"font-weight: 400;\"> (Azpeitia, Pa\u00eds Basco) e percorreu a p\u00e9 cerca de 650 km at\u00e9 \u00e0 cidade de <\/span><b>Manresa<\/b><span style=\"font-weight: 400;\"> (Catalunha).\u00a0<\/span><\/p>\n<p><span style=\"font-weight: 400;\">Durante o percurso, passou por lugares emblem\u00e1ticos como o Santu\u00e1rio de Montserrat. A\u00ed, dep\u00f4s a sua armadura de cavaleiro diante da Virgem Negra, simbolizando o in\u00edcio de uma nova vida espiritual. Esta travessia pessoal marcou a <\/span><b>passagem de \u00cd\u00f1igo \u201co soldado\u201d para In\u00e1cio \u201co peregrino\u201d<\/b><span style=\"font-weight: 400;\">, culminando na gruta de Manresa onde meditou intensamente e lan\u00e7ou as bases dos seus <\/span><i><span style=\"font-weight: 400;\">Exerc\u00edcios Espirituais<\/span><\/i><span style=\"font-weight: 400;\">.<\/span><\/p>\n<p><span style=\"font-weight: 400;\">Hoje em dia, essa fa\u00e7anha tornou-se um itiner\u00e1rio de peregrina\u00e7\u00e3o <\/span><b>oficialmente reconhecido<\/b><span style=\"font-weight: 400;\">. A rota moderna recria fielmente o trajeto de 1522, permitindo aos peregrinos seguir os passos de Santo In\u00e1cio.\u00a0<\/span><\/p>\n<p><span style=\"font-weight: 400;\">O projeto de sinaliza\u00e7\u00e3o e promo\u00e7\u00e3o ganhou for\u00e7a na d\u00e9cada de 2010, pelas m\u00e3os da comunidade jesu\u00edta, coincidindo com os 500 anos da convers\u00e3o de In\u00e1cio. Em 2012, a rota foi homologada como <\/span><b>trilho de Grande Percurso<\/b><span style=\"font-weight: 400;\"> (GR-21) e, desde ent\u00e3o, tem ganho presen\u00e7a no turismo cultural e religioso de Espanha.<\/span><\/p>\n<p>&nbsp;<\/p>\n<h2><b>O Caminho Inaciano hoje: percurso, etapas e desafios<\/b><\/h2>\n<p><span style=\"font-weight: 400;\">O Caminho Inaciano estende-se por <\/span><b>cerca de 650 km divididos em 27 etapas<\/b><span style=\"font-weight: 400;\">, atravessando cinco comunidades aut\u00f3nomas de Espanha: <\/span><b>Pa\u00eds Basco, La Rioja, Navarra, Arag\u00e3o e Catalunha<\/b><span style=\"font-weight: 400;\">.\u00a0<\/span><\/p>\n<p><span style=\"font-weight: 400;\">O percurso come\u00e7a no Santu\u00e1rio de Loyola, passa por cidades e vilas cheias de hist\u00f3ria e termina na <\/span><b>Cova de Santo In\u00e1cio<\/b><span style=\"font-weight: 400;\"> em Manresa. Ao longo da rota, o peregrino inaciano descobre uma <\/span><b>grande diversidade de paisagens<\/b><span style=\"font-weight: 400;\">: os verdes vales bascos, as terras de vinhas riojanas, a ribeira do rio Ebro em Navarra e Arag\u00e3o, e as montanhas catal\u00e3s coroadas pelo mosteiro de Montserrat.\u00a0<\/span><\/p>\n<p>&nbsp;<\/p>\n<h3><b>Itiner\u00e1rio completo do Caminho Inaciano: etapas e quil\u00f3metros<\/b><\/h3>\n<p><img decoding=\"async\" class=\"alignnone wp-image-122823 size-full\" src=\"https:\/\/www.mundiplus.com\/wp-content\/uploads\/2025\/08\/Manresa-Mundiplus.jpg\" alt=\"\" width=\"1024\" height=\"683\" srcset=\"https:\/\/www.mundiplus.com\/wp-content\/uploads\/2025\/08\/Manresa-Mundiplus.jpg 1024w, https:\/\/www.mundiplus.com\/wp-content\/uploads\/2025\/08\/Manresa-Mundiplus-300x200.jpg 300w, https:\/\/www.mundiplus.com\/wp-content\/uploads\/2025\/08\/Manresa-Mundiplus-768x512.jpg 768w, https:\/\/www.mundiplus.com\/wp-content\/uploads\/2025\/08\/Manresa-Mundiplus-600x400.jpg 600w\" sizes=\"(max-width: 1024px) 100vw, 1024px\" \/><\/p>\n<p><span style=\"font-weight: 400;\">Apresentamos de seguida o itiner\u00e1rio habitual do Caminho Inaciano, dividido em 27 etapas. Embora n\u00e3o exista uma \u00fanica forma de dividi-las, esta \u00e9 a distribui\u00e7\u00e3o mais frequente entre os peregrinos:<\/span><\/p>\n<p>&nbsp;<\/p>\n<ul>\n<li style=\"font-weight: 400;\" aria-level=\"1\"><b>Etapa 1<\/b><span style=\"font-weight: 400;\">: Loyola \u2013 Zum\u00e1rraga (18,5 km)<\/span><\/li>\n<li style=\"font-weight: 400;\" aria-level=\"1\"><b>Etapa 2<\/b><span style=\"font-weight: 400;\">: Zum\u00e1rraga \u2013 Arantzazu (17,7 km)<\/span><\/li>\n<li style=\"font-weight: 400;\" aria-level=\"1\"><b>Etapa 3<\/b><span style=\"font-weight: 400;\">: Arantzazu \u2013 Araia (21,4 km)<\/span><\/li>\n<li style=\"font-weight: 400;\" aria-level=\"1\"><b>Etapa 4<\/b><span style=\"font-weight: 400;\">: Araia \u2013 Alda (25 km)<\/span><\/li>\n<li style=\"font-weight: 400;\" aria-level=\"1\"><b>Etapa 5<\/b><span style=\"font-weight: 400;\">: Alda \u2013 Genevilla (22,8 km)<\/span><\/li>\n<li style=\"font-weight: 400;\" aria-level=\"1\"><b>Etapa 6<\/b><span style=\"font-weight: 400;\">: Genevilla \u2013 Laguardia (27,3 km)\u00a0<\/span><\/li>\n<li style=\"font-weight: 400;\" aria-level=\"1\"><b>Etapa 7<\/b><span style=\"font-weight: 400;\">: Laguardia &#8211; Navarrete (27,3 km)<\/span><\/li>\n<li style=\"font-weight: 400;\" aria-level=\"1\"><b>Etapa 8<\/b><span style=\"font-weight: 400;\">: Navarrete &#8211; Logro\u00f1o (13 km)<\/span><\/li>\n<li style=\"font-weight: 400;\" aria-level=\"1\"><b>Etapa 9<\/b><span style=\"font-weight: 400;\">: Logro\u00f1o &#8211; Alcanadre (30,6 km)<\/span><\/li>\n<li style=\"font-weight: 400;\" aria-level=\"1\"><b>Etapa 10<\/b><span style=\"font-weight: 400;\">: Alcanadre \u2013 Calahorra (21,5 km)<\/span><\/li>\n<li style=\"font-weight: 400;\" aria-level=\"1\"><b>Etapa 11<\/b><span style=\"font-weight: 400;\">: Calahorra \u2013 Alfaro (23,1 km)<\/span><\/li>\n<li style=\"font-weight: 400;\" aria-level=\"1\"><b>Etapa 12<\/b><span style=\"font-weight: 400;\">: Alfaro \u2013 Tudela (25,8 km)<\/span><\/li>\n<li style=\"font-weight: 400;\" aria-level=\"1\"><b>Etapa 13<\/b><span style=\"font-weight: 400;\">: Tudela \u2013 Gallur (39,2 km)<\/span><\/li>\n<li style=\"font-weight: 400;\" aria-level=\"1\"><b>Etapa 14<\/b><span style=\"font-weight: 400;\">: Gallur \u2013 Alag\u00f3n (21,7 km)<\/span><\/li>\n<li style=\"font-weight: 400;\" aria-level=\"1\"><b>Etapa 15<\/b><span style=\"font-weight: 400;\">: Alag\u00f3n \u2013 Zaragoza (30,5 km)<\/span><\/li>\n<li style=\"font-weight: 400;\" aria-level=\"1\"><b>Etapa 16<\/b><span style=\"font-weight: 400;\">: Zaragoza \u2013 Fuentes de Ebro (25,6 km)<\/span><\/li>\n<li style=\"font-weight: 400;\" aria-level=\"1\"><b>Etapa 17<\/b><span style=\"font-weight: 400;\">: Fuentes de Ebro \u2013 Venta de Santa Luc\u00eda (29,6 km)<\/span><\/li>\n<li style=\"font-weight: 400;\" aria-level=\"1\"><b>Etapa 18<\/b><span style=\"font-weight: 400;\">: Venta de Santa Luc\u00eda &#8211; Bujaraloz (21,3 km)<\/span><\/li>\n<li style=\"font-weight: 400;\" aria-level=\"1\"><b>Etapa 19<\/b><span style=\"font-weight: 400;\">: Bujaraloz \u2013 Candasnos (21 km)<\/span><\/li>\n<li style=\"font-weight: 400;\" aria-level=\"1\"><b>Etapa 20<\/b><span style=\"font-weight: 400;\">: Candasnos \u2013 Fraga (26,8 km)<\/span><\/li>\n<li style=\"font-weight: 400;\" aria-level=\"1\"><b>Etapa 21<\/b><span style=\"font-weight: 400;\">: Fraga \u2013 Lleida (31,9 km)<\/span><\/li>\n<li style=\"font-weight: 400;\" aria-level=\"1\"><b>Etapa 22<\/b><span style=\"font-weight: 400;\">: Lleida \u2013 Palau d\u2019Anglesola (25,7 km)<\/span><\/li>\n<li style=\"font-weight: 400;\" aria-level=\"1\"><b>Etapa 23<\/b><span style=\"font-weight: 400;\">: Palau d\u2019Anglesola &#8211; Verd\u00fa (24,7 km)<\/span><\/li>\n<li style=\"font-weight: 400;\" aria-level=\"1\"><b>Etapa 24<\/b><span style=\"font-weight: 400;\">: Verd\u00fa \u2013 Cervera (17 km)<\/span><\/li>\n<li style=\"font-weight: 400;\" aria-level=\"1\"><b>Etapa 25<\/b><span style=\"font-weight: 400;\">: Cervera \u2013 Igualada (38,6 km)<\/span><\/li>\n<li style=\"font-weight: 400;\" aria-level=\"1\"><b>Etapa 26<\/b><span style=\"font-weight: 400;\">: Igualada \u2013 Montserrat (27 km)<\/span><\/li>\n<li style=\"font-weight: 400;\" aria-level=\"1\"><b>Etapa 27<\/b><span style=\"font-weight: 400;\">: Montserrat \u2013 Manresa (24,6 km)<\/span><\/li>\n<\/ul>\n<p>&nbsp;<\/p>\n<p><span style=\"font-weight: 400;\">Embora esteja dividido em 27 jornadas, nem todos os peregrinos realizam o percurso completo. Alguns optam por determinados trechos ou combinam partes a p\u00e9 com transportes em certos segmentos.\u00a0<\/span><\/p>\n<p><span style=\"font-weight: 400;\">Quando completado na totalidade, leva cerca de <\/span><b>30 dias de caminhada<\/b><span style=\"font-weight: 400;\">. V\u00e1rias etapas ultrapassam os 25-30 km, sendo a mais longa de quase 40 km (entre Tudela e Gallur), o que representa um desafio f\u00edsico consider\u00e1vel. Por isso, conv\u00e9m uma prepara\u00e7\u00e3o f\u00edsica pr\u00e9via <\/span><b>semelhante \u00e0 de qualquer percurso de longa dist\u00e2ncia<\/b><span style=\"font-weight: 400;\">: treino com caminhadas, uso de cal\u00e7ado adequado e planeamento de pausas.\u00a0<\/span><\/p>\n<p><span style=\"font-weight: 400;\">O percurso est\u00e1 <\/span><b>bem sinalizado<\/b><span style=\"font-weight: 400;\"> com as caracter\u00edsticas <\/span><b><i>setas laranjas<\/i><\/b><span style=\"font-weight: 400;\"> pintadas em rochas e postes (ao contr\u00e1rio das setas amarelas do Caminho de Santiago). Al\u00e9m disso, por se tratar de um trilho GR oficial, tamb\u00e9m encontraremos marcas brancas e vermelhas de grande rota em muitos tro\u00e7os.<\/span><\/p>\n<p>&nbsp;<\/p>\n<h3><b>Infraestruturas e servi\u00e7os<\/b><\/h3>\n<p><span style=\"font-weight: 400;\">Ao contr\u00e1rio das rotas jacobeias mais frequentadas, a infraestrutura ainda \u00e9 <\/span><b>limitada em algumas zonas<\/b><span style=\"font-weight: 400;\">. Existem alojamentos dispon\u00edveis na maioria das etapas (albergues de peregrinos, casas rurais, pens\u00f5es e at\u00e9 conventos), mas a oferta \u00e9, naturalmente, mais reduzida.\u00a0<\/span><\/p>\n<p><span style=\"font-weight: 400;\">Em trechos mais isolados (por exemplo, na estepe aragonesa) pode haver uma maior dist\u00e2ncia entre povoa\u00e7\u00f5es com servi\u00e7os, obrigando o peregrino a planear bem o abastecimento de \u00e1gua e comida para cada dia.\u00a0<\/span><\/p>\n<p><span style=\"font-weight: 400;\">Ainda assim, ano ap\u00f3s ano <\/span><b>cresce a rede de apoios<\/b><span style=\"font-weight: 400;\">: t\u00eam sido criados novos albergues e pontos de informa\u00e7\u00e3o. Al\u00e9m disso, as comunidades locais est\u00e3o cada vez mais envolvidas na rece\u00e7\u00e3o aos caminhantes. Os peregrinos podem carimbar uma <\/span><b>credencial Inaciana<\/b><span style=\"font-weight: 400;\"> (passaporte semelhante ao compostelano) em cada etapa, e ao terminar em Manresa podem obter um certificado que comprova a peregrina\u00e7\u00e3o.<\/span><\/p>\n<p>&nbsp;<\/p>\n<h3><b>Esfor\u00e7o e dificuldade\u00a0<\/b><\/h3>\n<p><span style=\"font-weight: 400;\">O perfil combina <\/span><b>tro\u00e7os planos com outros de m\u00e9dia montanha<\/b><span style=\"font-weight: 400;\">. N\u00e3o h\u00e1 passagens de alta montanha extremas, mas h\u00e1 subidas significativas como a subida a Montserrat na pen\u00faltima etapa, que exige boa prepara\u00e7\u00e3o f\u00edsica.\u00a0<\/span><\/p>\n<p><span style=\"font-weight: 400;\">Al\u00e9m disso, <\/span><b>o clima varia<\/b><span style=\"font-weight: 400;\"> entre as chuvas do norte da Pen\u00ednsula e os calores secos do vale do Ebro. Por exemplo, no ver\u00e3o, algumas etapas por Navarra e Arag\u00e3o podem ultrapassar os 35\u00b0C, sendo aconselh\u00e1vel come\u00e7ar a caminhada muito cedo.\u00a0<\/span><\/p>\n<p><span style=\"font-weight: 400;\">A solid\u00e3o da rota (muito poucos peregrinos por dia) representa outro desafio: \u00e9 um percurso <\/span><b>pouco frequentado<\/b><span style=\"font-weight: 400;\">, ideal para quem procura tranquilidade, mas que implica caminhar longos per\u00edodos sem companhia nem ajuda imediata.\u00a0<\/span><\/p>\n<p><span style=\"font-weight: 400;\">Atualmente, apenas algumas centenas de peregrinos completam o Caminho Inaciano todos os anos (cerca de <\/span><b>300-500 nos \u00faltimos anos<\/b><span style=\"font-weight: 400;\">), em contraste com os milhares que percorrem o de Santiago. Esta baixa aflu\u00eancia faz com que cada encontro ao longo do caminho seja significativo e que a peregrina\u00e7\u00e3o tenha um car\u00e1cter mais introspectivo e pessoal.<\/span><\/p>\n<p>&nbsp;<\/p>\n<h2><b>Um treino f\u00edsico e espiritual para o Caminho de Santiago<\/b><\/h2>\n<p><img loading=\"lazy\" decoding=\"async\" class=\"alignnone wp-image-122835 size-full\" src=\"https:\/\/www.mundiplus.com\/wp-content\/uploads\/2025\/08\/Montserrat-Mundiplus.jpg\" alt=\"\" width=\"1024\" height=\"683\" srcset=\"https:\/\/www.mundiplus.com\/wp-content\/uploads\/2025\/08\/Montserrat-Mundiplus.jpg 1024w, https:\/\/www.mundiplus.com\/wp-content\/uploads\/2025\/08\/Montserrat-Mundiplus-300x200.jpg 300w, https:\/\/www.mundiplus.com\/wp-content\/uploads\/2025\/08\/Montserrat-Mundiplus-768x512.jpg 768w, https:\/\/www.mundiplus.com\/wp-content\/uploads\/2025\/08\/Montserrat-Mundiplus-600x400.jpg 600w\" sizes=\"(max-width: 1024px) 100vw, 1024px\" \/><\/p>\n<p><span style=\"font-weight: 400;\">Percorrer o Caminho Inaciano \u00e9, em muitos sentidos, um excelente treino para quem planeia depois chegar at\u00e9 \u00e0 Catedral de Santiago.\u00a0<\/span><\/p>\n<p><span style=\"font-weight: 400;\">Em primeiro lugar, do ponto de vista f\u00edsico, ambos s\u00e3o percursos de longa dist\u00e2ncia que <\/span><b>exigem resist\u00eancia<\/b><span style=\"font-weight: 400;\">. Se um peregrino consegue completar os ~650 km de Loyola a Manresa, estar\u00e1 mais do que preparado para enfrentar os ~800 km da rota francesa at\u00e9 Santiago ou qualquer outra mais curta.\u00a0<\/span><\/p>\n<p><span style=\"font-weight: 400;\">Ao longo desta peregrina\u00e7\u00e3o adquire-se <\/span><b>experi\u00eancia pr\u00e1tica<\/b><span style=\"font-weight: 400;\">: estabelecer um ritmo di\u00e1rio de marcha, habituar-se a carregar a mochila, lidar com bolhas ou les\u00f5es ligeiras e compreender a import\u00e2ncia de uma boa hidrata\u00e7\u00e3o e alimenta\u00e7\u00e3o ao longo da jornada. Toda esta <\/span><i><span style=\"font-weight: 400;\">curva de aprendizagem<\/span><\/i><span style=\"font-weight: 400;\"> ser\u00e1 inestim\u00e1vel ao enfrentar depois desafios maiores, permitindo evitar erros de principiante.<\/span><\/p>\n<p><span style=\"font-weight: 400;\">Para al\u00e9m do condicionamento f\u00edsico, oferece uma <\/span><b>prepara\u00e7\u00e3o mental e espiritual<\/b><span style=\"font-weight: 400;\"> excecional. Esta rota foi concebida como um <\/span><b>caminho de introspe\u00e7\u00e3o<\/b><span style=\"font-weight: 400;\">: muitos peregrinos vivem-na como um retiro espiritual em movimento, gra\u00e7as \u00e0s refer\u00eancias inacianas e propostas de medita\u00e7\u00e3o que a acompanham.\u00a0<\/span><\/p>\n<p><span style=\"font-weight: 400;\">Ao caminhar praticamente sozinho durante dias, aprende-se a gerir os pr\u00f3prios pensamentos, a superar momentos de des\u00e2nimo e a encontrar motiva\u00e7\u00e3o interior para continuar. Desenvolver esta for\u00e7a mental \u00e9 fundamental para o sucesso no Caminho de Santiago. Embora aqui haja mais companhia, tamb\u00e9m surgem momentos de cansa\u00e7o ou d\u00favida em que a determina\u00e7\u00e3o pessoal desempenha um papel importante.<\/span><\/p>\n<p><span style=\"font-weight: 400;\">Da mesma forma, quem enfrentou a log\u00edstica mais complexa do Caminho Inaciano (com menos sinaliza\u00e7\u00e3o e servi\u00e7os) sentir-se-\u00e1 muito mais confort\u00e1vel numa rota jacobeia onde praticamente todas as localidades oferecem alojamento e cada cruzamento est\u00e1 sinalizado.<\/span><\/p>\n<p>&nbsp;<\/p>\n<h2><b>Compara\u00e7\u00e3o com as principais rotas do Caminho de Santiago<\/b><\/h2>\n<p><span style=\"font-weight: 400;\">O Caminho de Santiago conta com <\/span><b>m\u00faltiplas rotas<\/b><span style=\"font-weight: 400;\"> oficiais, cada uma com caracter\u00edsticas pr\u00f3prias. De seguida, comparamos brevemente com algumas das rotas jacobeias mais conhecidas, destacando semelhan\u00e7as e diferen\u00e7as:<\/span><\/p>\n<p>&nbsp;<\/p>\n<ul>\n<li style=\"font-weight: 400;\" aria-level=\"1\"><b>Caminho Franc\u00eas<\/b><span style=\"font-weight: 400;\">: \u00e9 a rota jacobeia mais popular, com cerca de 780 km desde Saint-Jean-Pied-de-Port (Fran\u00e7a) at\u00e9 Santiago de Compostela. Neste caso:<\/span><\/li>\n<\/ul>\n<p>&nbsp;<\/p>\n<ul>\n<li style=\"list-style-type: none;\">\n<ul>\n<li style=\"font-weight: 400;\" aria-level=\"2\"><span style=\"font-weight: 400;\">Recebe milhares de peregrinos simultaneamente na \u00e9poca alta, por isso <\/span><b>nunca estar\u00e1s sozinho<\/b><span style=\"font-weight: 400;\">.\u00a0<\/span><\/li>\n<\/ul>\n<\/li>\n<\/ul>\n<p>&nbsp;<\/p>\n<ul>\n<li style=\"list-style-type: none;\">\n<ul>\n<li style=\"font-weight: 400;\" aria-level=\"2\"><span style=\"font-weight: 400;\">Conta com uma <\/span><b>infraestrutura muito desenvolvida<\/b><span style=\"font-weight: 400;\">: alojamentos quase em todas as localidades, bares e lojas frequentes, e sinaliza\u00e7\u00e3o abundante com setas amarelas.<\/span><\/li>\n<\/ul>\n<\/li>\n<\/ul>\n<p>&nbsp;<\/p>\n<ul>\n<li style=\"list-style-type: none;\">\n<ul>\n<li style=\"font-weight: 400;\" aria-level=\"2\"><span style=\"font-weight: 400;\">O perfil <\/span><b>combina montanhas<\/b><span style=\"font-weight: 400;\"> (os Piren\u00e9us no in\u00edcio, O Cebreiro no final) com<\/span><b> longas plan\u00edcies<\/b><span style=\"font-weight: 400;\"> (a Meseta central).<\/span><\/li>\n<\/ul>\n<\/li>\n<\/ul>\n<p>&nbsp;<\/p>\n<ul>\n<li style=\"list-style-type: none;\">\n<ul>\n<li style=\"font-weight: 400;\" aria-level=\"2\"><span style=\"font-weight: 400;\">A <\/span><b>riqueza cultural<\/b><span style=\"font-weight: 400;\"> tamb\u00e9m difere: enquanto o Inaciano se foca na figura de Santo In\u00e1cio, esta rota percorre marcos medievais da tradi\u00e7\u00e3o jacobeia (mosteiros, catedrais, vilas hist\u00f3ricas).<\/span><\/li>\n<\/ul>\n<\/li>\n<\/ul>\n<p>&nbsp;<\/p>\n<ul>\n<li style=\"list-style-type: none;\">\n<ul>\n<li style=\"font-weight: 400;\" aria-level=\"2\"><span style=\"font-weight: 400;\">Ambas as rotas exigem fisicamente caminhar cerca de <\/span><b>25-30 km por dia<\/b><span style=\"font-weight: 400;\">. No entanto, o Caminho Franc\u00eas \u00e9 mais f\u00e1cil de adaptar em etapas devido \u00e0 quantidade de locais para parar.<\/span><\/li>\n<\/ul>\n<\/li>\n<\/ul>\n<p>&nbsp;<\/p>\n<ul>\n<li style=\"font-weight: 400;\" aria-level=\"1\"><b>Caminho do Norte<\/b><span style=\"font-weight: 400;\"> (rota costeira): ao contr\u00e1rio do interior peninsular percorrido por In\u00e1cio, este trilho segue a costa cant\u00e1brica com paisagens mar\u00edtimas.<\/span><\/li>\n<\/ul>\n<p>&nbsp;<\/p>\n<p><span style=\"font-weight: 400;\">Um exemplo deste percurso \u00e9 o <\/span><a href=\"https:\/\/www.mundiplus.com\/pt\/caminos\/a-pie\/camino-norte\/camino-de-santiago-desde-santander\/\"><b>Caminho do Norte de Santander a Gij\u00f3n<\/b><\/a><span style=\"font-weight: 400;\">, um tro\u00e7o de cerca de 200 km que contorna as praias e fal\u00e9sias do Cant\u00e1brico. Esta alternativa apresenta <\/span><b>etapas de dificuldade moderada<\/b><span style=\"font-weight: 400;\"> com constantes subidas e descidas, passando por localidades tur\u00edsticas como Santillana del Mar, Llanes ou Ribadesella.<\/span><\/p>\n<p>&nbsp;<\/p>\n<ul>\n<li style=\"font-weight: 400;\" aria-level=\"2\"><span style=\"font-weight: 400;\">Em termos de aflu\u00eancia, \u00e9 menos frequentado que o Franc\u00eas, mas ainda assim bastante <\/span><b>mais que o Inaciano<\/b><span style=\"font-weight: 400;\">: Encontras peregrinos regularmente, embora em menor n\u00famero que na rota principal.<\/span><\/li>\n<\/ul>\n<p>&nbsp;<\/p>\n<ul>\n<li style=\"font-weight: 400;\" aria-level=\"2\"><span style=\"font-weight: 400;\">A <\/span><b>infraestrutura \u00e9 geralmente boa<\/b><span style=\"font-weight: 400;\">, mas com menos servi\u00e7os de alojamento que o Caminho Franc\u00eas e alguns trechos rurais.<\/span><\/li>\n<\/ul>\n<p>&nbsp;<\/p>\n<ul>\n<li style=\"font-weight: 400;\" aria-level=\"1\"><b>Caminho Portugu\u00eas<\/b><span style=\"font-weight: 400;\"> (variante costeira): a rota tradicional vai desde o Porto at\u00e9 Santiago, podendo escolher entre o percurso interior ou o costeiro. A op\u00e7\u00e3o costeira \u00e9 muito apreciada pelas vistas para o Atl\u00e2ntico.<\/span><\/li>\n<\/ul>\n<p>&nbsp;<\/p>\n<p><span style=\"font-weight: 400;\">Por exemplo, o <\/span><a href=\"https:\/\/www.mundiplus.com\/pt\/caminos\/a-pie\/camino-desde-oporto-a-a-guarda\/\"><b>Caminho de Santiago portugu\u00eas do Porto a A Guarda<\/b><\/a><span style=\"font-weight: 400;\"> percorre a costa de Portugal at\u00e9 \u00e0 Galiza. S\u00e3o aproximadamente 160-180 km desde a cidade do <\/span><b>Porto<\/b><span style=\"font-weight: 400;\"> at\u00e9 \u00e0 fronteira em <\/span><b>A Guarda<\/b><span style=\"font-weight: 400;\"> (Galiza), passando por localidades piscat\u00f3rias e balneares como Viana do Castelo e Caminha.<\/span><\/p>\n<p>&nbsp;<\/p>\n<ul>\n<li style=\"font-weight: 400;\" aria-level=\"2\"><span style=\"font-weight: 400;\">Este tro\u00e7o caracteriza-se por <\/span><b>trilhos costeiros planos e brisa mar\u00edtima<\/b><span style=\"font-weight: 400;\">, o que torna o percurso fisicamente <\/span><b>mais leve que muitas etapas montanhosas<\/b><span style=\"font-weight: 400;\"> do Caminho Inaciano.<\/span><\/li>\n<\/ul>\n<p>&nbsp;<\/p>\n<ul>\n<li style=\"font-weight: 400;\" aria-level=\"2\"><span style=\"font-weight: 400;\">A oferta de alojamentos e sinaliza\u00e7\u00e3o <\/span><b>melhorou bastante<\/b><span style=\"font-weight: 400;\"> nos \u00faltimos anos devido ao aumento de peregrinos, especialmente ap\u00f3s a pandemia.<\/span><\/li>\n<\/ul>\n<p>&nbsp;<\/p>\n<ul>\n<li style=\"font-weight: 400;\" aria-level=\"2\"><span style=\"font-weight: 400;\">A <\/span><b>experi\u00eancia social<\/b><span style=\"font-weight: 400;\"> \u00e9 tranquila, semelhante ao exemplo anterior quanto ao n\u00famero de caminhantes, e desfruta-se da hospitalidade portuguesa nas localidades.<\/span><\/li>\n<\/ul>\n<p>&nbsp;<\/p>\n<ul>\n<li style=\"font-weight: 400;\" aria-level=\"1\"><span style=\"font-weight: 400;\">A maioria dos peregrinos continua desde a fronteira at\u00e9 Santiago pela costa galega. O <\/span><a href=\"https:\/\/www.mundiplus.com\/pt\/caminos\/a-pie\/camino-portugues-costa\/camino-de-santiago-desde-a-guarda\/\"><b>Caminho desde A Guarda at\u00e9 Santiago de Compostela<\/b><\/a><span style=\"font-weight: 400;\"> corresponde \u00e0 \u00faltima parte desta rota. Desde aqui, percorrem-se aproximadamente <\/span><b>150 km<\/b><span style=\"font-weight: 400;\"> at\u00e9 Santiago, normalmente em 6 ou 7 etapas. Atravessa localidades como Baiona, Vigo, Pontevedra e Redondela (onde se junta ao Caminho Portugu\u00eas central), antes de seguir para Compostela.<\/span><\/li>\n<\/ul>\n<p>&nbsp;<\/p>\n<ul>\n<li><span style=\"font-weight: 400;\">Esta parte final combina <\/span><b>tro\u00e7os costeiros<\/b><span style=\"font-weight: 400;\"> com o acesso ao verdejante interior da Galiza.<\/span><\/li>\n<\/ul>\n<p>&nbsp;<\/p>\n<ul>\n<li style=\"list-style-type: none;\">\n<ul>\n<li style=\"font-weight: 400;\" aria-level=\"2\"><span style=\"font-weight: 400;\">Comparado com o final do Caminho Inaciano, este percurso oferece <\/span><b>mais servi\u00e7os e companhia<\/b><span style=\"font-weight: 400;\">. Sendo os \u00faltimos 100+ km at\u00e9 ao destino, h\u00e1 normalmente um aumento de peregrinos que se juntam para obter a <\/span><b>Compostela<\/b><span style=\"font-weight: 400;\">, o que torna os trilhos animados.<\/span><\/li>\n<\/ul>\n<\/li>\n<\/ul>\n<p>&nbsp;<\/p>\n<ul>\n<li style=\"list-style-type: none;\">\n<ul>\n<li style=\"font-weight: 400;\" aria-level=\"2\"><span style=\"font-weight: 400;\">Ainda assim, continua a ser <\/span><b>menos massificado<\/b><span style=\"font-weight: 400;\"> que o Caminho Franc\u00eas.<\/span><\/li>\n<\/ul>\n<\/li>\n<\/ul>\n<p>&nbsp;<\/p>\n<p><i><span style=\"font-weight: 400;\">(Vale a pena mencionar que existem outras rotas jacobeias relevantes, como o Caminho Primitivo desde Oviedo ou a Via da Prata desde Sevilha, entre outras. Cada uma tem a sua identidade pr\u00f3pria, mas destac\u00e1mos as mais populares para a compara\u00e7\u00e3o com a experi\u00eancia inaciana.)<\/span><\/i><\/p>\n<p>&nbsp;<\/p>\n<h3><b>\u00c9 poss\u00edvel faz\u00ea-lo ao contr\u00e1rio? Liga\u00e7\u00f5es com o Caminho de Santiago<\/b><\/h3>\n<p><span style=\"font-weight: 400;\">Sim, <\/span><b>claro que pode ser feito em sentido inverso<\/b><span style=\"font-weight: 400;\">, desde Manresa at\u00e9 Loyola. Embora n\u00e3o seja o percurso oficial, alguns peregrinos optam por esta alternativa para unir a espiritualidade inaciana com a sua posterior entrada numa rota jacobeia. Ao terminar no Pa\u00eds Basco, existem v\u00e1rias op\u00e7\u00f5es para se ligar ao Caminho de Santiago.<\/span><\/p>\n<p><span style=\"font-weight: 400;\">Desde Loyola (Azpeitia), podes conectar-te ao <\/span><b>Caminho do Norte<\/b><span style=\"font-weight: 400;\"> atrav\u00e9s de cidades pr\u00f3ximas como Zarautz ou Deba. Assim, podes integrar-te na costa cant\u00e1brica rumo a Santiago.<\/span><\/p>\n<p><span style=\"font-weight: 400;\">No entanto, mesmo seguindo o sentido habitual, \u00e9 poss\u00edvel ligar-se \u00e0 rota francesa durante o percurso. Existem conex\u00f5es naturais em dois pontos-chave:<\/span><\/p>\n<p>&nbsp;<\/p>\n<ul>\n<li style=\"font-weight: 400;\" aria-level=\"1\"><b>Na Navarra<\/b><span style=\"font-weight: 400;\">: \u00c0 altura de <\/span><b>Tudela<\/b><span style=\"font-weight: 400;\"> os dois caminhos s\u00e3o quase tangentes.<\/span><\/li>\n<\/ul>\n<p>&nbsp;<\/p>\n<ul>\n<li style=\"font-weight: 400;\" aria-level=\"1\"><b>Na Rioja:<\/b><span style=\"font-weight: 400;\"> Ambas as rotas passam pela capital da Rioja.<\/span><\/li>\n<\/ul>\n<p>&nbsp;<\/p>\n<p><span style=\"font-weight: 400;\">Ambas as experi\u00eancias oferecem duas formas complementares de peregrina\u00e7\u00e3o. Longe de serem excludentes, podem <\/span><b>viver-se como etapas sucessivas<\/b><span style=\"font-weight: 400;\"> de um mesmo caminho pessoal.<\/span><\/p>\n<p><span style=\"font-weight: 400;\">O Caminho Inaciano funciona quase como um \u201c<\/span><b>treino peregrino\u201d<\/b><span style=\"font-weight: 400;\">. Quem completa a travessia de Loyola a Manresa costuma enfrentar com maior confian\u00e7a a rota at\u00e9 Compostela, apreciando a ampla infraestrutura jacobeia (alojamento, sinaliza\u00e7\u00e3o constante e at\u00e9 apoio log\u00edstico atrav\u00e9s de alguma <\/span><a href=\"https:\/\/www.mundiplus.com\/pt\/\"><b>ag\u00eancia do Caminho de Santiago<\/b><\/a><span style=\"font-weight: 400;\"> especializada, se desejar).<\/span><\/p>\n<p><span style=\"font-weight: 400;\">Mas para al\u00e9m da prepara\u00e7\u00e3o f\u00edsica, o maior valor reside na <\/span><b>transforma\u00e7\u00e3o interior<\/b><span style=\"font-weight: 400;\">: o sil\u00eancio e a reflex\u00e3o ao seguir os passos de Santo In\u00e1cio predisp\u00f5em o peregrino a viver o Caminho de Santiago com uma atitude mais recetiva, humilde e aberta aos ensinamentos da viagem.<\/span><\/p>\n<p><span style=\"font-weight: 400;\">Quer procures um <\/span><b>desafio pessoal<\/b><span style=\"font-weight: 400;\"> ou queiras fortalecer o teu esp\u00edrito antes de te juntares \u00e0 multid\u00e3o de peregrinos rumo a Santiago, considerar o Caminho Inaciano como pr\u00f3logo \u00e9 uma ideia muito recomend\u00e1vel. Ambas as rotas oferecem experi\u00eancias \u00fanicas e complementares que te formar\u00e3o como peregrino e te proporcionar\u00e3o viv\u00eancias inesquec\u00edveis no corpo e na alma. <\/span><b>Viva In\u00e1cio!<\/b><\/p>\n","protected":false},"excerpt":{"rendered":"<p>A experi\u00eancia de peregrinar em Espanha n\u00e3o se limita ao famoso Caminho de Santiago. Existe outra rota de grande valor hist\u00f3rico e espiritual: o Caminho Inaciano. Neste guia, exploraremos como percorr\u00ea-lo pode servir como uma excelente prepara\u00e7\u00e3o para mais tarde embarcar na grande experi\u00eancia de chegar \u00e0 Catedral de Santiago.\u00a0 Analisaremos a sua origem e [&hellip;]<\/p>\n","protected":false},"author":1,"featured_media":122834,"comment_status":"open","ping_status":"open","sticky":false,"template":"","format":"standard","meta":{"footnotes":""},"categories":[574,578,586],"tags":[],"class_list":["post-122873","post","type-post","status-publish","format-standard","has-post-thumbnail","hentry","category-blog-do-caminho","category-caminho-a-pe","category-historia-pt"],"_links":{"self":[{"href":"https:\/\/www.mundiplus.com\/pt-pt\/wp-json\/wp\/v2\/posts\/122873","targetHints":{"allow":["GET"]}}],"collection":[{"href":"https:\/\/www.mundiplus.com\/pt-pt\/wp-json\/wp\/v2\/posts"}],"about":[{"href":"https:\/\/www.mundiplus.com\/pt-pt\/wp-json\/wp\/v2\/types\/post"}],"author":[{"embeddable":true,"href":"https:\/\/www.mundiplus.com\/pt-pt\/wp-json\/wp\/v2\/users\/1"}],"replies":[{"embeddable":true,"href":"https:\/\/www.mundiplus.com\/pt-pt\/wp-json\/wp\/v2\/comments?post=122873"}],"version-history":[{"count":3,"href":"https:\/\/www.mundiplus.com\/pt-pt\/wp-json\/wp\/v2\/posts\/122873\/revisions"}],"predecessor-version":[{"id":123534,"href":"https:\/\/www.mundiplus.com\/pt-pt\/wp-json\/wp\/v2\/posts\/122873\/revisions\/123534"}],"wp:featuredmedia":[{"embeddable":true,"href":"https:\/\/www.mundiplus.com\/pt-pt\/wp-json\/wp\/v2\/media\/122834"}],"wp:attachment":[{"href":"https:\/\/www.mundiplus.com\/pt-pt\/wp-json\/wp\/v2\/media?parent=122873"}],"wp:term":[{"taxonomy":"category","embeddable":true,"href":"https:\/\/www.mundiplus.com\/pt-pt\/wp-json\/wp\/v2\/categories?post=122873"},{"taxonomy":"post_tag","embeddable":true,"href":"https:\/\/www.mundiplus.com\/pt-pt\/wp-json\/wp\/v2\/tags?post=122873"}],"curies":[{"name":"wp","href":"https:\/\/api.w.org\/{rel}","templated":true}]}}