{"id":123973,"date":"2025-09-22T18:55:10","date_gmt":"2025-09-22T18:55:10","guid":{"rendered":"https:\/\/www.mundiplus.com\/?p=123973"},"modified":"2026-03-26T11:27:24","modified_gmt":"2026-03-26T11:27:24","slug":"por-que-fazer-o-caminho-de-santiago-no-outono","status":"publish","type":"post","link":"https:\/\/www.mundiplus.com\/pt-pt\/porque-fazer-o-caminho-de-santiago-no-outono\/","title":{"rendered":"Por que fazer o Caminho de Santiago no outono?"},"content":{"rendered":"<p><img fetchpriority=\"high\" decoding=\"async\" class=\"alignnone wp-image-118987 size-full\" src=\"https:\/\/www.mundiplus.com\/wp-content\/uploads\/2025\/04\/Blog-Mundiplus.png\" alt=\"\" width=\"1023\" height=\"539\" srcset=\"https:\/\/www.mundiplus.com\/wp-content\/uploads\/2025\/04\/Blog-Mundiplus.png 1023w, https:\/\/www.mundiplus.com\/wp-content\/uploads\/2025\/04\/Blog-Mundiplus-300x158.png 300w, https:\/\/www.mundiplus.com\/wp-content\/uploads\/2025\/04\/Blog-Mundiplus-768x405.png 768w, https:\/\/www.mundiplus.com\/wp-content\/uploads\/2025\/04\/Blog-Mundiplus-600x316.png 600w\" sizes=\"(max-width: 1023px) 100vw, 1023px\" \/><\/p>\n<p><span style=\"font-weight: 400;\">O Caminho de Santiago \u00e9 uma experi\u00eancia que milhares de peregrinos realizam todos os anos em busca de aventura, espiritualidade ou simplesmente de um tempo de desconex\u00e3o. <\/span><\/p>\n<p><span style=\"font-weight: 400;\">Embora a primavera e o ver\u00e3o sejam as esta\u00e7\u00f5es mais populares para iniciar a rota, <\/span><b>cada vez mais caminhantes descobrem as vantagens de o fazer no outono<\/b><span style=\"font-weight: 400;\">. Cores \u00fanicas, menor aflu\u00eancia e um clima mais ameno tornam estes meses numa \u00e9poca privilegiada para percorrer os caminhos jacobeus.<\/span><\/p>\n<p><span style=\"font-weight: 400;\">Se preferir fazer uma planifica\u00e7\u00e3o mais fechada \u2014especialmente em pontes ou feriados\u2014, algumas pessoas optam por coorden\u00e1-la com <\/span><b>ag\u00eancias caminho de santiago<\/b><span style=\"font-weight: 400;\"> de confian\u00e7a. Seja qual for o seu estilo, plano livre ou com ajuda, esta esta\u00e7\u00e3o proporcionar\u00e1 dias perfeitos para caminhar.<\/span><\/p>\n<p><span style=\"font-weight: 400;\">Neste artigo exploramos<\/span><b> porque o outono \u00e9 um momento ideal para fazer o Caminho<\/b><span style=\"font-weight: 400;\">, como se vivem as principais rotas nesta esta\u00e7\u00e3o e conselhos pr\u00e1ticos para desfrutar ao m\u00e1ximo.<\/span><\/p>\n<p>&nbsp;<\/p>\n<h2><b>O encanto do Caminho de Santiago no outono<\/b><\/h2>\n<p><img decoding=\"async\" class=\"alignnone wp-image-123927 size-full\" src=\"https:\/\/www.mundiplus.com\/wp-content\/uploads\/2025\/09\/Por-que-hacer-el-Camino-de-Santiago-en-otono-Mundiplus.jpg\" alt=\"\" width=\"1000\" height=\"668\" srcset=\"https:\/\/www.mundiplus.com\/wp-content\/uploads\/2025\/09\/Por-que-hacer-el-Camino-de-Santiago-en-otono-Mundiplus.jpg 1000w, https:\/\/www.mundiplus.com\/wp-content\/uploads\/2025\/09\/Por-que-hacer-el-Camino-de-Santiago-en-otono-Mundiplus-300x200.jpg 300w, https:\/\/www.mundiplus.com\/wp-content\/uploads\/2025\/09\/Por-que-hacer-el-Camino-de-Santiago-en-otono-Mundiplus-768x513.jpg 768w, https:\/\/www.mundiplus.com\/wp-content\/uploads\/2025\/09\/Por-que-hacer-el-Camino-de-Santiago-en-otono-Mundiplus-600x401.jpg 600w\" sizes=\"(max-width: 1000px) 100vw, 1000px\" \/><\/p>\n<p><span style=\"font-weight: 400;\">O outono transforma o Caminho numa exibi\u00e7\u00e3o de contrastes. As florestas de carvalhos, castanheiros e faias exibem uma <\/span><b>paleta de cores quentes<\/b><span style=\"font-weight: 400;\"> que acompanha o peregrino quil\u00f3metro ap\u00f3s quil\u00f3metro. Vinhedos em vindima, prados cobertos de orvalho e nevoeiros suaves ao amanhecer criam um ambiente \u00edntimo e muito fotog\u00e9nico.<\/span><\/p>\n<p><span style=\"font-weight: 400;\">Al\u00e9m disso, a <\/span><b>redu\u00e7\u00e3o do n\u00famero de caminhantes<\/b><span style=\"font-weight: 400;\"> em rela\u00e7\u00e3o a julho e agosto torna a rota num espa\u00e7o de calma. A conversa com outros peregrinos surge de maneira mais espont\u00e2nea e aut\u00eantica, e os albergues recuperam um ritmo mais pausado que favorece o descanso e a conviv\u00eancia.<\/span><\/p>\n<p><span style=\"font-weight: 400;\">O clima joga a favor: <\/span><b>temperaturas amenas<\/b><span style=\"font-weight: 400;\"> e menos calor do que no ver\u00e3o. \u00c9 verdade que as probabilidades de chuva aumentam, especialmente no norte, mas essa mesma humidade intensifica o verde das paisagens e refresca o ambiente. Com uma boa capa imperme\u00e1vel, estes dias s\u00e3o agrad\u00e1veis mesmo sob uma chuva leve.<\/span><\/p>\n<p>&nbsp;<\/p>\n<h2><b>Vantagens de peregrinar no outono<\/b><\/h2>\n<p><img decoding=\"async\" class=\"alignnone wp-image-123933 size-full\" src=\"https:\/\/www.mundiplus.com\/wp-content\/uploads\/2025\/09\/Motivos-para-hacer-el-Camino-de-Santiago-en-otono.jpg\" alt=\"\" width=\"1000\" height=\"667\" srcset=\"https:\/\/www.mundiplus.com\/wp-content\/uploads\/2025\/09\/Motivos-para-hacer-el-Camino-de-Santiago-en-otono.jpg 1000w, https:\/\/www.mundiplus.com\/wp-content\/uploads\/2025\/09\/Motivos-para-hacer-el-Camino-de-Santiago-en-otono-300x200.jpg 300w, https:\/\/www.mundiplus.com\/wp-content\/uploads\/2025\/09\/Motivos-para-hacer-el-Camino-de-Santiago-en-otono-768x512.jpg 768w, https:\/\/www.mundiplus.com\/wp-content\/uploads\/2025\/09\/Motivos-para-hacer-el-Camino-de-Santiago-en-otono-600x400.jpg 600w\" sizes=\"(max-width: 1000px) 100vw, 1000px\" \/><\/p>\n<ul>\n<li aria-level=\"1\"><b>Mais disponibilidade em alojamentos e servi\u00e7os<\/b><span style=\"font-weight: 400;\">. Com menos aflu\u00eancia, encontrar cama torna-se mais f\u00e1cil e pode permitir-se ser um pouco flex\u00edvel com as etapas. Em fins de semana prolongados ou feriados locais, \u00e9 aconselh\u00e1vel fazer reservas, mas a press\u00e3o diminui consideravelmente em compara\u00e7\u00e3o com a \u00e9poca alta.<\/span><\/li>\n<\/ul>\n<p>&nbsp;<\/p>\n<ul>\n<li aria-level=\"1\"><b>Caminhadas mais confort\u00e1veis<\/b><span style=\"font-weight: 400;\">. Em setembro, outubro e novembro, as temperaturas m\u00e9dias situam-se na faixa &#8220;agrad\u00e1vel&#8221; para caminhar. Isso ajuda a manter um ritmo constante e a terminar a etapa com melhores sensa\u00e7\u00f5es f\u00edsicas.<\/span><\/li>\n<\/ul>\n<p>&nbsp;<\/p>\n<ul>\n<li aria-level=\"1\"><b>Cultura e festas locais<\/b><span style=\"font-weight: 400;\">. No outono coincidem vindimas, magostos de castanhas, feiras gastron\u00f3micas e celebra\u00e7\u00f5es religiosas. Integrar-se na vida local adiciona valor \u00e0 viagem e multiplica as recorda\u00e7\u00f5es: m\u00fasica nas pra\u00e7as, produtos artesanais, cozinha sazonal\u2026<\/span><\/li>\n<\/ul>\n<p>&nbsp;<\/p>\n<ul>\n<li aria-level=\"1\"><b>Gastronomia que reconforta<\/b><span style=\"font-weight: 400;\">. Cogumelos, caldos, ensopados, castanhas assadas e vinhos jovens. A cozinha de outono d\u00e1 energia e calor depois da etapa. Al\u00e9m disso, o menor volume de visitantes permite desfrutar com calma dos bares e tabernas.<\/span><\/li>\n<\/ul>\n<p>&nbsp;<\/p>\n<h2><b>As diferentes rotas do Caminho de Santiago no outono<\/b><\/h2>\n<p><span style=\"font-weight: 400;\">Cada rota tem o seu car\u00e1cter e esta esta\u00e7\u00e3o \u00e9 vivida de forma bem distinta. A seguir, vamos repassar as mais populares, conectando as suas paisagens com as vantagens da esta\u00e7\u00e3o.<\/span><\/p>\n<p>&nbsp;<\/p>\n<h3><b>Caminho Franc\u00eas<\/b><\/h3>\n<p><span style=\"font-weight: 400;\">A rota mais conhecida e com melhor infraestrutura durante todo o ano. No outono, o Caminho Franc\u00eas \u201cdesacelera\u201d: os albergues enchem-se menos, as aldeias est\u00e3o mais tranquilas e as conversas prolongam-se.<\/span><\/p>\n<ul>\n<li style=\"font-weight: 400;\" aria-level=\"1\"><b>Paisagem e clima<\/b><span style=\"font-weight: 400;\">: vinhedos de La Rioja e o Bierzo em vindima, planaltos dourados em Castela e florestas h\u00famidas na Galiza. Temperaturas amenas durante o dia e frescas ao entardecer.<\/span><\/li>\n<\/ul>\n<p>&nbsp;<\/p>\n<ul>\n<li style=\"font-weight: 400;\" aria-level=\"1\"><b>Aflu\u00eancia e infraestruturas<\/b><span style=\"font-weight: 400;\">: excelente rede de servi\u00e7os abertos; menor aflu\u00eancia do que no ver\u00e3o, o que facilita improvisar uma etapa mais curta ou along\u00e1-la se se sentir com for\u00e7as.<\/span><\/li>\n<\/ul>\n<p>&nbsp;<\/p>\n<ul>\n<li style=\"font-weight: 400;\" aria-level=\"1\"><b>Gastronomia sazonal<\/b><span style=\"font-weight: 400;\">: vinhos jovens, cogumelos e pratos de colher que reconfortam depois de jornadas longas.<\/span><\/li>\n<\/ul>\n<p>&nbsp;<\/p>\n<h3><b>Caminho do Norte<\/b><\/h3>\n<p><span style=\"font-weight: 400;\">Rota costeira de grande beleza, com penhascos, praias e montes que se debru\u00e7am sobre o Cant\u00e1brico. Estes meses s\u00e3o especialmente agrad\u00e1veis, embora seja necess\u00e1rio aceitar o seu clima vari\u00e1vel.<\/span><\/p>\n<ul>\n<li style=\"font-weight: 400;\" aria-level=\"1\"><b>Paisagem e clima<\/b><span style=\"font-weight: 400;\">: c\u00e9us dram\u00e1ticos, n\u00e9voas matinais e verde intenso. Temperaturas suaves, mas com chuvas mais frequentes do que no interior.<\/span><\/li>\n<\/ul>\n<p>&nbsp;<\/p>\n<ul>\n<li style=\"font-weight: 400;\" aria-level=\"1\"><b>Aflu\u00eancia e infraestruturas<\/b><span style=\"font-weight: 400;\">: menos gente do que no ver\u00e3o; aldeias e cidades costeiras mais habit\u00e1veis, com boa oferta de alojamentos.<\/span><\/li>\n<\/ul>\n<p>&nbsp;<\/p>\n<ul>\n<li style=\"font-weight: 400;\" aria-level=\"1\"><b>Tramo recomendado<\/b><span style=\"font-weight: 400;\">: se procura uma experi\u00eancia costeira mais curta e tranquila, o <\/span><b>Caminho de Santiago Santander Gij\u00f3n<\/b><span style=\"font-weight: 400;\"> concentra a ess\u00eancia mar\u00edtima, boas vistas e servi\u00e7os suficientes no outono.<\/span><\/li>\n<\/ul>\n<p>&nbsp;<\/p>\n<ul>\n<li style=\"font-weight: 400;\" aria-level=\"1\"><b>Gastronomia<\/b><span style=\"font-weight: 400;\">: peixes e mariscos frescos, sidra e pratos quentes que caem bem depois da chuva.<\/span><\/li>\n<\/ul>\n<p>&nbsp;<\/p>\n<h3><b>Caminho Portugu\u00eas<\/b><\/h3>\n<p><span style=\"font-weight: 400;\">Tem vindo a ganhar popularidade pelo seu equil\u00edbrio entre natureza, patrim\u00f3nio e servi\u00e7os. Oferece variantes interior e costeira, ambas muito agrad\u00e1veis no outono.<\/span><\/p>\n<ul>\n<li style=\"font-weight: 400;\" aria-level=\"1\"><b>Paisagem e clima<\/b><span style=\"font-weight: 400;\">: florestas e vales sempre verdes, com tons dourados ao cair das folhas; temperaturas amenas e ambiente h\u00famido muito suport\u00e1vel para caminhar.<\/span><\/li>\n<\/ul>\n<p>&nbsp;<\/p>\n<ul>\n<li style=\"font-weight: 400;\" aria-level=\"1\"><b>Afla\u00e7\u00e3o e infraestruturas<\/b><span style=\"font-weight: 400;\">: menos satura\u00e7\u00e3o do que em agosto; localidades acolhedoras e bem preparadas para o peregrino.<\/span><\/li>\n<\/ul>\n<p>&nbsp;<\/p>\n<ul>\n<li style=\"font-weight: 400;\" aria-level=\"1\"><b>Variantes em destaque<\/b><span style=\"font-weight: 400;\">:<\/span>\n<ul>\n<li style=\"font-weight: 400;\" aria-level=\"2\"><span style=\"font-weight: 400;\">O <\/span><b>Caminho de Santiago Portugu\u00eas de Oporto a A Guarda<\/b><span style=\"font-weight: 400;\"> \u00e9 uma alternativa tranquila, ideal se procura um equil\u00edbrio entre mar e zonas verdes, com menos press\u00e3o de peregrinos.<\/span><\/li>\n<\/ul>\n<\/li>\n<\/ul>\n<p>&nbsp;<\/p>\n<ul>\n<li style=\"list-style-type: none;\">\n<ul>\n<li style=\"font-weight: 400;\" aria-level=\"2\"><span style=\"font-weight: 400;\">O <\/span><b>Caminho de Santiago de A Guarda a Santiago de Compostela<\/b><span style=\"font-weight: 400;\"> oferece um car\u00e1ter marinheiro, far\u00f3is, passeios junto ao Atl\u00e2ntico e cozinha atl\u00e2ntica (peixes, mariscos).<\/span><\/li>\n<\/ul>\n<\/li>\n<\/ul>\n<p>&nbsp;<\/p>\n<ul>\n<li style=\"font-weight: 400;\" aria-level=\"1\"><b>Gastronomia<\/b><span style=\"font-weight: 400;\">: sopas, bacalhau, vinhos verdes, empadas e marisco na chegada \u00e0 Galiza.<\/span><\/li>\n<\/ul>\n<p>&nbsp;<\/p>\n<h3><b>Caminho Primitivo<\/b><\/h3>\n<p><span style=\"font-weight: 400;\">Montanhoso, exigente e muito aut\u00eantico. Setembro, outubro e novembro brilham pela sua tranquilidade e paisagem.<\/span><\/p>\n<ul>\n<li style=\"font-weight: 400;\" aria-level=\"1\"><b>Paisagem e clima<\/b><span style=\"font-weight: 400;\">: n\u00e9voas matinais que se abrem para vistas de vales, faias em tons avermelhados e rios com caudal vivo. Temperaturas frescas; possibilidade de chuva que exige bom cal\u00e7ado e imperme\u00e1vel.<\/span><\/li>\n<\/ul>\n<p>&nbsp;<\/p>\n<ul>\n<li style=\"font-weight: 400;\" aria-level=\"1\"><b>Afla\u00e7\u00e3o e infraestruturas<\/b><span style=\"font-weight: 400;\">: menos peregrinos, o que refor\u00e7a a sensa\u00e7\u00e3o de aventura; \u00e9 conveniente verificar os hor\u00e1rios e a disponibilidade de alojamentos nos tro\u00e7os menos povoados.<\/span><\/li>\n<\/ul>\n<p>&nbsp;<\/p>\n<ul>\n<li style=\"font-weight: 400;\" aria-level=\"1\"><b>Experi\u00eancia<\/b><span style=\"font-weight: 400;\">: etapas intensas que recompensam com sil\u00eancio, introspe\u00e7\u00e3o e uma natureza em estado puro.<\/span><\/li>\n<\/ul>\n<p>&nbsp;<\/p>\n<h3><b>Caminho Ingl\u00eas<\/b><\/h3>\n<p><span style=\"font-weight: 400;\">Op\u00e7\u00e3o ideal se disp\u00f5e de menos dias. No outono, \u00e9 especialmente sereno.<\/span><\/p>\n<ul>\n<li style=\"font-weight: 400;\" aria-level=\"1\"><b>Paisagem e clima<\/b><span style=\"font-weight: 400;\">: aldeias galegas, carballeiras e trilhos h\u00famidos; temperaturas amenas com possibilidade de chuvas.<\/span><\/li>\n<\/ul>\n<p>&nbsp;<\/p>\n<ul>\n<li style=\"font-weight: 400;\" aria-level=\"1\"><b>Afla\u00e7\u00e3o e infraestruturas<\/b><span style=\"font-weight: 400;\">: f\u00e1cil encontrar cama; ambiente local muito aut\u00eantico e trato pr\u00f3ximo.<\/span><\/li>\n<\/ul>\n<p>&nbsp;<\/p>\n<ul>\n<li style=\"font-weight: 400;\" aria-level=\"1\"><b>Gastronomia<\/b><span style=\"font-weight: 400;\">: caldos, lac\u00f3n, empanadas e sobremesas tradicionais que rep\u00f5em o corpo e o esp\u00edrito.<\/span><\/li>\n<\/ul>\n<p>&nbsp;<\/p>\n<h3><b>Caminho de Finisterre<\/b><\/h3>\n<p><span style=\"font-weight: 400;\">Prolongamento desde Santiago at\u00e9 \u00e0 costa atl\u00e2ntica: um \u201ccaminhar al\u00e9m\u201d carregado de simbolismo.<\/span><\/p>\n<ul>\n<li style=\"font-weight: 400;\" aria-level=\"1\"><b>Paisagem e clima<\/b><span style=\"font-weight: 400;\">: florestas que desaguam em fal\u00e9sias e praias abertas ao oceano; pores-do-sol de postal. O outono traz c\u00e9us vibrantes e menos visitantes.<\/span><\/li>\n<\/ul>\n<p>&nbsp;<\/p>\n<ul>\n<li style=\"font-weight: 400;\" aria-level=\"1\"><b>Afla\u00e7\u00e3o e infraestruturas<\/b><span style=\"font-weight: 400;\">: baixa densidade de peregrinos, ritmo \u00edntimo e alojamentos com disponibilidade; bom momento para saborear cada quil\u00f3metro sem pressas.<\/span><\/li>\n<\/ul>\n<p>&nbsp;<\/p>\n<ul>\n<li style=\"font-weight: 400;\" aria-level=\"1\"><b>Experi\u00eancia<\/b><span style=\"font-weight: 400;\">: chegar a Fisterra ou Mux\u00eda nestas datas potencia essa sensa\u00e7\u00e3o de encerramento de ciclo; o mar e o vento completam a peregrina\u00e7\u00e3o com um toque emocional dif\u00edcil de esquecer.<\/span><\/li>\n<\/ul>\n<p>&nbsp;<\/p>\n<h2><b>Conselhos pr\u00e1ticos para fazer o Caminho no outono<\/b><\/h2>\n<p><img loading=\"lazy\" decoding=\"async\" class=\"alignnone wp-image-123921 size-full\" src=\"https:\/\/www.mundiplus.com\/wp-content\/uploads\/2025\/09\/Hacer-el-Camino-de-Santiago-en-otono-Mundiplus.jpg\" alt=\"\" width=\"1000\" height=\"667\" srcset=\"https:\/\/www.mundiplus.com\/wp-content\/uploads\/2025\/09\/Hacer-el-Camino-de-Santiago-en-otono-Mundiplus.jpg 1000w, https:\/\/www.mundiplus.com\/wp-content\/uploads\/2025\/09\/Hacer-el-Camino-de-Santiago-en-otono-Mundiplus-300x200.jpg 300w, https:\/\/www.mundiplus.com\/wp-content\/uploads\/2025\/09\/Hacer-el-Camino-de-Santiago-en-otono-Mundiplus-768x512.jpg 768w, https:\/\/www.mundiplus.com\/wp-content\/uploads\/2025\/09\/Hacer-el-Camino-de-Santiago-en-otono-Mundiplus-600x400.jpg 600w\" sizes=\"(max-width: 1000px) 100vw, 1000px\" \/><\/p>\n<ul>\n<li style=\"font-weight: 400;\" aria-level=\"1\"><b>Roupa e equipamento em camadas<\/b><span style=\"font-weight: 400;\">. Camisolas respirantes, forro ou primaloft leve e imperme\u00e1vel (preferencialmente com cap\u00f4). Adicione uma capa para mochila ou funda estanque e uma toalha de secagem r\u00e1pida. Luvas finas e chap\u00e9u leve podem fazer a diferen\u00e7a nas primeiras horas.<\/span><\/li>\n<\/ul>\n<p>&nbsp;<\/p>\n<ul>\n<li style=\"font-weight: 400;\" aria-level=\"1\"><b>Cal\u00e7ado e p\u00e9s secos<\/b><span style=\"font-weight: 400;\">. Botas ou t\u00e9nis de trekking com sola aderente e imperme\u00e1vel (membrana tipo \u201cwaterproof\u201d). Leve dois pares de meias t\u00e9cnicas e alterne. Vaselina ou creme anti-fric\u00e7\u00e3o para prevenir bolhas em ambientes h\u00famidos.<\/span><\/li>\n<\/ul>\n<p>&nbsp;<\/p>\n<ul>\n<li style=\"font-weight: 400;\" aria-level=\"1\"><b>Planeamento das etapas e luz<\/b><span style=\"font-weight: 400;\">. Ao terminar o ver\u00e3o, os dias encurtam: acorde cedo para aproveitar a manh\u00e3 e evite chegar \u00e0 noite. Como refer\u00eancia, entre setembro e novembro a faixa \u00fatil de luz vai diminuindo, por isso \u00e9 conveniente ajustar dist\u00e2ncias e ritmos.<\/span><\/li>\n<\/ul>\n<p>&nbsp;<\/p>\n<ul>\n<li style=\"font-weight: 400;\" aria-level=\"1\"><b>Servi\u00e7os abertos<\/b><span style=\"font-weight: 400;\">. Embora a maioria das localidades mantenha bares e lojas, em tro\u00e7os menos povoados pode haver hor\u00e1rios mais curtos. Verifique com anteced\u00eancia as op\u00e7\u00f5es de alimenta\u00e7\u00e3o e \u00e1gua; leve algo energ\u00e9tico (frutos secos, barras de cereais).<\/span><\/li>\n<\/ul>\n<p>&nbsp;<\/p>\n<ul>\n<li style=\"font-weight: 400;\" aria-level=\"1\"><b>Seguran\u00e7a e meteorologia<\/b><span style=\"font-weight: 400;\">. Verifique a previs\u00e3o antes de sair. Se se esperarem chuvas intensas ou vento forte, evite picos expostos e adapte a etapa. Bast\u00f5es de caminhada ajudam em descidas com lama. Um apito e uma lanterna frontal (com pilhas carregadas) s\u00e3o aliados simples e muito \u00fateis.<\/span><\/li>\n<\/ul>\n<p>&nbsp;<\/p>\n<ul>\n<li style=\"font-weight: 400;\" aria-level=\"1\"><b>Credencial, selos e Compostela<\/b><span style=\"font-weight: 400;\">. A Credencial continua ativa em qualquer esta\u00e7\u00e3o do ano e os selos continuam a ser obtidos em albergues, par\u00f3quias, bares e escrit\u00f3rios de turismo. Mantenha o h\u00e1bito de selar pelo menos duas vezes ao dia nas etapas galegas para a Compostela.<\/span><\/li>\n<\/ul>\n<p>&nbsp;<\/p>\n<ul>\n<li style=\"font-weight: 400;\" aria-level=\"1\"><b>Transporte e log\u00edstica<\/b><span style=\"font-weight: 400;\">. No outono, costuma haver boa conectividade com cidades de in\u00edcio e fim de etapa, e menos satura\u00e7\u00e3o nos comboios e autocarros. Se decidir dividir uma etapa, consulte transportes locais ou t\u00e1xis rurais da zona.<\/span><\/li>\n<\/ul>\n<p>&nbsp;<\/p>\n<h2><b>Qual m\u00eas de outono escolher?<\/b><\/h2>\n<ul>\n<li style=\"font-weight: 400;\" aria-level=\"1\"><b>Setembro<\/b><span style=\"font-weight: 400;\">: transi\u00e7\u00e3o suave do ver\u00e3o; temperaturas amenas, vindimas, dias ainda longos. Um pouco mais de aflu\u00eancia no in\u00edcio do m\u00eas.<\/span><\/li>\n<\/ul>\n<p>&nbsp;<\/p>\n<ul>\n<li style=\"font-weight: 400;\" aria-level=\"1\"><b>Outubro<\/b><span style=\"font-weight: 400;\">: o \u201cdoce\u201d do outono para muitos peregrinos: cores no seu auge, clima agrad\u00e1vel e ambiente muito tranquilo.<\/span><\/li>\n<\/ul>\n<p>&nbsp;<\/p>\n<ul>\n<li style=\"font-weight: 400;\" aria-level=\"1\"><b>Novembro<\/b><span style=\"font-weight: 400;\">: a op\u00e7\u00e3o mais serena e contemplativa. Dias mais curtos e possibilidade de chuvas mais frequentes, mas com uma intimidade dif\u00edcil de igualar.<\/span><\/li>\n<\/ul>\n<p>&nbsp;<\/p>\n<h2><b>Outono no Caminho: uma experi\u00eancia transformadora<\/b><\/h2>\n<p><span style=\"font-weight: 400;\">Fazer o Caminho no outono n\u00e3o \u00e9 apenas escolher uma esta\u00e7\u00e3o diferente: \u00e9 <\/span><b>viv\u00ea-lo com outra cad\u00eancia<\/b><span style=\"font-weight: 400;\">. O sil\u00eancio das florestas, a suavidade das cores e a aus\u00eancia de superlota\u00e7\u00e3o permitem uma conex\u00e3o mais profunda consigo e com o ambiente. O ciclo das folhas que caem simboliza encerramentos e novos come\u00e7os, em sintonia com o que muitos peregrinos sentem ao chegar a Santiago\u2026 ou ao seguir at\u00e9 ao oceano em Finisterre.<\/span><\/p>\n<p><span style=\"font-weight: 400;\">Seja qual for o percurso escolhido, esta esta\u00e7\u00e3o vai oferecer-lhe caminhadas mais confort\u00e1veis, aldeias em calma e sabores de \u00e9poca que sabem a casa. Com um planeamento sensato, o equipamento adequado para a chuva e vontade de aproveitar, peregrinar nestas datas torna-se numa experi\u00eancia profunda, aut\u00eantica e memor\u00e1vel.<\/span><\/p>\n","protected":false},"excerpt":{"rendered":"<p>O Caminho de Santiago \u00e9 uma experi\u00eancia que milhares de peregrinos realizam todos os anos em busca de aventura, espiritualidade ou simplesmente de um tempo de desconex\u00e3o. Embora a primavera e o ver\u00e3o sejam as esta\u00e7\u00f5es mais populares para iniciar a rota, cada vez mais caminhantes descobrem as vantagens de o fazer no outono. Cores [&hellip;]<\/p>\n","protected":false},"author":1,"featured_media":123932,"comment_status":"open","ping_status":"open","sticky":false,"template":"","format":"standard","meta":{"footnotes":""},"categories":[574,578],"tags":[],"class_list":["post-123973","post","type-post","status-publish","format-standard","has-post-thumbnail","hentry","category-blog-do-caminho","category-caminho-a-pe"],"_links":{"self":[{"href":"https:\/\/www.mundiplus.com\/pt-pt\/wp-json\/wp\/v2\/posts\/123973","targetHints":{"allow":["GET"]}}],"collection":[{"href":"https:\/\/www.mundiplus.com\/pt-pt\/wp-json\/wp\/v2\/posts"}],"about":[{"href":"https:\/\/www.mundiplus.com\/pt-pt\/wp-json\/wp\/v2\/types\/post"}],"author":[{"embeddable":true,"href":"https:\/\/www.mundiplus.com\/pt-pt\/wp-json\/wp\/v2\/users\/1"}],"replies":[{"embeddable":true,"href":"https:\/\/www.mundiplus.com\/pt-pt\/wp-json\/wp\/v2\/comments?post=123973"}],"version-history":[{"count":4,"href":"https:\/\/www.mundiplus.com\/pt-pt\/wp-json\/wp\/v2\/posts\/123973\/revisions"}],"predecessor-version":[{"id":129325,"href":"https:\/\/www.mundiplus.com\/pt-pt\/wp-json\/wp\/v2\/posts\/123973\/revisions\/129325"}],"wp:featuredmedia":[{"embeddable":true,"href":"https:\/\/www.mundiplus.com\/pt-pt\/wp-json\/wp\/v2\/media\/123932"}],"wp:attachment":[{"href":"https:\/\/www.mundiplus.com\/pt-pt\/wp-json\/wp\/v2\/media?parent=123973"}],"wp:term":[{"taxonomy":"category","embeddable":true,"href":"https:\/\/www.mundiplus.com\/pt-pt\/wp-json\/wp\/v2\/categories?post=123973"},{"taxonomy":"post_tag","embeddable":true,"href":"https:\/\/www.mundiplus.com\/pt-pt\/wp-json\/wp\/v2\/tags?post=123973"}],"curies":[{"name":"wp","href":"https:\/\/api.w.org\/{rel}","templated":true}]}}