{"id":125362,"date":"2025-12-17T22:22:05","date_gmt":"2025-12-17T22:22:05","guid":{"rendered":"https:\/\/www.mundiplus.com\/?p=125362"},"modified":"2025-12-17T22:24:04","modified_gmt":"2025-12-17T22:24:04","slug":"conselhos-para-peregrinos-seniores-adaptar-o-caminho-para-maiores-de-60-anos","status":"publish","type":"post","link":"https:\/\/www.mundiplus.com\/pt-pt\/caminho-para-maiores-de-60-anos-conselhos-essenciais\/","title":{"rendered":"Conselhos para peregrinos seniores: adaptar o Caminho para maiores de 60 anos"},"content":{"rendered":"<p><img fetchpriority=\"high\" decoding=\"async\" class=\"alignnone wp-image-118987 size-full\" src=\"https:\/\/www.mundiplus.com\/wp-content\/uploads\/2025\/04\/Blog-Mundiplus.png\" alt=\"\" width=\"1023\" height=\"539\" srcset=\"https:\/\/www.mundiplus.com\/wp-content\/uploads\/2025\/04\/Blog-Mundiplus.png 1023w, https:\/\/www.mundiplus.com\/wp-content\/uploads\/2025\/04\/Blog-Mundiplus-300x158.png 300w, https:\/\/www.mundiplus.com\/wp-content\/uploads\/2025\/04\/Blog-Mundiplus-768x405.png 768w, https:\/\/www.mundiplus.com\/wp-content\/uploads\/2025\/04\/Blog-Mundiplus-600x316.png 600w\" sizes=\"(max-width: 1023px) 100vw, 1023px\" \/><\/p>\n<p>Fazer o Caminho com mais de 60 anos n\u00e3o \u00e9 apenas \u201caguentar\u201d; \u00e9 <b>caminhar com cabe\u00e7a<\/b>: escolher bem o percurso, ajustar as etapas, cuidar dos p\u00e9s e das articula\u00e7\u00f5es, e gerir os descansos para chegar a Santiago com energia (e com vontade de repetir).<\/p>\n<p>&nbsp;<\/p>\n<h2><b>Prepara\u00e7\u00e3o pr\u00e9via: sa\u00fade, treino e expectativas realistas<\/b><\/h2>\n<p><img decoding=\"async\" class=\"alignnone wp-image-125348 size-full\" src=\"https:\/\/www.mundiplus.com\/wp-content\/uploads\/2025\/12\/Consejos-para-peregrinos-senior-Mundiplus.jpg\" alt=\"\" width=\"1000\" height=\"667\" srcset=\"https:\/\/www.mundiplus.com\/wp-content\/uploads\/2025\/12\/Consejos-para-peregrinos-senior-Mundiplus.jpg 1000w, https:\/\/www.mundiplus.com\/wp-content\/uploads\/2025\/12\/Consejos-para-peregrinos-senior-Mundiplus-300x200.jpg 300w, https:\/\/www.mundiplus.com\/wp-content\/uploads\/2025\/12\/Consejos-para-peregrinos-senior-Mundiplus-768x512.jpg 768w, https:\/\/www.mundiplus.com\/wp-content\/uploads\/2025\/12\/Consejos-para-peregrinos-senior-Mundiplus-600x400.jpg 600w\" sizes=\"(max-width: 1000px) 100vw, 1000px\" \/><\/p>\n<p>Se j\u00e1 andas h\u00e1 anos, tens uma grande vantagem. Se n\u00e3o, tamb\u00e9m: o corpo adapta-se surpreendentemente bem quando se lhe d\u00e1 tempo. Nos peregrinos s\u00e9niores, a chave n\u00e3o \u00e9 \u201cficar em forma\u201d, mas <b>chegar com as articula\u00e7\u00f5es e os p\u00e9s preparados<\/b>.<\/p>\n<p>&nbsp;<\/p>\n<h3><b>Cheque-up \u00fatil (sem dramatismos)<\/b><\/h3>\n<ul>\n<li aria-level=\"1\"><b>Revisa a medica\u00e7\u00e3o<\/b>: hor\u00e1rios, poss\u00edveis tonturas, fotossensibilidade, necessidade de protector g\u00e1strico, etc.<\/li>\n<\/ul>\n<p>&nbsp;<\/p>\n<ul>\n<li aria-level=\"1\"><b>Se houver antecedentes<\/b> (cardiovasculares, respirat\u00f3rios, diabetes, pr\u00f3teses, artroses), pede orienta\u00e7\u00f5es concretas: ritmo recomendado, limites, sinais de alerta.<\/li>\n<\/ul>\n<p>&nbsp;<\/p>\n<ul>\n<li aria-level=\"1\"><b>Palmilhas \/ cal\u00e7ado<\/b>: se j\u00e1 usas, n\u00e3o estreies nada nesta experi\u00eancia.<\/li>\n<\/ul>\n<p>&nbsp;<\/p>\n<h3><b>Treino \u201crealista\u201d em 4\u20136 semanas<\/b><\/h3>\n<p>O que funciona melhor costuma ser simples:<\/p>\n<ul>\n<li aria-level=\"1\"><b>3\u20134 caminhadas semanais<\/b> (come\u00e7a com 40\u201360 minutos e aumenta gradualmente).<\/li>\n<\/ul>\n<p>&nbsp;<\/p>\n<ul>\n<li aria-level=\"1\"><b>1 caminhada longa por semana<\/b> (aumenta at\u00e9 2\u20133 horas com calma).<\/li>\n<\/ul>\n<p>&nbsp;<\/p>\n<ul>\n<li aria-level=\"1\"><b>For\u00e7a suave 2 dias<\/b>: agachamentos com cadeira, g\u00e9meos, gl\u00fateo m\u00e9dio, core, equil\u00edbrio.<\/li>\n<\/ul>\n<p>&nbsp;<\/p>\n<ul>\n<li aria-level=\"1\">Se puderes, experimenta algum dia com <b>pequenas subidas<\/b> e bast\u00f5es.<\/li>\n<\/ul>\n<p>&nbsp;<\/p>\n<p><b>Regra para s\u00e9niores que querem evitar desist\u00eancias<\/b>: o primeiro dia no percurso deve parecer-te \u201cf\u00e1cil\u201d. Se come\u00e7ares ao limite, \u00e9 normal que o segundo ou terceiro te cobrem o pre\u00e7o.<\/p>\n<p>&nbsp;<\/p>\n<h2><b>Planeamento di\u00e1rio para peregrinos s\u00e9niores: hor\u00e1rios, paragens e recupera\u00e7\u00e3o para chegar com boas sensa\u00e7\u00f5es<\/b><\/h2>\n<p><img decoding=\"async\" class=\"alignnone wp-image-125342 size-full\" src=\"https:\/\/www.mundiplus.com\/wp-content\/uploads\/2025\/12\/Guia-para-peregrinos-mayores-de-60-anos.jpg\" alt=\"\" width=\"1000\" height=\"667\" srcset=\"https:\/\/www.mundiplus.com\/wp-content\/uploads\/2025\/12\/Guia-para-peregrinos-mayores-de-60-anos.jpg 1000w, https:\/\/www.mundiplus.com\/wp-content\/uploads\/2025\/12\/Guia-para-peregrinos-mayores-de-60-anos-300x200.jpg 300w, https:\/\/www.mundiplus.com\/wp-content\/uploads\/2025\/12\/Guia-para-peregrinos-mayores-de-60-anos-768x512.jpg 768w, https:\/\/www.mundiplus.com\/wp-content\/uploads\/2025\/12\/Guia-para-peregrinos-mayores-de-60-anos-600x400.jpg 600w\" sizes=\"(max-width: 1000px) 100vw, 1000px\" \/><\/p>\n<p>Se h\u00e1 um \u201csegredo\u201d para que o Caminho seja agrad\u00e1vel depois dos 60, n\u00e3o est\u00e1 em fazer mais quil\u00f3metros, mas em <b>organizar bem o dia<\/b>. Um planeamento simples (mas constante) reduz o cansa\u00e7o acumulado, protege os joelhos e os p\u00e9s, e deixa espa\u00e7o para imprevistos sem os transformar em dramas.<\/p>\n<p>&nbsp;<\/p>\n<h3><b>A sa\u00edda perfeita: come\u00e7ar devagar e ganhar ritmo<\/b><\/h3>\n<p>Os primeiros 20 minutos s\u00e3o decisivos. O teu corpo precisa de \u201carrancar\u201d, especialmente se sentires rigidez ao acordar.<\/p>\n<ul>\n<li aria-level=\"1\"><b>Arranca devagar<\/b>, com passadas curtas e respira\u00e7\u00e3o confort\u00e1vel. Se ao in\u00edcio vais \u201ca mil\u201d, \u00e9 f\u00e1cil que apare\u00e7a uma fadiga prematura.<\/li>\n<\/ul>\n<p>&nbsp;<\/p>\n<ul>\n<li aria-level=\"1\"><b>Aquece caminhando<\/b>: n\u00e3o \u00e9 necess\u00e1rio um ritual longo, mas sim mover os tornozelos, joelhos e anca enquanto andas.<\/li>\n<\/ul>\n<p>&nbsp;<\/p>\n<ul>\n<li aria-level=\"1\"><b>Controla o ritmo com uma frase<\/b>: deves conseguir falar sem ficar sem f\u00f4lego. Se te custa, reduz um pouco o ritmo.<\/li>\n<\/ul>\n<p>&nbsp;<\/p>\n<h3><b>A estrat\u00e9gia \u201c45\/10\u201d: paragens que realmente recuperam<\/b><\/h3>\n<p>Muitos peregrinos descansam tarde, quando j\u00e1 est\u00e3o a sentir dor. Nos s\u00e9niores, funciona melhor prevenir: <b>parar antes que o corpo reclame<\/b>.<\/p>\n<ul>\n<li aria-level=\"1\"><b>Cada 45\u201360 minutos<\/b>, faz uma pausa de 3\u20135 minutos: bebe, come um petisco e verifica como te sentes.<\/li>\n<\/ul>\n<p>&nbsp;<\/p>\n<ul>\n<li aria-level=\"1\"><b>Uma paragem longa<\/b> (10\u201320 minutos) a meio do percurso costuma fazer a diferen\u00e7a: reduz as pulsa\u00e7\u00f5es e evita chegar \u201cem baixo\u201d.<\/li>\n<\/ul>\n<p>&nbsp;<\/p>\n<ul>\n<li aria-level=\"1\"><b>Nas descidas<\/b>, faz pausas mais frequentes: s\u00e3o o terreno que mais castiga as articula\u00e7\u00f5es se n\u00e3o houver descanso entre elas.<\/li>\n<\/ul>\n<p>&nbsp;<\/p>\n<h3><b>Como decidir se manter ou reduzir a etapa (sem culpa)<\/b><\/h3>\n<p>Reduzir n\u00e3o \u00e9 falhar: \u00e9 <b>gerir o Caminho com intelig\u00eancia<\/b>. Estes crit\u00e9rios ajudam-te a decidir rapidamente:<\/p>\n<ul>\n<li aria-level=\"1\"><b>Dor mec\u00e2nica \u201cnova\u201d<\/b> (joelho, anca, tornozelo) que aumenta enquanto caminhas: diminui o ritmo e a dist\u00e2ncia nesse mesmo dia.<\/li>\n<\/ul>\n<p>&nbsp;<\/p>\n<ul>\n<li aria-level=\"1\"><b>Desconforto no p\u00e9<\/b> do tipo \u201cponto quente\u201d: para, protege e avalia se deves terminar mais cedo se reaparecer ao fim de 15\u201320 minutos.<\/li>\n<\/ul>\n<p>&nbsp;<\/p>\n<ul>\n<li aria-level=\"1\"><b>Cansa\u00e7o geral + sono de m\u00e1 qualidade<\/b> durante duas noites consecutivas: planeia uma etapa curta ou um dia de descanso. O corpo agradecer\u00e1 mais do que qualquer her\u00f3ico esfor\u00e7o.<\/li>\n<\/ul>\n<p>&nbsp;<\/p>\n<h3><b>O final da etapa: rotina curta para recuperar mais r\u00e1pido<\/b><\/h3>\n<p>O que fazes ao chegar influencia como te levantar\u00e1s no dia seguinte. Uma rotina simples pode melhorar muito a recupera\u00e7\u00e3o:<\/p>\n<ul>\n<li aria-level=\"1\"><b>Duche e mudan\u00e7a imediata<\/b>: retira a humidade e evita arrefecer se houver vento ou chuva.<\/li>\n<\/ul>\n<p>&nbsp;<\/p>\n<ul>\n<li aria-level=\"1\"><b>Eleva as pernas<\/b> durante 10 minutos (sobre uma mochila ou almofada): ajuda a descarregar e reduz a sensa\u00e7\u00e3o de peso.<\/li>\n<\/ul>\n<p>&nbsp;<\/p>\n<ul>\n<li aria-level=\"1\"><b>Alongamentos suaves<\/b> (sem saltos): g\u00e9meos, quadr\u00edceps, gl\u00fateos e costas. Se houver dor, menos \u00e9 mais.<\/li>\n<\/ul>\n<p>&nbsp;<\/p>\n<ul>\n<li aria-level=\"1\"><b>Hidrata\u00e7\u00e3o e jantar \u201cde recupera\u00e7\u00e3o\u201d<\/b>: algo de prote\u00edna e hidrato de carbono ajuda a recuperar e a dormir melhor.<\/li>\n<\/ul>\n<p>&nbsp;<\/p>\n<h3><b>Truques pr\u00e1ticos para dias dif\u00edceis (calor, chuva ou vento)<\/b><\/h3>\n<ul>\n<li aria-level=\"1\"><b>Com calor<\/b>: sai mais cedo, protege a cabe\u00e7a, bebe por pequenas quantidades e procura sombra a cada pausa.<\/li>\n<\/ul>\n<p>&nbsp;<\/p>\n<ul>\n<li aria-level=\"1\"><b>Com chuva<\/b>: d\u00e1 prioridade a n\u00e3o molhar os p\u00e9s (polainas ou cal\u00e7ado que drene bem) e evita apressar-te por desconforto: \u00e9 a\u00ed que surgem os escorreg\u00f5es.<\/li>\n<\/ul>\n<p>&nbsp;<\/p>\n<ul>\n<li aria-level=\"1\"><b>Com vento<\/b>: veste-te em camadas e ajusta o ritmo; o vento \u201cgasta\u201d mais energia do que parece.<\/li>\n<\/ul>\n<p>&nbsp;<\/p>\n<h2><b>Rutas do Caminho: quais se adaptam melhor a maiores de 60 (e como escolher sem errar)<\/b><\/h2>\n<p><img loading=\"lazy\" decoding=\"async\" class=\"alignnone wp-image-125336 size-full\" src=\"https:\/\/www.mundiplus.com\/wp-content\/uploads\/2025\/12\/Consejos-para-peregrinos-mayores-de-60-anos.jpg\" alt=\"\" width=\"1000\" height=\"667\" srcset=\"https:\/\/www.mundiplus.com\/wp-content\/uploads\/2025\/12\/Consejos-para-peregrinos-mayores-de-60-anos.jpg 1000w, https:\/\/www.mundiplus.com\/wp-content\/uploads\/2025\/12\/Consejos-para-peregrinos-mayores-de-60-anos-300x200.jpg 300w, https:\/\/www.mundiplus.com\/wp-content\/uploads\/2025\/12\/Consejos-para-peregrinos-mayores-de-60-anos-768x512.jpg 768w, https:\/\/www.mundiplus.com\/wp-content\/uploads\/2025\/12\/Consejos-para-peregrinos-mayores-de-60-anos-600x400.jpg 600w\" sizes=\"(max-width: 1000px) 100vw, 1000px\" \/><\/p>\n<p>Antes de falar das rotas, uma ideia-chave: n\u00e3o existe \u201co melhor Caminho\u201d, existe <b>o melhor Caminho para o teu momento<\/b> (joelhos, costas, experi\u00eancia, toler\u00e2ncia ao calor\/chuva, gosto pela solid\u00e3o ou pela vida social).<\/p>\n<p>Se o teu objetivo \u00e9 obter a Compostela, conv\u00e9m verificar os requisitos em vigor (dist\u00e2ncia m\u00ednima e credencial). Atualmente, indica-se como refer\u00eancia <b>pelo menos 100 km a p\u00e9, ou 200 km de bicicleta<\/b>, com a credencial carimbada. Se quiseres mais ideias para planeamento, aqui tens um guia geral de <a href=\"[https:\/\/www.mund](https:\/\/www.mund) iplus.com\/pt\/\"> <b>conselhos para o Caminho de Santiago<\/b><\/a>.<\/p>\n<p>&nbsp;<\/p>\n<h3><b>Caminho Franc\u00eas: o mais \u201camig\u00e1vel\u201d por infraestrutura (mas aten\u00e7\u00e3o \u00e0 superlota\u00e7\u00e3o)<\/b><\/h3>\n<p>Para muitos maiores de 60, o Caminho Franc\u00eas \u00e9 o mais f\u00e1cil de adaptar por uma raz\u00e3o pr\u00e1tica: <b>servi\u00e7os e alojamentos abundam<\/b>, e a log\u00edstica costuma ser simples. Podemos consider\u00e1-lo uma alternativa acess\u00edvel, especialmente se come\u00e7ares a partir de Sarria, a dist\u00e2ncia m\u00ednima exigida para que te seja concedida a Compostela.<\/p>\n<p>&nbsp;<\/p>\n<ul>\n<li aria-level=\"1\"><b>Solu\u00e7\u00e3o para o tornar mais suport\u00e1vel<\/b>: divide as etapas, evita jornadas longas e reserva com anteced\u00eancia nas \u00e9pocas altas. Se for a tua primeira vez, d\u00e1 prioridade a trechos com aldeias frequentes e evita \u201capertar\u201d nos primeiros dois dias.<\/li>\n<\/ul>\n<p>&nbsp;<\/p>\n<h3><b>Caminho Portugu\u00eas (Central): equil\u00edbrio entre conforto e tranquilidade<\/b><\/h3>\n<p>\u00c9 uma op\u00e7\u00e3o muito popular entre peregrinos s\u00e9niores porque combina <b>etapas razo\u00e1veis, bom piso<\/b> em muitos trechos e aldeias com servi\u00e7os. No trecho galego desde Tui, s\u00e3o indicados cerca de 118,8 km e dificuldade \u201cm\u00e9dia-baixa\u201d.<\/p>\n<p>Se te interessa a experi\u00eancia completa desde Portugal, o trecho <a href=\"https:\/\/www.mundiplus.com\/pt\/caminos\/a-pie\/camino-portugues\/camino-de-santiago-desde-oporto\/\"> <b>Caminho desde o Porto<\/b><\/a> \u00e9 normalmente visto como uma experi\u00eancia de mais dias (cerca de 240 km).<\/p>\n<p>&nbsp;<\/p>\n<ul>\n<li aria-level=\"1\"><b>Conselho para s\u00e9niores<\/b>: se sentires sobrecarga nos joelhos ou fascia plantar, o Caminho Portugu\u00eas costuma permitir ajustar as etapas sem \u201cpartir\u201d a experi\u00eancia, porque h\u00e1 alternativas de paragem com frequ\u00eancia.<\/li>\n<\/ul>\n<p>&nbsp;<\/p>\n<h4><b>Variante Espiritual: um \u201cextra\u201d cultural que pode encaixar muito bem em s\u00e9niores<\/b><\/h4>\n<p>A <a href=\"https:\/\/www.mundiplus.com\/pt\/caminos\/a-pie\/variante-espiritual\/\"> <b>variante espiritual para peregrinos<\/b><\/a> \u00e9 uma alternativa dentro do Caminho Portugu\u00eas que adiciona um ponto diferente (mosteiros, paisagens das rias e a tradi\u00e7\u00e3o ligada ao transporte por mar e rio). Na Galiza, existe uma rota oficial ligada a esta hist\u00f3ria: a <i>Rota do Mar de Arousa e rio Ulla<\/i>.<\/p>\n<p>&nbsp;<\/p>\n<ul>\n<li aria-level=\"1\"><b>Quando conv\u00e9m a maiores de 60<\/b>: quando procuras etapas que possam ser \u201cdivididas\u201d e uma experi\u00eancia com forte motiva\u00e7\u00e3o cultural. <b>Quando evitar<\/b>: se os cambios log\u00edsticos te geram inseguran\u00e7a (por exemplo, combinar caminhar com trechos mar\u00edtimos-fluviais) ou se preferires algo o mais linear poss\u00edvel.<\/li>\n<\/ul>\n<p>&nbsp;<\/p>\n<h3><b>Caminho Portugu\u00eas da Costa: mais paisagem, algo mais exposto<\/b><\/h3>\n<p>\u00c9 maravilhoso e costuma ser uma rota \u201cagradecida\u201d se gostas do mar. No entanto, para os s\u00e9niores, pode ter um detalhe: <b>mais exposi\u00e7\u00e3o ao vento\/chuva<\/b> e, dependendo do trecho, menos sombra. Na Galiza, a rota desde A Guarda marca dificuldade \u201cm\u00e9dia-baixa\u201d e cerca de 163,1 km.<\/p>\n<p>&nbsp;<\/p>\n<ul>\n<li aria-level=\"1\"><b>Solu\u00e7\u00e3o pr\u00e1tica<\/b>: escolhe bem a \u00e9poca (a primavera e os in\u00edcios do outono costumam ser mais confort\u00e1veis) e d\u00e1 prioridade a roupas de chuva realmente eficazes.<\/li>\n<\/ul>\n<p>&nbsp;<\/p>\n<h3><b>Caminho Ingl\u00eas: ideal se queres \u201cpoucos dias\u201d e organiza\u00e7\u00e3o simples<\/b><\/h3>\n<p>Para maiores de 60 que querem uma experi\u00eancia curta, o Ingl\u00eas pode encaixar muito bem, pois tem uma dificuldade \u201cm\u00e9dia-baixa\u201d e apenas 112,4 km (desde A Coru\u00f1a s\u00e3o 72,8 km).<\/p>\n<p>&nbsp;<\/p>\n<ul>\n<li aria-level=\"1\"><b>Conselho s\u00e9nior<\/b>: se o teu objetivo \u00e9 a Compostela e est\u00e1s a contar quil\u00f3metros, revisa bem o ponto de partida (Ferrol costuma ser a melhor op\u00e7\u00e3o para a dist\u00e2ncia m\u00ednima).<\/li>\n<\/ul>\n<p>&nbsp;<\/p>\n<h3><b>Caminho do Norte: espetacular, mas mais exigente para as articula\u00e7\u00f5es<\/b><\/h3>\n<p>O Norte \u00e9 uma maravilha, mas costuma envolver <b>mais desn\u00edvel e \u201csubidas e descidas\u201d<\/b> (e isso castiga os joelhos). Se optares por suavizar a experi\u00eancia, j\u00e1 no seu tro\u00e7o galego (a partir de Ribadeo) apresenta uma dificuldade \u201cm\u00e9dia\u201d e dist\u00e2ncias de refer\u00eancia conforme a variante de entrada.<\/p>\n<p>&nbsp;<\/p>\n<ul>\n<li aria-level=\"1\"><b>Como torn\u00e1-lo vi\u00e1vel para s\u00e9niores:<\/b> bast\u00f5es sim ou sim, etapas mais curtas e evitar encadear v\u00e1rios dias longos. Se tiveres problemas no menisco ou dores patelofemorais, avalia outras rotas mais suaves.<\/li>\n<\/ul>\n<p>&nbsp;<\/p>\n<h3><b>Caminho Primitivo: muito aut\u00eantico, normalmente o menos \u201camig\u00e1vel\u201d se procuras suavidade<\/b><\/h3>\n<p>Sem d\u00favida, um dos mais bonitos e com personalidade\u2026 e tamb\u00e9m dos que mais respeito merecem se queres caminhar sem for\u00e7ar. Na Galiza aparece com um tro\u00e7o de refer\u00eancia (at\u00e9 Santiago) e dificuldade baixa na sua ficha, mas globalmente a rota completa desde Oviedo \u00e9 descrita como longa e com etapas exigentes nas guias jacobeias (cerca de 313 km).<\/p>\n<p>&nbsp;<\/p>\n<ul>\n<li aria-level=\"1\"><b>Recomenda\u00e7\u00e3o honesta<\/b>: se tens boa base de montanha, avan\u00e7a. Se procuras uma primeira experi\u00eancia \u201cf\u00e1cil\u201d, \u00e9 melhor come\u00e7ar pelo Franc\u00eas\/Portugu\u00eas\/Ingl\u00eas e deixar o Primitivo para uma segunda peregrina\u00e7\u00e3o.<\/li>\n<\/ul>\n<p>&nbsp;<\/p>\n<h3><b>V\u00eda de la Plata e Sanabr\u00e9s: calor, dist\u00e2ncia e tro\u00e7os longos (n\u00e3o \u00e9 para ir com pressa)<\/b><\/h3>\n<p>A V\u00eda de la Plata \u00e9 uma experi\u00eancia impressionante, mas para s\u00e9niores exige planeamento devido \u00e0s <b>longas dist\u00e2ncias<\/b> e, em muitas \u00e9pocas, ao calor. Como refer\u00eancia, descreve-se em cerca de 963 km entre Sevilha e Astorga.<\/p>\n<p>Se procuras uma vers\u00e3o mais \u201cassum\u00edvel\u201d em poucos dias, h\u00e1 quem se concentre no tro\u00e7o galego do Sanabr\u00e9s desde Ourense. Como orienta\u00e7\u00e3o, esse tro\u00e7o costuma rondar <b>~110\u2013115 km<\/b> conforme o itiner\u00e1rio e as variantes. Aqui tens mais informa\u00e7\u00f5es sobre o<a href=\"https:\/\/www.mundiplus.com\/pt\/caminos\/a-pie\/camino-sanabres\/camino-de-santiago-desde-orense\/\"> <b>Caminho desde Ourense<\/b><\/a>.<\/p>\n<p>&nbsp;<\/p>\n<ul>\n<li aria-level=\"1\"><b>Solu\u00e7\u00e3o s\u00e9nior<\/b>: evita o ver\u00e3o se n\u00e3o toleras bem o calor e planeia \u00e1gua, sombra e paragens reais (n\u00e3o apenas \u201co que est\u00e1 no mapa\u201d).<\/li>\n<\/ul>\n<p>&nbsp;<\/p>\n<h3><b>Caminho de Inverno: bonito, mas mais f\u00edsico<\/b><\/h3>\n<p>Menos saturado e muito atraente, mas de dificuldade \u201cm\u00e9dia-alta\u201d e com uma dist\u00e2ncia relevante.<\/p>\n<p>&nbsp;<\/p>\n<ul>\n<li aria-level=\"1\"><b>Quando encaixa<\/b>: se j\u00e1 fizeste outros caminhos, tens experi\u00eancia em etapas com desn\u00edvel e queres tranquilidade. <b>Quando n\u00e3o:<\/b> se est\u00e1s a voltar a caminhar ap\u00f3s les\u00e3o ou procuras uma experi\u00eancia mais \u201cf\u00e1cil\u201d poss\u00edvel.<\/li>\n<\/ul>\n<p>&nbsp;<\/p>\n<h3><b>Fisterra e Mux\u00eda: o \u201cb\u00f3nus\u201d perfeito se te ficares com vontade (e puderes adaptar)<\/b><\/h3>\n<p>Se chegares a Santiago com boas sensa\u00e7\u00f5es, a prolonga\u00e7\u00e3o a Fisterra\/Mux\u00eda \u00e9 muito especial. Os percursos s\u00e3o cerca de 120 km, dependendo do sentido e da variante.<\/p>\n<p>&nbsp;<\/p>\n<ul>\n<li aria-level=\"1\"><b>Chave s\u00e9nior<\/b>: faze-o como um ep\u00edlogo, sem press\u00e3o. Se sentires fadiga acumulada, descansa um ou dois dias em Santiago e retoma com etapas curtas.<\/li>\n<\/ul>\n<p>&nbsp;<\/p>\n<h2><b>Como adaptar as etapas: ritmo, quil\u00f3metros e dias de descanso<\/b><\/h2>\n<p><img loading=\"lazy\" decoding=\"async\" class=\"alignnone wp-image-125330 size-full\" src=\"https:\/\/www.mundiplus.com\/wp-content\/uploads\/2025\/12\/Como-adaptar-el-Camino-a-mayores-de-60-anos-Mundiplus.jpg\" alt=\"\" width=\"1000\" height=\"667\" srcset=\"https:\/\/www.mundiplus.com\/wp-content\/uploads\/2025\/12\/Como-adaptar-el-Camino-a-mayores-de-60-anos-Mundiplus.jpg 1000w, https:\/\/www.mundiplus.com\/wp-content\/uploads\/2025\/12\/Como-adaptar-el-Camino-a-mayores-de-60-anos-Mundiplus-300x200.jpg 300w, https:\/\/www.mundiplus.com\/wp-content\/uploads\/2025\/12\/Como-adaptar-el-Camino-a-mayores-de-60-anos-Mundiplus-768x512.jpg 768w, https:\/\/www.mundiplus.com\/wp-content\/uploads\/2025\/12\/Como-adaptar-el-Camino-a-mayores-de-60-anos-Mundiplus-600x400.jpg 600w\" sizes=\"(max-width: 1000px) 100vw, 1000px\" \/><\/p>\n<p>O erro mais t\u00edpico (e mais caro) em maiores de 60 \u00e9 tentar copiar o plano de algu\u00e9m de 35. O teu Caminho deve ser pensado para <b>chegar bem e a 100% das tuas condi\u00e7\u00f5es<\/b>, n\u00e3o para \u201cganhar dias\u201d.<\/p>\n<p>&nbsp;<\/p>\n<p><b>Guia pr\u00e1tica de ritmo:<\/b><\/p>\n<ul>\n<li aria-level=\"1\"><b>Dias 1\u20132<\/b>: come\u00e7a com etapas confort\u00e1veis (muitos s\u00e9niores v\u00e3o melhor com 10\u201315 km se n\u00e3o v\u00eam treinados).<\/li>\n<\/ul>\n<p>&nbsp;<\/p>\n<ul>\n<li aria-level=\"1\"><b>Dias 3\u20134<\/b>: aumenta um pouco se te levantares sem dor \u201cestranha\u201d (tend\u00e3o, joelho, fascia).<\/li>\n<\/ul>\n<p>&nbsp;<\/p>\n<ul>\n<li aria-level=\"1\"><b>Um descanso programado<\/b> a cada 4\u20136 dias se fizeres rotas longas (ou mini-descanso: etapa muito curta).<\/li>\n<\/ul>\n<p>&nbsp;<\/p>\n<ul>\n<li aria-level=\"1\"><b>Se d\u00f3i \u201c\u00e0 picada\u201d ou muda a tua forma de pisar<\/b>, n\u00e3o negociues: reduz a etapa e recupera.<\/li>\n<\/ul>\n<p>&nbsp;<\/p>\n<ul>\n<li aria-level=\"1\"><b>Truque que funciona<\/b>: programa o dia como \u201csair cedo + duas paradas longas\u201d. Isto permite-te chegar mais cedo, alongar, tomar um duche sem pressa e dormir melhor (\u00e9 a\u00ed que o corpo se recupera).<\/li>\n<\/ul>\n<p>&nbsp;<\/p>\n<h2><b>Equipamento inteligente e cal\u00e7ado: menos peso, menos les\u00f5es<\/b><\/h2>\n<p>A diferen\u00e7a entre desfrutar e sofrer muitas vezes mede-se em quilos. A partir de certa idade, <b>cada quilo extra castiga<\/b> tornozelos, joelhos e lombares.<\/p>\n<p>&nbsp;<\/p>\n<h3><b>Checklist de equipamento s\u00e9nior (sem \u201cpor se acaso\u201d)<\/b><\/h3>\n<ul>\n<li aria-level=\"1\">2 t-shirts t\u00e9cnicas + 1 camada t\u00e9rmica leve.<\/li>\n<\/ul>\n<p>&nbsp;<\/p>\n<ul>\n<li aria-level=\"1\">1 imperme\u00e1vel de verdade (n\u00e3o \u201ccapa de chuva de emerg\u00eancia\u201d).<\/li>\n<\/ul>\n<p>&nbsp;<\/p>\n<ul>\n<li aria-level=\"1\">2 meias de caminhar + 1 de descanso.<\/li>\n<\/ul>\n<p>&nbsp;<\/p>\n<ul>\n<li aria-level=\"1\">1 cal\u00e7a confort\u00e1vel + 1 collant\/short se estiver calor.<\/li>\n<\/ul>\n<p>&nbsp;<\/p>\n<ul>\n<li aria-level=\"1\">Kit de primeiros socorros m\u00ednimo (band-aids espec\u00edficos\/gazes, anti-esfolamento, bandagem el\u00e1stica).<\/li>\n<\/ul>\n<p>&nbsp;<\/p>\n<ul>\n<li aria-level=\"1\">Medica\u00e7\u00e3o + c\u00f3pia da pauta + n\u00fameros de telefone importantes.<\/li>\n<\/ul>\n<p>&nbsp;<\/p>\n<ul>\n<li aria-level=\"1\"><b>Bast\u00f5es<\/b> (se houver desn\u00edvel: s\u00e3o um investimento nos joelhos).<\/li>\n<\/ul>\n<p>&nbsp;<\/p>\n<h3><b>Cal\u00e7ado: o importante n\u00e3o \u00e9 a marca, \u00e9 o ajuste<\/b><\/h3>\n<ul>\n<li aria-level=\"1\">Que j\u00e1 esteja <b>domado<\/b>.<\/li>\n<\/ul>\n<p>&nbsp;<\/p>\n<ul>\n<li aria-level=\"1\">Espa\u00e7o para que o p\u00e9 \u201ccres\u00e7a\u201d (incha\u00e7o) sem que os dedos toquem.<\/li>\n<\/ul>\n<p>&nbsp;<\/p>\n<ul>\n<li aria-level=\"1\">Sola est\u00e1vel: em s\u00e9niores costuma ser melhor estabilidade do que leveza extrema.<\/li>\n<\/ul>\n<p>&nbsp;<\/p>\n<h2><b>Cuidado com o p\u00e9 e preven\u00e7\u00e3o de bolhas<\/b><\/h2>\n<p>No Caminho, o p\u00e9 \u00e9 o \u201cteu motor\u201d. E em maiores de 60, al\u00e9m disso, conv\u00e9m mim\u00e1-lo porque a recupera\u00e7\u00e3o pode ser mais lenta se aparecerem feridas profundas.<\/p>\n<p>&nbsp;<\/p>\n<h3><b>Rotina de 3 minutos ao chegar<\/b><\/h3>\n<ul>\n<li aria-level=\"1\">Lava e seca bem (especialmente entre os dedos).<\/li>\n<\/ul>\n<p>&nbsp;<\/p>\n<ul>\n<li aria-level=\"1\">Revisa os pontos quentes (calcanhar, joanetes, dedos).<\/li>\n<\/ul>\n<p>&nbsp;<\/p>\n<ul>\n<li aria-level=\"1\">Se nota &#8220;calor&#8221; localizado: <b>age antes<\/b> que se torne em bolha (curativo espec\u00edfico + vaselina\/anti-fric\u00e7\u00e3o conforme toler\u00e2ncia).<\/li>\n<\/ul>\n<p>&nbsp;<\/p>\n<h3><b>Sinais de alerta que n\u00e3o conv\u00e9m ignorar<\/b><\/h3>\n<ul>\n<li aria-level=\"1\">Dor que altera a sua passada.<\/li>\n<\/ul>\n<p>&nbsp;<\/p>\n<ul>\n<li aria-level=\"1\">Formigueiro persistente ou adormecimento.<\/li>\n<\/ul>\n<p>&nbsp;<\/p>\n<ul>\n<li aria-level=\"1\">Inflama\u00e7\u00e3o que aumenta dia ap\u00f3s dia.<\/li>\n<\/ul>\n<p>&nbsp;<\/p>\n<p>Nestes casos, o mais inteligente costuma ser <b>encurtar a etapa<\/b>, aplicar frio, se necess\u00e1rio, elevar as pernas e descansar. O Caminho n\u00e3o se \u201cvence\u201d por sofrer: completa-se pela const\u00e2ncia.<\/p>\n<p>&nbsp;<\/p>\n<h2><b>Nutri\u00e7\u00e3o, hidrata\u00e7\u00e3o e medica\u00e7\u00e3o em rota<\/b><\/h2>\n<p>Nos peregrinos s\u00e9niores, o objetivo n\u00e3o \u00e9 comer \u201cmuito\u201d, mas <b>fazer isso a tempo<\/b> e evitar picos (baixas de energia, c\u00e3ibras, tonturas).<\/p>\n<ul>\n<li aria-level=\"1\"><b>Pequeno-almo\u00e7o verdadeiro<\/b>: algo de prote\u00edna + carboidrato (e n\u00e3o apenas caf\u00e9).<\/li>\n<\/ul>\n<p>&nbsp;<\/p>\n<ul>\n<li aria-level=\"1\"><b>\u00c1gua de antem\u00e3o<\/b>: n\u00e3o esperes ter sede, especialmente no calor ou vento.<\/li>\n<\/ul>\n<p>&nbsp;<\/p>\n<ul>\n<li aria-level=\"1\"><b>Snacks simples<\/b>: fruta, frutos secos, iogurte, sandes pequenas.<\/li>\n<\/ul>\n<p>&nbsp;<\/p>\n<ul>\n<li aria-level=\"1\"><b>Se tomas medica\u00e7\u00e3o cr\u00f3nica<\/b>: alarme no telem\u00f3vel e uma &#8220;mini dose&#8221; de reserva.<\/li>\n<\/ul>\n<p>&nbsp;<\/p>\n<h2><b>Seguran\u00e7a, clima e pequenos imprevistos<\/b><\/h2>\n<p>A maioria dos sustos v\u00eam de coisas pequenas: chuva mal gerida, descidas longas sem bast\u00f5es, bolhas ignoradas, ou calor sem \u00e1gua.<\/p>\n<p>&nbsp;<\/p>\n<h3><b>Chaves pr\u00e1ticas<\/b><\/h3>\n<ul>\n<li aria-level=\"1\"><b>Saia cedo<\/b>: poupa-te do calor, evita pressas e d\u00e1-te margem para parar.<\/li>\n<\/ul>\n<p>&nbsp;<\/p>\n<ul>\n<li aria-level=\"1\"><b>Camadas<\/b>: \u00e9 melhor 3 camadas finas do que uma pe\u00e7a \u201cgrossa\u201d.<\/li>\n<\/ul>\n<p>&nbsp;<\/p>\n<ul>\n<li aria-level=\"1\"><b>Nas descidas<\/b>: passo curto, bast\u00f5es, e n\u00e3o te \u201cdeixes cair\u201d.<\/li>\n<\/ul>\n<p>&nbsp;<\/p>\n<ul>\n<li aria-level=\"1\"><b>Plano B di\u00e1rio<\/b>: saber onde poderias terminar se tiveres que encurtar.<\/li>\n<\/ul>\n<p>&nbsp;<\/p>\n<p>E lembra-te: o Caminho est\u00e1 vivo. Pode haver tro\u00e7os com desvios pontuais devido a meteorologia ou incidentes; por isso, conv\u00e9m prestar aten\u00e7\u00e3o \u00e0 sinaliza\u00e7\u00e3o local e aos avisos em rota.<\/p>\n<p>&nbsp;<\/p>\n<h2><b>Como desfrutar mais: estrat\u00e9gia mental e vida social no Caminho<\/b><\/h2>\n<p>Muitos peregrinos mais velhos descobrem algo precioso: caminhar com calma permite <b>ver mais e comparar-se menos<\/b>. A pressa estraga conversas, paisagens\u2026 e joelhos.<\/p>\n<p>&nbsp;<\/p>\n<h3><b>3 ideias que geralmente mudam a experi\u00eancia<\/b><\/h3>\n<ul>\n<li aria-level=\"1\"><b>Caminha sempre ao teu ritmo<\/b> desde o minuto 1, mesmo que te ultrapassem.<\/li>\n<\/ul>\n<p>&nbsp;<\/p>\n<ul>\n<li aria-level=\"1\"><b>Faz \u201cmicro-metas\u201d<\/b>: a pr\u00f3xima aldeia, o caf\u00e9, a sombra\u2026 e pronto.<\/li>\n<\/ul>\n<p>&nbsp;<\/p>\n<ul>\n<li aria-level=\"1\"><b>Conecta<\/b>: falar com outros peregrinos (mesmo que sejam apenas 10 minutos) melhora o \u00e2nimo e reduz a sensa\u00e7\u00e3o de esfor\u00e7o.<\/li>\n<\/ul>\n<p>&nbsp;<\/p>\n<p>Adaptar o Caminho a maiores de 60 n\u00e3o significa renunciar: significa escolher com intelig\u00eancia. A rota certa, etapas sensatas, p\u00e9s cuidados e descanso bem gerido geralmente fazem a diferen\u00e7a entre \u201ccheguei como pude\u201d e \u201ccheguei a desfrutar\u201d. E se terminares a pensar \u201cvoltaria amanh\u00e3\u201d\u2026 ent\u00e3o fizeste-o perfeitamente.<\/p>\n","protected":false},"excerpt":{"rendered":"<p>Fazer o Caminho com mais de 60 anos n\u00e3o \u00e9 apenas \u201caguentar\u201d; \u00e9 caminhar com cabe\u00e7a: escolher bem o percurso, ajustar as etapas, cuidar dos p\u00e9s e das articula\u00e7\u00f5es, e gerir os descansos para chegar a Santiago com energia (e com vontade de repetir). &nbsp; Prepara\u00e7\u00e3o pr\u00e9via: sa\u00fade, treino e expectativas realistas Se j\u00e1 andas [&hellip;]<\/p>\n","protected":false},"author":1,"featured_media":125353,"comment_status":"open","ping_status":"open","sticky":false,"template":"","format":"standard","meta":{"footnotes":""},"categories":[590,574,578,570,598],"tags":[],"class_list":["post-125362","post","type-post","status-publish","format-standard","has-post-thumbnail","hentry","category-a-mochila","category-blog-do-caminho","category-caminho-a-pe","category-condicionamento-fisico","category-preparativos-para-a-viagem"],"_links":{"self":[{"href":"https:\/\/www.mundiplus.com\/pt-pt\/wp-json\/wp\/v2\/posts\/125362","targetHints":{"allow":["GET"]}}],"collection":[{"href":"https:\/\/www.mundiplus.com\/pt-pt\/wp-json\/wp\/v2\/posts"}],"about":[{"href":"https:\/\/www.mundiplus.com\/pt-pt\/wp-json\/wp\/v2\/types\/post"}],"author":[{"embeddable":true,"href":"https:\/\/www.mundiplus.com\/pt-pt\/wp-json\/wp\/v2\/users\/1"}],"replies":[{"embeddable":true,"href":"https:\/\/www.mundiplus.com\/pt-pt\/wp-json\/wp\/v2\/comments?post=125362"}],"version-history":[{"count":2,"href":"https:\/\/www.mundiplus.com\/pt-pt\/wp-json\/wp\/v2\/posts\/125362\/revisions"}],"predecessor-version":[{"id":125375,"href":"https:\/\/www.mundiplus.com\/pt-pt\/wp-json\/wp\/v2\/posts\/125362\/revisions\/125375"}],"wp:featuredmedia":[{"embeddable":true,"href":"https:\/\/www.mundiplus.com\/pt-pt\/wp-json\/wp\/v2\/media\/125353"}],"wp:attachment":[{"href":"https:\/\/www.mundiplus.com\/pt-pt\/wp-json\/wp\/v2\/media?parent=125362"}],"wp:term":[{"taxonomy":"category","embeddable":true,"href":"https:\/\/www.mundiplus.com\/pt-pt\/wp-json\/wp\/v2\/categories?post=125362"},{"taxonomy":"post_tag","embeddable":true,"href":"https:\/\/www.mundiplus.com\/pt-pt\/wp-json\/wp\/v2\/tags?post=125362"}],"curies":[{"name":"wp","href":"https:\/\/api.w.org\/{rel}","templated":true}]}}