{"id":125509,"date":"2025-12-23T16:50:35","date_gmt":"2025-12-23T16:50:35","guid":{"rendered":"https:\/\/www.mundiplus.com\/?p=125509"},"modified":"2025-12-23T19:37:29","modified_gmt":"2025-12-23T19:37:29","slug":"arte-romanica-e-gotica-no-caminho-frances-igrejas-e-monumentos-imperdiveis","status":"publish","type":"post","link":"https:\/\/www.mundiplus.com\/pt-pt\/arte-romanica-e-gotica-no-caminho-frances\/","title":{"rendered":"Arte rom\u00e2nica e g\u00f3tica no Caminho Franc\u00eas: igrejas e monumentos imperd\u00edveis"},"content":{"rendered":"<p><img fetchpriority=\"high\" decoding=\"async\" class=\"alignnone wp-image-118987 size-full\" src=\"https:\/\/www.mundiplus.com\/wp-content\/uploads\/2025\/04\/Blog-Mundiplus.png\" alt=\"\" width=\"1023\" height=\"539\" srcset=\"https:\/\/www.mundiplus.com\/wp-content\/uploads\/2025\/04\/Blog-Mundiplus.png 1023w, https:\/\/www.mundiplus.com\/wp-content\/uploads\/2025\/04\/Blog-Mundiplus-300x158.png 300w, https:\/\/www.mundiplus.com\/wp-content\/uploads\/2025\/04\/Blog-Mundiplus-768x405.png 768w, https:\/\/www.mundiplus.com\/wp-content\/uploads\/2025\/04\/Blog-Mundiplus-600x316.png 600w\" sizes=\"(max-width: 1023px) 100vw, 1023px\" \/><\/p>\n<p>Percorrer o Caminho Franc\u00eas n\u00e3o \u00e9 apenas uma experi\u00eancia espiritual ou desportiva. \u00c9, antes de mais, uma viagem atrav\u00e9s dos <b>s\u00e9c. de hist\u00f3ria arquitet\u00f3nica europeia<\/b>. Cada igreja que encontras, cada mosteiro que se ergue no horizonte, conta hist\u00f3rias de f\u00e9, engenho e evolu\u00e7\u00e3o art\u00edstica que remontam \u00e0 Idade M\u00e9dia.<\/p>\n<p>Durante mais de mil anos, dois estilos arquitet\u00f3nicos dominaram a constru\u00e7\u00e3o de templos religiosos na Pen\u00ednsula Ib\u00e9rica: <b>o rom\u00e2nico e o g\u00f3tico<\/b>. Ambos deixaram a sua marca indel\u00e9vel no Caminho Franc\u00eas, transformando esta rota numa galeria ao ar livre onde a pedra se transforma em arte. Se \u00e9s um peregrino que procura compreender o que est\u00e1 por tr\u00e1s de cada arco, cada ab\u00f3bada e cada vitral, este guia revelar\u00e1 os segredos dos monumentos mais fascinantes da rota.<\/p>\n<p>&nbsp;<\/p>\n<h2><b>A arte rom\u00e2nica no Caminho Franc\u00eas: origens e caracter\u00edsticas<\/b><\/h2>\n<p>O rom\u00e2nico chegou \u00e0 Pen\u00ednsula Ib\u00e9rica <b>por volta do s\u00e9culo XI<\/b>, trazido por peregrinos, monges e comerciantes que viajavam desde Fran\u00e7a. Este estilo arquitet\u00f3nico surgiu como resposta \u00e0s necessidades de uma sociedade medieval que procurava construir <b>templos maiores e mais resistentes<\/b> do que os seus predecessores.<\/p>\n<p>No Caminho Franc\u00eas, o rom\u00e2nico n\u00e3o foi uma imposi\u00e7\u00e3o estrangeira, mas uma <b>evolu\u00e7\u00e3o natural<\/b>. Os mestres construtores locais adotaram as t\u00e9cnicas francesas e adaptaram-nas ao terreno, ao clima e aos materiais dispon\u00edveis na Pen\u00ednsula. O resultado foi uma vers\u00e3o \u00fanica do rom\u00e2nico: mais robusto, mais austero em alguns aspetos, mas igualmente cativante.<\/p>\n<p>&nbsp;<\/p>\n<h3><b>Caracter\u00edsticas arquitet\u00f3nicas do rom\u00e2nico nesta rota<\/b><\/h3>\n<p>O rom\u00e2nico \u00e9 identificado por elementos muito particulares que encontrar\u00e1s em quase todas as igrejas desta \u00e9poca.<\/p>\n<p>Os <b>arcos de meio ponto<\/b> s\u00e3o a sua assinatura mais reconhec\u00edvel: aqueles semic\u00edrculos perfeitos que sustentam os tetos e criam uma sensa\u00e7\u00e3o de solidez quase inquebr\u00e1vel. As ab\u00f3badas de canh\u00e3o, que parecem t\u00faneis de pedra, distribuem o peso da estrutura de forma uniforme.<\/p>\n<p>Mas h\u00e1 mais. As <b>paredes grossas<\/b>, quase defensivas, protegiam o interior das intemp\u00e9ries. As <b>janelas pequenas<\/b>, quase aberturas na pedra, permitiam que a luz entrasse de forma dram\u00e1tica, criando jogos de sombras que faziam com que cada canto parecesse sagrado. Os <b>capit\u00e9is decorados<\/b>, muitas vezes com motivos vegetais ou figuras de animais, acrescentavam um toque de ornamenta\u00e7\u00e3o que contrastava com a sobriedade geral.<\/p>\n<p>&nbsp;<\/p>\n<h2><b>Monumentos rom\u00e2nicos imprescind\u00edveis no Caminho Franc\u00eas<\/b><\/h2>\n<h3><b>A Catedral de Jaca: porta para o rom\u00e2nico espanhol<\/b><\/h3>\n<p><img decoding=\"async\" class=\"alignnone wp-image-125453 size-full\" src=\"https:\/\/www.mundiplus.com\/wp-content\/uploads\/2025\/12\/Catedral-de-Jaca-Mundiplus.jpg\" alt=\"\" width=\"1024\" height=\"703\" srcset=\"https:\/\/www.mundiplus.com\/wp-content\/uploads\/2025\/12\/Catedral-de-Jaca-Mundiplus.jpg 1024w, https:\/\/www.mundiplus.com\/wp-content\/uploads\/2025\/12\/Catedral-de-Jaca-Mundiplus-300x206.jpg 300w, https:\/\/www.mundiplus.com\/wp-content\/uploads\/2025\/12\/Catedral-de-Jaca-Mundiplus-768x527.jpg 768w, https:\/\/www.mundiplus.com\/wp-content\/uploads\/2025\/12\/Catedral-de-Jaca-Mundiplus-600x412.jpg 600w\" sizes=\"(max-width: 1024px) 100vw, 1024px\" \/><\/p>\n<p>O teu encontro com o rom\u00e2nico no Caminho Franc\u00eas come\u00e7a em Jaca, uma pequena cidade em Huesca que alberga um dos templos mais importantes da arquitetura medieval espanhola.<\/p>\n<p>A <b>Catedral de Jaca<\/b>, iniciada no <b>s\u00e9culo XI<\/b>, \u00e9 praticamente o primeiro monumento rom\u00e2nico que receber\u00e1s na tua peregrina\u00e7\u00e3o. O que a torna especial \u00e9 a sua capacidade de s\u00edntese.<\/p>\n<p>Aqui convergem influ\u00eancias <b>francesas, lombardas<\/b> e at\u00e9 <b>mu\u00e7ulmanas<\/b>. A sua planta de cruz latina, as suas tr\u00eas naves e o seu \u00e1bside semicircular s\u00e3o classicamente rom\u00e2nicos, mas os detalhes decorativos revelam uma fus\u00e3o cultural fascinante. Os capit\u00e9is do claustro, embora parcialmente destru\u00eddos, mostram cenas da vida quotidiana medieval que s\u00e3o inestim\u00e1veis para entender como viviam os nossos antepassados.<\/p>\n<p>&nbsp;<\/p>\n<h3><b>A Igreja de S\u00e3o Pedro de Loarre<\/b><\/h3>\n<p><img decoding=\"async\" class=\"alignnone wp-image-125459 size-full\" src=\"https:\/\/www.mundiplus.com\/wp-content\/uploads\/2025\/12\/San-Pedro-de-Loarre-Mundiplus.jpg\" alt=\"\" width=\"1024\" height=\"755\" srcset=\"https:\/\/www.mundiplus.com\/wp-content\/uploads\/2025\/12\/San-Pedro-de-Loarre-Mundiplus.jpg 1024w, https:\/\/www.mundiplus.com\/wp-content\/uploads\/2025\/12\/San-Pedro-de-Loarre-Mundiplus-300x221.jpg 300w, https:\/\/www.mundiplus.com\/wp-content\/uploads\/2025\/12\/San-Pedro-de-Loarre-Mundiplus-768x566.jpg 768w, https:\/\/www.mundiplus.com\/wp-content\/uploads\/2025\/12\/San-Pedro-de-Loarre-Mundiplus-600x442.jpg 600w\" sizes=\"(max-width: 1024px) 100vw, 1024px\" \/><\/p>\n<p>A poucos quil\u00f3metros de Jaca, o <b>Castelo de Loarre<\/b> emerge da rocha como se fosse <b>parte da pr\u00f3pria montanha<\/b>. Dentro dos seus muros encontra-se a <b>Igreja de S\u00e3o Pedro<\/b>, um exemplo quase perfeito de rom\u00e2nico puro. A sua nave \u00fanica, as suas janelas rom\u00e2nicas e o seu \u00e1bside semicircular criam uma atmosfera de recolhimento que te transporta diretamente ao <b>s\u00e9culo XI<\/b>.<\/p>\n<p>O fascinante de S\u00e3o Pedro \u00e9 a sua integra\u00e7\u00e3o com a fortaleza. N\u00e3o \u00e9 apenas um templo religioso, mas <b>parte de um sistema defensivo<\/b>. Esta dualidade entre o sagrado e o militar reflete a realidade da Idade M\u00e9dia, quando a religi\u00e3o e a defesa do territ\u00f3rio eram insepar\u00e1veis.<\/p>\n<p>&nbsp;<\/p>\n<h3><b>O Mosteiro de S\u00e3o Jo\u00e3o de la Pe\u00f1a<\/b><\/h3>\n<p><img loading=\"lazy\" decoding=\"async\" class=\"alignnone wp-image-125471 size-full\" src=\"https:\/\/www.mundiplus.com\/wp-content\/uploads\/2025\/12\/Monasterio-de-San-Juan-de-la-Pena-Mundiplus.jpg\" alt=\"\" width=\"1023\" height=\"679\" srcset=\"https:\/\/www.mundiplus.com\/wp-content\/uploads\/2025\/12\/Monasterio-de-San-Juan-de-la-Pena-Mundiplus.jpg 1023w, https:\/\/www.mundiplus.com\/wp-content\/uploads\/2025\/12\/Monasterio-de-San-Juan-de-la-Pena-Mundiplus-300x199.jpg 300w, https:\/\/www.mundiplus.com\/wp-content\/uploads\/2025\/12\/Monasterio-de-San-Juan-de-la-Pena-Mundiplus-768x510.jpg 768w, https:\/\/www.mundiplus.com\/wp-content\/uploads\/2025\/12\/Monasterio-de-San-Juan-de-la-Pena-Mundiplus-600x398.jpg 600w\" sizes=\"(max-width: 1023px) 100vw, 1023px\" \/><\/p>\n<p>Empoleirado num <b>penhasco a 1.000 metros de altura<\/b>, o Mosteiro de S\u00e3o Jo\u00e3o de la Pe\u00f1a \u00e9 um dos lugares mais espetaculares do Caminho Franc\u00eas. Embora as suas origens remontem ao <b>s\u00e9c. VII<\/b>, a maior parte do que v\u00eas hoje \u00e9 rom\u00e2nico, constru\u00eddo entre os s\u00e9culos XI e XII.<\/p>\n<p>O claustro \u00e9 uma joia: as suas colunas g\u00eameas, os seus capit\u00e9is finamente trabalhados e os seus arcos rom\u00e2nicos criam um espa\u00e7o de uma beleza quase irreal. Cada canto convida \u00e0 contempla\u00e7\u00e3o. Se tiveres a oportunidade, sobe at\u00e9 \u00e0 igreja superior para desfrutar de vistas que te deixar\u00e3o sem f\u00f4lego.<\/p>\n<p>&nbsp;<\/p>\n<h3><b>A Colegiada de Roncesvalles<\/b><\/h3>\n<p>Roncesvalles \u00e9 o <b>ponto de encontro entre Fran\u00e7a e Espanha<\/b>. A sua colegiada, constru\u00edda no s\u00e9culo XII, representa a <b>transi\u00e7\u00e3o entre o rom\u00e2nico tardio e os primeiros ind\u00edcios do g\u00f3tico<\/b>. A igreja, dedicada a Santa Maria, combina a solidez rom\u00e2nica com detalhes que antecipam a eleg\u00e2ncia g\u00f3tica.<\/p>\n<p>O claustro, embora mais tardio (s\u00e9culo XIV), conserva elementos rom\u00e2nicos que demonstram como os estilos conviveram durante s\u00e9culos. \u00c9 um lugar de transi\u00e7\u00e3o, tanto geogr\u00e1fica como arquitet\u00f3nica.<\/p>\n<p>&nbsp;<\/p>\n<h2><b>A transi\u00e7\u00e3o para o g\u00f3tico: mudan\u00e7as na arquitetura do caminho<\/b><\/h2>\n<p>Por volta do s\u00e9culo XII, algo mudou na forma como os construtores medievais entendiam o espa\u00e7o e a luz. O g\u00f3tico, nascido em Fran\u00e7a, chegou \u00e0 Pen\u00ednsula Ib\u00e9rica com uma promessa revolucion\u00e1ria: <b>construir mais alto, mais luminoso, mais ambicioso<\/b>. Se o rom\u00e2nico era a express\u00e3o da solidez, o g\u00f3tico era a <b>express\u00e3o da aspira\u00e7\u00e3o<\/b>.<\/p>\n<p>O Caminho Franc\u00eas foi um dos primeiros lugares onde o g\u00f3tico enraizou em Espanha. As <b>catedrais de Burgos e Le\u00f3n<\/b> s\u00e3o testemunhos desta transforma\u00e7\u00e3o. N\u00e3o foi uma mudan\u00e7a abrupta, mas gradual. Durante d\u00e9cadas, ambos os estilos conviveram, influenciando-se mutuamente, criando um estilo h\u00edbrido que \u00e9 caracteristicamente ib\u00e9rico.<\/p>\n<p>&nbsp;<\/p>\n<h3><b>Diferen\u00e7as entre rom\u00e2nico e g\u00f3tico na rota<\/b><\/h3>\n<p>Se o rom\u00e2nico te impressiona pela sua solidez, o g\u00f3tico vai cativar-te pela sua leveza. Onde o rom\u00e2nico usa arcos de meio ponto, o g\u00f3tico emprega <b>arcos apontados que parecem querer tocar o c\u00e9u<\/b>. Onde o rom\u00e2nico tem paredes grossas, o g\u00f3tico reduz-as ao m\u00ednimo necess\u00e1rio, permitindo que <b>a luz entre atrav\u00e9s de enormes vitrais<\/b>.<\/p>\n<p>Os contrafortes e arbotantes do g\u00f3tico s\u00e3o o seu segredo: estas estruturas externas permitem que as paredes sejam mais finas e as janelas mais grandes. \u00c9 engenharia ao servi\u00e7o da espiritualidade. O rom\u00e2nico faz-te sentir protegido; o g\u00f3tico faz-te sentir elevado.<\/p>\n<p>&nbsp;<\/p>\n<h2><b>Joias g\u00f3ticas do Caminho Franc\u00eas<\/b><\/h2>\n<h3><b>A Catedral de Burgos: m\u00e1xima express\u00e3o do g\u00f3tico espanhol<\/b><\/h3>\n<p><img loading=\"lazy\" decoding=\"async\" class=\"alignnone wp-image-125470 size-full\" src=\"https:\/\/www.mundiplus.com\/wp-content\/uploads\/2025\/12\/Catedral-Burgos-Mundiplus.jpg\" alt=\"\" width=\"1024\" height=\"758\" srcset=\"https:\/\/www.mundiplus.com\/wp-content\/uploads\/2025\/12\/Catedral-Burgos-Mundiplus.jpg 1024w, https:\/\/www.mundiplus.com\/wp-content\/uploads\/2025\/12\/Catedral-Burgos-Mundiplus-300x222.jpg 300w, https:\/\/www.mundiplus.com\/wp-content\/uploads\/2025\/12\/Catedral-Burgos-Mundiplus-768x569.jpg 768w, https:\/\/www.mundiplus.com\/wp-content\/uploads\/2025\/12\/Catedral-Burgos-Mundiplus-600x444.jpg 600w\" sizes=\"(max-width: 1024px) 100vw, 1024px\" \/><\/p>\n<p>A <b>Catedral de Burgos<\/b> \u00e9, sem exagero, um dos templos mais espetaculares de toda a Europa. Iniciada em <b>1221<\/b>, esta catedral \u00e9 o <b>ponto de refer\u00eancia do g\u00f3tico espanhol<\/b>. As suas duas torres g\u00e9meas, com as suas agulhas caladas, s\u00e3o vis\u00edveis a quil\u00f3metros de dist\u00e2ncia e servem como farol espiritual para os peregrinos.<\/p>\n<p>O que a torna \u00fanica \u00e9 a sua evolu\u00e7\u00e3o. Come\u00e7ou a ser g\u00f3tica pura, mas ao longo dos s\u00e9culos foram-lhe adicionados elementos <b>renascentistas, barrocos<\/b> e at\u00e9 <b>neocl\u00e1ssicos<\/b>. \u00c9 um palimpsesto arquitet\u00f3nico onde cada \u00e9poca deixou a sua marca. O interior \u00e9 igualmente impressionante: as suas ab\u00f3badas parecem flutuar, as suas colunas erguem-se at\u00e9 ao infinito, e a luz que entra atrav\u00e9s dos vitrais cria uma atmosfera quase m\u00edstica.<\/p>\n<p>&nbsp;<\/p>\n<h3><b>A Catedral de Le\u00f3n: luz e verticalidade<\/b><\/h3>\n<p><img loading=\"lazy\" decoding=\"async\" class=\"alignnone wp-image-125477 size-full\" src=\"https:\/\/www.mundiplus.com\/wp-content\/uploads\/2025\/12\/Catedral-de-Leon-Mundiplus.jpg\" alt=\"\" width=\"1024\" height=\"765\" srcset=\"https:\/\/www.mundiplus.com\/wp-content\/uploads\/2025\/12\/Catedral-de-Leon-Mundiplus.jpg 1024w, https:\/\/www.mundiplus.com\/wp-content\/uploads\/2025\/12\/Catedral-de-Leon-Mundiplus-300x224.jpg 300w, https:\/\/www.mundiplus.com\/wp-content\/uploads\/2025\/12\/Catedral-de-Leon-Mundiplus-768x574.jpg 768w, https:\/\/www.mundiplus.com\/wp-content\/uploads\/2025\/12\/Catedral-de-Leon-Mundiplus-600x448.jpg 600w\" sizes=\"(max-width: 1024px) 100vw, 1024px\" \/><\/p>\n<p>Se Burgos \u00e9 a express\u00e3o da ambi\u00e7\u00e3o g\u00f3tica, Le\u00f3n \u00e9 a <b>express\u00e3o da sua poesia<\/b>. A Catedral de Le\u00f3n, iniciada em <b>1205<\/b>, \u00e9 uma li\u00e7\u00e3o magistral de <b>como usar a luz como material de constru\u00e7\u00e3o<\/b>. Os seus vitrais, alguns dos mais antigos de Espanha, transformam a luz solar em cor e emo\u00e7\u00e3o.<\/p>\n<p>O interior \u00e9 surpreendentemente luminoso para um edif\u00edcio medieval. Isto deve-se ao facto de as suas paredes serem mais finas do que as de outras catedrais g\u00f3ticas, permitindo que a luz penetre profundamente. Quando entrares, sentir-te-\u00e1s como se estivesses dentro de uma j\u00f3ia de cristal e pedra.<\/p>\n<p>&nbsp;<\/p>\n<h3><b>A Igreja de S\u00e3o Isidoro de Le\u00f3n<\/b><\/h3>\n<p>Embora S\u00e3o Isidoro seja principalmente rom\u00e2nica, a sua evolu\u00e7\u00e3o para o g\u00f3tico \u00e9 evidente nas suas capelas posteriores. Esta igreja, constru\u00edda entre os <b>s\u00e9c. XI e XIII<\/b>, \u00e9 um museu vivo da transi\u00e7\u00e3o arquitet\u00f3nica. O seu Pante\u00e3o de Reis, decorado com frescos rom\u00e2nicos, \u00e9 um dos espa\u00e7os mais belos da arte medieval espanhola.<\/p>\n<p>&nbsp;<\/p>\n<h3><b>A Catedral de Astorga<\/b><\/h3>\n<p><img loading=\"lazy\" decoding=\"async\" class=\"alignnone wp-image-125483 size-full\" src=\"https:\/\/www.mundiplus.com\/wp-content\/uploads\/2025\/12\/Catedral-de-Astorga-Mundiplus.jpg\" alt=\"\" width=\"1023\" height=\"685\" srcset=\"https:\/\/www.mundiplus.com\/wp-content\/uploads\/2025\/12\/Catedral-de-Astorga-Mundiplus.jpg 1023w, https:\/\/www.mundiplus.com\/wp-content\/uploads\/2025\/12\/Catedral-de-Astorga-Mundiplus-300x201.jpg 300w, https:\/\/www.mundiplus.com\/wp-content\/uploads\/2025\/12\/Catedral-de-Astorga-Mundiplus-768x514.jpg 768w, https:\/\/www.mundiplus.com\/wp-content\/uploads\/2025\/12\/Catedral-de-Astorga-Mundiplus-600x402.jpg 600w\" sizes=\"(max-width: 1023px) 100vw, 1023px\" \/><\/p>\n<p>A Catedral de Astorga, iniciada no <b>s\u00e9c. XV<\/b>, representa o g\u00f3tico tardio. Embora mais recente do que Burgos ou Le\u00f3n, a sua beleza n\u00e3o \u00e9 menor. A sua fachada, com as suas torres e os seus detalhes ornamentais, \u00e9 uma sinfonia de pedra. O interior, embora menos luminoso do que Le\u00f3n, possui uma eleg\u00e2ncia serena que convida \u00e0 contempla\u00e7\u00e3o.<\/p>\n<p>&nbsp;<\/p>\n<h2><b>Compara\u00e7\u00e3o arquitet\u00f3nica: outras rotas do Caminho de Santiago<\/b><\/h2>\n<h3><b>Patrim\u00f3nio rom\u00e2nico e g\u00f3tico no Caminho Portugu\u00eas<\/b><\/h3>\n<p>O Caminho Portugu\u00eas oferece uma perspetiva diferente do patrim\u00f3nio medieval. Embora menos conhecido, este percurso alberga joias arquitet\u00f3nicas que merecem a sua aten\u00e7\u00e3o. Pode consultar mais detalhes sobre as <a href=\"https:\/\/www.mundiplus.com\/pt-pt\/caminos\/a-pie\/camino-portugues\/camino-de-santiago-desde-oporto\/\"><b>etapas de Oporto a Tui<\/b><\/a> para descobrir como o rom\u00e2nico e o g\u00f3tico se expressam de forma diferente no territ\u00f3rio portugu\u00eas.<\/p>\n<p>Em Portugal, o rom\u00e2nico tem caracter\u00edsticas pr\u00f3prias: \u00e9 mais <b>influenciado pela arte isl\u00e2mica<\/b> e pelas tradi\u00e7\u00f5es construtivas locais. As igrejas portuguesas tendem a ser <b>mais compactas<\/b>, mais defensivas, refletindo a realidade de um reino que estava constantemente em conflito com os seus vizinhos.<\/p>\n<p>O g\u00f3tico portugu\u00eas, por sua vez, \u00e9 <b>mais ornamental<\/b>, mais decorativo, influenciado pelas correntes art\u00edsticas do norte da Europa.<\/p>\n<p>&nbsp;<\/p>\n<h4><b>Tesouros arquitet\u00f3nicos da Variante Espiritual<\/b><\/h4>\n<p>A <a href=\"https:\/\/www.mundiplus.com\/pt-pt\/caminos\/a-pie\/variante-espiritual\/\"><b>rota da Variante Espiritual<\/b><\/a> \u00e9 uma rota menos transitada que oferece uma experi\u00eancia mais \u00edntima do patrim\u00f3nio medieval. Este percurso atravessa regi\u00f5es onde o rom\u00e2nico tardio e o g\u00f3tico primitivo convivem de forma fascinante.<\/p>\n<p>Aqui encontrar\u00e1 igrejas paroquiais que n\u00e3o aparecem nas guias tur\u00edsticas principais, mas que s\u00e3o igualmente valiosas do ponto de vista arquitet\u00f3nico. Constru\u00eddas por mestres construtores locais, mostram como as grandes tend\u00eancias arquitet\u00f3nicas se adaptavam \u00e0s realidades das comunidades rurais. Aqui, <b>o rom\u00e2nico \u00e9 mais austero e o g\u00f3tico \u00e9 mais pr\u00e1tico<\/b>, mas ambos s\u00e3o aut\u00eanticos.<\/p>\n<p>&nbsp;<\/p>\n<h3><b>Arte medieval nas etapas de Ourense a Santiago (Caminho Sanabr\u00eas)<\/b><\/h3>\n<p>O Caminho Sanabr\u00eas, que parte de Ourense, \u00e9 outra rota que merece a sua explora\u00e7\u00e3o. Pode conhecer mais sobre as <a href=\"https:\/\/www.mundiplus.com\/pt-pt\/caminos\/a-pie\/camino-sanabres\/camino-de-santiago-desde-orense\/\"><b>etapas de Ourense a Santiago<\/b><\/a> para planear um percurso que lhe permita descobrir o patrim\u00f3nio arquitet\u00f3nico da Galiza de uma perspetiva diferente.<\/p>\n<p>Na Galiza, o rom\u00e2nico tem um car\u00e1ter muito particular. Influenciado pela arquitetura francesa, mas <b>adaptado ao clima atl\u00e2ntico<\/b> e aos materiais locais, o rom\u00e2nico galego \u00e9 mais s\u00f3brio, mais funcional. As igrejas galegas tendem a ter plantas mais simples, mas os seus <b>detalhes decorativos s\u00e3o frequentemente mais refinados<\/b>.<\/p>\n<p>O g\u00f3tico galego, por sua vez, \u00e9 <b>mais tardio do que em outras regi\u00f5es<\/b>, mas quando chega, faz-se sentir com toda a sua for\u00e7a, especialmente nas catedrais de Santiago e Lugo.<\/p>\n<p>Para uma vis\u00e3o completa do <a href=\"https:\/\/www.mundiplus.com\/pt-pt\/\"><b>patrim\u00f3nio do Caminho de Santiago<\/b><\/a>, \u00e9 essencial entender que cada rota oferece uma perspetiva \u00fanica de como a arte medieval se desenvolveu em diferentes contextos geogr\u00e1ficos e culturais.<\/p>\n<p>&nbsp;<\/p>\n<h2><b>Como aproveitar a sua viagem para descobrir estes monumentos<\/b><\/h2>\n<h3><b>Paragens estrat\u00e9gicas por etapas<\/b><\/h3>\n<p>N\u00e3o precisa de se desviar muito da sua rota para visitar estes monumentos. A maioria est\u00e1 diretamente no mesmo Caminho Franc\u00eas ou a poucos quil\u00f3metros de dist\u00e2ncia. Na sua primeira semana, desde os Piren\u00e9us at\u00e9 Puente la Reina, ter\u00e1 a oportunidade de visitar <b>Jaca, Loarre, San Juan de la Pe\u00f1a e Roncesvalles<\/b>. Dedique tempo a cada um deles; n\u00e3o \u00e9 uma corrida.<\/p>\n<p>Em Burgos, planeie uma <b>paragem de pelo menos dois dias<\/b>. A catedral merece mais de uma visita. Entre ao final da tarde para ver como a luz transforma o interior. Suba \u00e0s torres se tiver a oportunidade. Explore o claustro. A arquitetura g\u00f3tica de Burgos \u00e9 t\u00e3o complexa que cada visita revela novos detalhes.<\/p>\n<p>Le\u00f3n <b>tamb\u00e9m merece dois dias<\/b>. Al\u00e9m da catedral, pode visitar San Isidoro. Caminhe pelas ruas medievais da cidade. Sinta-se como um peregrino do s\u00e9culo XII, quando esta cidade era um dos centros mais importantes do cristianismo peninsular.<\/p>\n<p>&nbsp;<\/p>\n<h3><b>Dicas para desfrutar do patrim\u00f3nio arquitet\u00f3nico<\/b><\/h3>\n<p>Leve uma guia arquitet\u00f3nica ou fa\u00e7a o download de uma aplica\u00e7\u00e3o que o ajude a identificar os elementos rom\u00e2nicos e g\u00f3ticos. Isto transformar\u00e1 a sua experi\u00eancia. Em vez de simplesmente olhar, entender\u00e1 o que est\u00e1 a ver.<\/p>\n<p>Visite as igrejas em <b>diferentes momentos do dia<\/b>. A luz muda, e com ela, a atmosfera do espa\u00e7o. Uma igreja que parece s\u00f3bria ao meio-dia pode parecer m\u00e1gica ao final da tarde, quando a luz entra em \u00e2ngulo e cria sombras dram\u00e1ticas.<\/p>\n<p>Fale com os guardi\u00f5es e os sacrist\u00e3os. Frequentemente, eles t\u00eam hist\u00f3rias fascinantes sobre as suas igrejas, detalhes que n\u00e3o encontrar\u00e1 em nenhum livro. S\u00e3o guardi\u00f5es da mem\u00f3ria arquitet\u00f3nica.<\/p>\n<p>&nbsp;<\/p>\n<h2><b>O Caminho Franc\u00eas como galeria de arte medieval<\/b><\/h2>\n<p>O Caminho Franc\u00eas \u00e9 mais do que uma rota de peregrina\u00e7\u00e3o. \u00c9 uma <b>viagem pela hist\u00f3ria da arte medieval europeia<\/b>. Cada igreja que visitar, cada monumento que contemplar, \u00e9 um testemunho da f\u00e9, engenho e dedica\u00e7\u00e3o de gera\u00e7\u00f5es de construtores, artistas e crentes.<\/p>\n<p>O rom\u00e2nico ensina-lhe a solidez, a perman\u00eancia, a conex\u00e3o com a terra. O g\u00f3tico ensina-lhe a aspira\u00e7\u00e3o, a leveza, o desejo de tocar o divino. Juntos, estes dois estilos contam a hist\u00f3ria de como a humanidade medieval entendia o seu lugar no universo.<\/p>\n<p>Na sua peregrina\u00e7\u00e3o, n\u00e3o se esque\u00e7a de levantar a vista. Observe os arcos, os capit\u00e9is, os vitrais. Cada detalhe \u00e9 uma palavra na linguagem universal da arquitetura. E se realmente quiser entender esta linguagem, considere explorar tamb\u00e9m as outras rotas do Caminho de Santiago. Cada uma oferece a sua pr\u00f3pria perspetiva, a sua pr\u00f3pria beleza, a sua pr\u00f3pria verdade.<\/p>\n<p>O Caminho Franc\u00eas \u00e9 o cora\u00e7\u00e3o desta experi\u00eancia, mas o corpo completo do Caminho de Santiago \u00e9 o que lhe permitir\u00e1 compreender verdadeiramente a riqueza do patrim\u00f3nio medieval ib\u00e9rico. Que a sua peregrina\u00e7\u00e3o seja tanto uma viagem espiritual como uma viagem pela hist\u00f3ria da arte.<\/p>\n","protected":false},"excerpt":{"rendered":"<p>Percorrer o Caminho Franc\u00eas n\u00e3o \u00e9 apenas uma experi\u00eancia espiritual ou desportiva. \u00c9, antes de mais, uma viagem atrav\u00e9s dos s\u00e9c. de hist\u00f3ria arquitet\u00f3nica europeia. Cada igreja que encontras, cada mosteiro que se ergue no horizonte, conta hist\u00f3rias de f\u00e9, engenho e evolu\u00e7\u00e3o art\u00edstica que remontam \u00e0 Idade M\u00e9dia. Durante mais de mil anos, dois [&hellip;]<\/p>\n","protected":false},"author":1,"featured_media":125470,"comment_status":"open","ping_status":"open","sticky":false,"template":"","format":"standard","meta":{"footnotes":""},"categories":[574,578,586],"tags":[],"class_list":["post-125509","post","type-post","status-publish","format-standard","has-post-thumbnail","hentry","category-blog-do-caminho","category-caminho-a-pe","category-historia-pt"],"_links":{"self":[{"href":"https:\/\/www.mundiplus.com\/pt-pt\/wp-json\/wp\/v2\/posts\/125509","targetHints":{"allow":["GET"]}}],"collection":[{"href":"https:\/\/www.mundiplus.com\/pt-pt\/wp-json\/wp\/v2\/posts"}],"about":[{"href":"https:\/\/www.mundiplus.com\/pt-pt\/wp-json\/wp\/v2\/types\/post"}],"author":[{"embeddable":true,"href":"https:\/\/www.mundiplus.com\/pt-pt\/wp-json\/wp\/v2\/users\/1"}],"replies":[{"embeddable":true,"href":"https:\/\/www.mundiplus.com\/pt-pt\/wp-json\/wp\/v2\/comments?post=125509"}],"version-history":[{"count":3,"href":"https:\/\/www.mundiplus.com\/pt-pt\/wp-json\/wp\/v2\/posts\/125509\/revisions"}],"predecessor-version":[{"id":125548,"href":"https:\/\/www.mundiplus.com\/pt-pt\/wp-json\/wp\/v2\/posts\/125509\/revisions\/125548"}],"wp:featuredmedia":[{"embeddable":true,"href":"https:\/\/www.mundiplus.com\/pt-pt\/wp-json\/wp\/v2\/media\/125470"}],"wp:attachment":[{"href":"https:\/\/www.mundiplus.com\/pt-pt\/wp-json\/wp\/v2\/media?parent=125509"}],"wp:term":[{"taxonomy":"category","embeddable":true,"href":"https:\/\/www.mundiplus.com\/pt-pt\/wp-json\/wp\/v2\/categories?post=125509"},{"taxonomy":"post_tag","embeddable":true,"href":"https:\/\/www.mundiplus.com\/pt-pt\/wp-json\/wp\/v2\/tags?post=125509"}],"curies":[{"name":"wp","href":"https:\/\/api.w.org\/{rel}","templated":true}]}}