{"id":129088,"date":"2026-03-13T10:32:42","date_gmt":"2026-03-13T10:32:42","guid":{"rendered":"https:\/\/www.mundiplus.com\/?p=129088"},"modified":"2026-03-13T10:37:12","modified_gmt":"2026-03-13T10:37:12","slug":"os-cemiterios-historicos-do-caminho-de-santiago-memoria-dos-peregrinos-de-outros-tempos","status":"publish","type":"post","link":"https:\/\/www.mundiplus.com\/pt-pt\/cemiterios-historicos-do-caminho-de-santiago\/","title":{"rendered":"Os cemit\u00e9rios hist\u00f3ricos do Caminho de Santiago: mem\u00f3ria dos peregrinos de outros tempos"},"content":{"rendered":"<p><img fetchpriority=\"high\" decoding=\"async\" class=\"alignnone wp-image-118987 size-full\" src=\"https:\/\/www.mundiplus.com\/wp-content\/uploads\/2025\/04\/Blog-Mundiplus.png\" alt=\"\" width=\"1023\" height=\"539\" srcset=\"https:\/\/www.mundiplus.com\/wp-content\/uploads\/2025\/04\/Blog-Mundiplus.png 1023w, https:\/\/www.mundiplus.com\/wp-content\/uploads\/2025\/04\/Blog-Mundiplus-300x158.png 300w, https:\/\/www.mundiplus.com\/wp-content\/uploads\/2025\/04\/Blog-Mundiplus-768x405.png 768w, https:\/\/www.mundiplus.com\/wp-content\/uploads\/2025\/04\/Blog-Mundiplus-600x316.png 600w\" sizes=\"(max-width: 1023px) 100vw, 1023px\" \/><\/p>\n<p>O Caminho de Santiago costuma ser narrado atrav\u00e9s de catedrais, pontes, hospitais, cal\u00e7adas e paisagens. Mas existe outra \u201cinfraestrutura\u201d que tamb\u00e9m explica o fen\u00f3meno jacobeu: os <b>espa\u00e7os funer\u00e1rios<\/b>.<\/p>\n<p>Dizem as fontes, confirma a arqueologia e sussurram os lugares: durante s\u00e9culos, caminhar at\u00e9 o destino de Santiago de Compostela significou expor-se ao cansa\u00e7o, \u00e0 doen\u00e7a, ao frio e a acidentes em ambientes rurais ou montanhosos; e quando um peregrino morria \u2014 na rota ou \u00e0 chegada \u2014 a comunidade local e as suas institui\u00e7\u00f5es de acolhimento assumiam uma obriga\u00e7\u00e3o material, espiritual e social: <b>proporcionar um \u201cdigno sepultamento\u201d<\/b>.<\/p>\n<p>Claro que isto n\u00e3o transforma o Caminho numa hist\u00f3ria de trag\u00e9dias; mas sim numa hist\u00f3ria completa. Os cemit\u00e9rios e os \u201cfosais\u201d (atrios cemiteriais junto \u00e0s igrejas), os oss\u00e1rios ou carn\u00e1rios associados a hospitais e, mais tarde, os cemit\u00e9rios extramuros da \u00e9poca contempor\u00e2nea (fora dos templos e do centro urbano) fazem parte da mesma rede cultural que ajudou a tornar poss\u00edvel a peregrina\u00e7\u00e3o.<\/p>\n<p>Para situar o contexto geral da rota e a sua evolu\u00e7\u00e3o hist\u00f3rica, no blog da <a href=\"https:\/\/www.mundiplus.com\/pt-pt\/\">Mundiplus<\/a> pode consultar uma s\u00edntese ampla no link <a href=\"https:\/\/www.mundiplus.com\/pt-pt\/\"> <b>hist\u00f3ria do caminho de Santiago<\/b><\/a>. Este artigo foca-se no que os cemit\u00e9rios conservam: vest\u00edgios de hospitalidade, crises sanit\u00e1rias, mudan\u00e7as na mentalidade sobre a morte e, acima de tudo, mem\u00f3ria.<\/p>\n<p>&nbsp;<\/p>\n<h2><b>Peregrina\u00e7\u00e3o e morte: o papel dos hospitais, igrejas e sinais jacobeus<\/b><\/h2>\n<p>A l\u00f3gica do Caminho medieval e moderno inicial era eminentemente pr\u00e1tica: era necess\u00e1rio comer, dormir, tratar-se\u2026 e tamb\u00e9m morrer \u201cbem\u201d, no sentido crist\u00e3o e comunit\u00e1rio.<\/p>\n<p>Os hospitais n\u00e3o eram apenas ref\u00fagios: eram pe\u00e7as de um sistema assistencial e espiritual que inclu\u00eda <b>capelas, confrarias e normas para atender viajantes doentes<\/b>. Quando o fim chegava, o sepultamento n\u00e3o era um adicional: fazia parte das obras de miseric\u00f3rdia que justificavam e sustentavam a institui\u00e7\u00e3o hospitalar.<\/p>\n<p>Um exemplo especialmente eloquente \u00e9 o \u201ccarn\u00e1rio\u201d (oss\u00e1rio) ligado ao conjunto da <b>Real Colegiata de Santa Mar\u00eda de Roncesvalles<\/b>. Em estudos arqueol\u00f3gicos e hist\u00f3ricos sobre sepultamentos, salienta-se que, se o peregrino falecesse, tamb\u00e9m era <b>dever do hospital conceder-lhe sepultura<\/b>. Cita-se expressamente <i>\u201co carn\u00e1rio\u2026 na capela do Esp\u00edrito Santo\u201d<\/i> como um exemplo destacado dessa pr\u00e1tica.<\/p>\n<p>Essa dimens\u00e3o funer\u00e1ria aparece tamb\u00e9m na arqueologia urbana. Em Jaca, a escava\u00e7\u00e3o do cemit\u00e9rio medieval identificado na pra\u00e7a Bisc\u00f3s documenta um n\u00famero amplo de inuma\u00e7\u00f5es e permite descrever com precis\u00e3o rituais e tipologias: sepultamentos orientados, reutiliza\u00e7\u00e3o de t\u00famulos, oss\u00e1rios e sobreposi\u00e7\u00f5es acumuladas ao longo de s\u00e9culos. Neste tipo de contexto, um elemento fornece uma pista jacobeia muito concreta: a vieira ou concha do peregrino, encontrada em necr\u00f3poles ligadas \u00e0 rota.<\/p>\n<p>Aqui entra em jogo um princ\u00edpio \u00fatil para ler cemit\u00e9rios do Caminho: o sinal do peregrino n\u00e3o est\u00e1 sempre num monumento \u201cespetacular\u201d, mas sim em <b>pequenas evid\u00eancias<\/b> (um s\u00edmbolo, uma orienta\u00e7\u00e3o, uma inscri\u00e7\u00e3o, um objeto). Na pra\u00e7a Bisc\u00f3s explica-se que o \u201cmarco destacado no Caminho\u201d e o fluxo de pessoas externas fazem parte do contexto que ajuda a compreender o espa\u00e7o funer\u00e1rio.<\/p>\n<p>Em Compostela, os estudos hist\u00f3ricos situam um cemit\u00e9rio especificamente <b>ligado \u00e0 peregrina\u00e7\u00e3o<\/b> \u2014 associado ao hospital e a uma capela hoje desaparecida \u2014 onde a pr\u00f3pria topografia urbana acabou por cobrir e transformar o local.<\/p>\n<p>Como pano de fundo, conv\u00e9m lembrar que o percurso n\u00e3o \u00e9 um simples itiner\u00e1rio linear: \u00e9 uma <b>paisagem cultural<\/b> formada por rotas e pelo \u201cpatrim\u00f3nio constru\u00eddo\u201d criado para responder \u00e0s necessidades dos peregrinos (igrejas, hospitais, albergues, pontes, etc.). Essa mesma l\u00f3gica permite considerar os cemit\u00e9rios hist\u00f3ricos do Caminho como parte da infraestrutura que sustentou a viagem.<\/p>\n<p>&nbsp;<\/p>\n<h2><b>Do \u00e1trio aos cemit\u00e9rios extramuros: uma transforma\u00e7\u00e3o que tamb\u00e9m afeta o Caminho<\/b><\/h2>\n<p>Os cemit\u00e9rios do Caminho n\u00e3o s\u00e3o apenas medievais. De facto, muitos dos mais vis\u00edveis hoje em cidades jacobeias nasceram de uma transforma\u00e7\u00e3o decisiva: a passagem dos sepultamentos em igrejas ou nas suas imedia\u00e7\u00f5es para locais fora do n\u00facleo urbano.<\/p>\n<p>Na Espanha do Iluminismo, a reforma funer\u00e1ria relacionou-se com preocupa\u00e7\u00f5es higi\u00e9nico-sanit\u00e1rias e epis\u00f3dios cr\u00edticos. Num estudo sobre mentalidades funer\u00e1rias explica-se que um ponto de viragem foi a epidemia de <b>1781<\/b> em Pasajes, associada ao \u201cfedor intoler\u00e1vel\u201d numa par\u00f3quia devido \u00e0 acumula\u00e7\u00e3o de cad\u00e1veres. Como consequ\u00eancia, promulgou-se a <b>Real C\u00e9dula de 3 de abril de 1787<\/b> ordenando restabelecer o uso de \u201ccemit\u00e9rios ventilados\u201d fora das popula\u00e7\u00f5es.<\/p>\n<p>O mesmo trabalho sublinha que a medida encontrou resist\u00eancias e que a sua efic\u00e1cia foi desigual, exigindo impulsos posteriores para se consolidar.<\/p>\n<p><b>Por que \u00e9 isto importante para o Caminho?<\/b> Porque muitas localidades jacobeias \u2014 especialmente as cidades \u2014 reorganizaram os seus espa\u00e7os funer\u00e1rios nos s\u00e9culos XIX e XX. Assim, os peregrinos atuais encontram cemit\u00e9rios \u201cmodernos\u201d (extramuros) que, sem serem medievais, s\u00e3o <b>hist\u00f3ricos<\/b> em sentido patrimonial: refletem arquitetura funer\u00e1ria, memoriais colectivos, bairros de diferentes confiss\u00f5es, e listas de personalidades sepultadas que contam a hist\u00f3ria cultural e pol\u00edtica de cada lugar.<\/p>\n<p>Al\u00e9m disso, essa \u201cvaloriza\u00e7\u00e3o\u201d do patrim\u00f3nio funer\u00e1rio \u2014 cemit\u00e9rios como lugares de mem\u00f3ria e tamb\u00e9m como espa\u00e7os urbanos \u2014 \u00e9 um fen\u00f3meno relativamente recente. Um estudo sobre o cemit\u00e9rio de peregrinos compostelano recorda o surgimento de associa\u00e7\u00f5es dedicadas ao patrim\u00f3nio funer\u00e1rio. Menciona o interesse acad\u00e9mico em integrar antigos cemit\u00e9rios em parques p\u00fablicos, como aconteceu com o antigo cemit\u00e9rio de Santiago incorporado no parque de Bonaval no in\u00edcio dos anos 90.<\/p>\n<p>No Caminho, portanto, coexistem pelo menos tr\u00eas camadas:<\/p>\n<p>&nbsp;<\/p>\n<ul>\n<li aria-level=\"1\"><b>Cemit\u00e9rios medievais ou altomedievais<\/b> (frequentemente arqueol\u00f3gicos, sob pra\u00e7as ou junto a catedrais).<\/li>\n<\/ul>\n<p>&nbsp;<\/p>\n<ul>\n<li aria-level=\"1\"><b>Fosais e cemit\u00e9rios paroquiais<\/b> (junto a igrejas, com continuidade hist\u00f3rica).<\/li>\n<\/ul>\n<p>&nbsp;<\/p>\n<ul>\n<li aria-level=\"1\"><b>Cemit\u00e9rios extramuros contempor\u00e2neos<\/b> (s\u00e9culos XIX-XX), com voca\u00e7\u00e3o municipal e patrimonial.<\/li>\n<\/ul>\n<p>&nbsp;<\/p>\n<p>Essa mistura \u00e9, precisamente, o que torna t\u00e3o rica a leitura funer\u00e1ria do Caminho.<\/p>\n<p>&nbsp;<\/p>\n<h2><b>Cemit\u00e9rios e espa\u00e7os funer\u00e1rios recomend\u00e1veis por rotas jacobeias<\/b><\/h2>\n<p>Esta sec\u00e7\u00e3o prop\u00f5e exemplos com documenta\u00e7\u00e3o s\u00f3lida, distribu\u00eddos por v\u00e1rias rotas. N\u00e3o pretende enumerar tudo (seria inabarc\u00e1vel), mas sim oferecer um \u201cmapa de mem\u00f3ria\u201d que ajude a compreender como cada itiner\u00e1rio deixa a sua marca funer\u00e1ria.<\/p>\n<p>&nbsp;<\/p>\n<h3><b>Caminho Franc\u00eas<\/b><\/h3>\n<p><img decoding=\"async\" class=\"alignnone wp-image-129048 size-full\" src=\"https:\/\/www.mundiplus.com\/wp-content\/uploads\/2026\/03\/Real-Colegiata-de-Santa-Maria-de-Roncesvalles-Mundiplus.jpg\" alt=\"\" width=\"1024\" height=\"683\" srcset=\"https:\/\/www.mundiplus.com\/wp-content\/uploads\/2026\/03\/Real-Colegiata-de-Santa-Maria-de-Roncesvalles-Mundiplus.jpg 1024w, https:\/\/www.mundiplus.com\/wp-content\/uploads\/2026\/03\/Real-Colegiata-de-Santa-Maria-de-Roncesvalles-Mundiplus-300x200.jpg 300w, https:\/\/www.mundiplus.com\/wp-content\/uploads\/2026\/03\/Real-Colegiata-de-Santa-Maria-de-Roncesvalles-Mundiplus-768x512.jpg 768w, https:\/\/www.mundiplus.com\/wp-content\/uploads\/2026\/03\/Real-Colegiata-de-Santa-Maria-de-Roncesvalles-Mundiplus-600x400.jpg 600w\" sizes=\"(max-width: 1024px) 100vw, 1024px\" \/><\/p>\n<p>No <a href=\"https:\/\/www.mundiplus.com\/pt-pt\/caminos\/a-pie\/camino-frances\/\"><b>Caminho Franc\u00eas<\/b><\/a>, a fronteira pirenaica concentra uma das rela\u00e7\u00f5es mais diretas entre peregrina\u00e7\u00e3o, risco e sepultamento. Nos prim\u00f3rdios da via, descreve-se como atravessar os Piren\u00e9us implicava perigos (tempestades de neve, animais, bandidos) e como essa realidade motivou a constru\u00e7\u00e3o de um <b>hospital de acolhimento em Roncesvalles em 1127<\/b>.<\/p>\n<p>No conjunto, a capela conhecida tamb\u00e9m como Silo de Carlos Magno interpreta-se como espa\u00e7o funer\u00e1rio: ali eram celebradas missas por peregrinos falecidos e existia um oss\u00e1rio. A continuidade da mem\u00f3ria \u00e9 sublinhada pelo facto de o recinto <b>funcionar como cemit\u00e9rio municipal<\/b> e da colegiata, acolhendo restos ligados ao Caminho.<\/p>\n<p>\u00c0 medida que se avan\u00e7a para Estella-Lizarra, outro caso significativo \u00e9 a <b>Igreja de S\u00e3o Pedro da R\u00faa<\/b>. Durante a Idade M\u00e9dia, este templo foi utilizado como cemit\u00e9rio de peregrinos e a\u00ed foi sepultado, no s\u00e9culo XIII, um bispo proveniente de Patras que transportava uma rel\u00edquia de Santo Andr\u00e9. \u00c9 um exemplo perfeito de como a rota n\u00e3o gerou apenas tr\u00e2nsito: tamb\u00e9m gerou mem\u00f3ria e \u201crestos\u201d, conectando geograficamente mundos muito distantes.<\/p>\n<p>Se recuarmos e come\u00e7armos em Arag\u00e3o, o caso do <b>\u201ccemit\u00e9rio maior\u201d de Jaca<\/b> \u00e9 crucial para compreender o Caminho atrav\u00e9s da arqueologia. O estudo sobre a necr\u00f3pole medieval associada \u00e0 pra\u00e7a Bisc\u00f3s explica que a escava\u00e7\u00e3o identificou <b>877 inuma\u00e7\u00f5es<\/b>, tornando-a num dos maiores cemit\u00e9rios medievais escavados em Arag\u00e3o at\u00e9 ent\u00e3o. Detalha-se, ainda, uma tipologia estrutural de t\u00famulos, a import\u00e2ncia dos oss\u00e1rios e a uniformidade ritual crist\u00e3 dentro de um espa\u00e7o reutilizado ao longo de s\u00e9culos.<\/p>\n<p>Para quem percorre etapas riojanas e castelhanas, pode ser \u00fatil situar o percurso como continuidade territorial, embora os exemplos funer\u00e1rios mais \u201cdiretos\u201d (hospitais-os\u00e1rios, cemit\u00e9rios espec\u00edficos de peregrinos) sejam menos vis\u00edveis \u00e0 primeira vista.<\/p>\n<p>&nbsp;<\/p>\n<ul>\n<li aria-level=\"1\">Se o ponto de partida for Logro\u00f1o, o planeamento da etapa pode ser consultado na <a href=\"https:\/\/www.mundiplus.com\/pt-pt\/caminos\/a-pie\/camino-frances\/camino-de-santiago-desde-logrono\/\"> <b>rota do Caminho Franc\u00eas desde Logro\u00f1o<\/b><\/a>. E, se o in\u00edcio for Burgos, a refer\u00eancia equivalente \u00e9 a <a href=\"https:\/\/www.mundiplus.com\/pt-pt\/caminos\/a-pie\/camino-frances\/camino-de-santiago-desde-burgos\/\"> <b>Rota do Caminho Franc\u00eas desde Burgos<\/b><\/a>. Em ambos os tro\u00e7os, a chave interpretativa \u00e9 recordar que muitos cemit\u00e9rios \u201catuais\u201d das cidades nasceram da mudan\u00e7a hist\u00f3rica para recintos extra-muros (s\u00e9culos XVIII-XIX), uma transforma\u00e7\u00e3o que tamb\u00e9m reordenou as cidades jacobeias.<\/li>\n<\/ul>\n<p>&nbsp;<\/p>\n<h3><b>Caminho do Norte<\/b><\/h3>\n<p>Entre as grandes paragens urbanas do norte destaca-se o <b>Cemit\u00e9rio de Ciriego<\/b>, pela sua capacidade de contar a transi\u00e7\u00e3o para os cemit\u00e9rios extra-muros: a sua origem est\u00e1 explicitamente vinculada \u00e0 Real C\u00e9dula de 1787 e \u00e0s medidas higi\u00e9nico-sanit\u00e1rias que impulsionaram esses recintos fora da cidade.<\/p>\n<p>Na sua cronologia, indica-se que foi projetado por Casimiro P\u00e9rez de la Riva em 1881 e inaugurado a 3 de setembro de 1885. A pr\u00f3pria descri\u00e7\u00e3o patrimonial explica a sua planta cruciforme (por raz\u00f5es simb\u00f3licas e funcionais) e os esfor\u00e7os posteriores para inventariar e conservar mausol\u00e9us e pante\u00f5es de interesse hist\u00f3rico-art\u00edstico.<\/p>\n<p>O <a href=\"https:\/\/www.mundiplus.com\/pt-pt\/caminos\/a-pie\/camino-norte\/\"><b>Caminho do Norte<\/b><\/a> oferece exemplos especialmente claros de cemit\u00e9rios patrimoniais, sobretudo em <b>cidades costeiras a partir da fronteira galega<\/b>. Se fizer a <a href=\"https:\/\/www.mundiplus.com\/pt-pt\/caminos\/a-pie\/camino-norte\/camino-de-santiago-desde-gijon\/\"><b>rota do Caminho do Norte desde Gij\u00f3n<\/b><\/a>, o itiner\u00e1rio entra por Ribadeo e chega com sinaliza\u00e7\u00e3o e refer\u00eancias \u00e0 vieira.<\/p>\n<p>&nbsp;<\/p>\n<h3><b>Caminho Primitivo<\/b><\/h3>\n<p>O <a href=\"https:\/\/www.mundiplus.com\/pt-pt\/caminos\/a-pie\/camino-primitivo\/\"><b>Caminho Primitivo<\/b><\/a>, considerado <i>\u201ca primeira rota de peregrina\u00e7\u00e3o, a mais antiga\u201d<\/i>, liga Oviedo a Santiago e relaciona-se com a viagem de Afonso II o Casto no primeiro ter\u00e7o do s\u00e9culo IX. Muitos dos seus espa\u00e7os funer\u00e1rios medievais hoje s\u00e3o menos \u201cvisit\u00e1veis\u201d na forma de cemit\u00e9rio. No entanto, a evid\u00eancia de enterramentos associados \u00e0 cultura jacobeia aparece na arqueologia atrav\u00e9s de achados como a vieira em contextos catedral\u00edcios, incluindo a catedral de Oviedo.<\/p>\n<p>&nbsp;<\/p>\n<h3><b>Caminho Portugu\u00eas<\/b><\/h3>\n<p><img decoding=\"async\" class=\"alignnone wp-image-129072 size-full\" src=\"https:\/\/www.mundiplus.com\/wp-content\/uploads\/2026\/03\/Cementerio-de-Adina-Mundiplus.jpg\" alt=\"\" width=\"1024\" height=\"1097\" srcset=\"https:\/\/www.mundiplus.com\/wp-content\/uploads\/2026\/03\/Cementerio-de-Adina-Mundiplus.jpg 1024w, https:\/\/www.mundiplus.com\/wp-content\/uploads\/2026\/03\/Cementerio-de-Adina-Mundiplus-280x300.jpg 280w, https:\/\/www.mundiplus.com\/wp-content\/uploads\/2026\/03\/Cementerio-de-Adina-Mundiplus-956x1024.jpg 956w, https:\/\/www.mundiplus.com\/wp-content\/uploads\/2026\/03\/Cementerio-de-Adina-Mundiplus-768x823.jpg 768w, https:\/\/www.mundiplus.com\/wp-content\/uploads\/2026\/03\/Cementerio-de-Adina-Mundiplus-600x643.jpg 600w\" sizes=\"(max-width: 1024px) 100vw, 1024px\" \/><\/p>\n<p>No <a href=\"https:\/\/www.mundiplus.com\/pt-pt\/caminos\/a-pie\/camino-portugues\/\"><b>Caminho Portugu\u00eas<\/b><\/a>, um lugar imprescind\u00edvel para entender a liga\u00e7\u00e3o entre cemit\u00e9rio, literatura e mem\u00f3ria \u00e9 o <b>Cemit\u00e9rio de Adina<\/b>, junto a Iria Flavia e Padr\u00f3n. A documenta\u00e7\u00e3o tur\u00edstica municipal indica que os terrenos em redor do templo foram usados como lugar de enterramento desde tempos antigos e que existem vest\u00edgios arqueol\u00f3gicos de \u00e9poca romana e sueva.<\/p>\n<p>Existem tamb\u00e9m sarc\u00f3fagos antropomorfos datados do s\u00e9culo VI presentes no \u00e1trio, cruzeiros e oliveiras centen\u00e1rias catalogadas, e o t\u00famulo do Nobel Camilo Jos\u00e9 Cela.<\/p>\n<p>Uma leitura complementar, desde a narrativa jacobeia da etapa, ressalta o <i>\u201cbelo cemit\u00e9rio\u2026 e os sepulcros antiqu\u00edssimos que rodeiam o templo\u201d<\/i>, sublinhando a sua entidade dentro do pr\u00f3prio caminho de peregrina\u00e7\u00e3o. E, desde a mem\u00f3ria cultural, recorda-se que <b>Rosal\u00eda de Castro<\/b> expressou o desejo de ser enterrada ali, onde permaneceram os seus restos at\u00e9 \u00e0 sua transfer\u00eancia em 1891 para o Pante\u00e3o de Galegos e Galegas Ilustres, no Convento de Santo Domingo de Bonaval.<\/p>\n<p>Em outras palavras: um cemit\u00e9rio junto ao Caminho, mas tamb\u00e9m um arquivo emocional da Galiza.<\/p>\n<p>&nbsp;<\/p>\n<h3><b>Caminho Ingl\u00eas<\/b><\/h3>\n<p><img loading=\"lazy\" decoding=\"async\" class=\"alignnone wp-image-129060 size-full\" src=\"https:\/\/www.mundiplus.com\/wp-content\/uploads\/2026\/03\/Cementerio-Municipal-de-San-Amaro-Mundiplus.jpg\" alt=\"\" width=\"1024\" height=\"745\" srcset=\"https:\/\/www.mundiplus.com\/wp-content\/uploads\/2026\/03\/Cementerio-Municipal-de-San-Amaro-Mundiplus.jpg 1024w, https:\/\/www.mundiplus.com\/wp-content\/uploads\/2026\/03\/Cementerio-Municipal-de-San-Amaro-Mundiplus-300x218.jpg 300w, https:\/\/www.mundiplus.com\/wp-content\/uploads\/2026\/03\/Cementerio-Municipal-de-San-Amaro-Mundiplus-768x559.jpg 768w, https:\/\/www.mundiplus.com\/wp-content\/uploads\/2026\/03\/Cementerio-Municipal-de-San-Amaro-Mundiplus-600x437.jpg 600w\" sizes=\"(max-width: 1024px) 100vw, 1024px\" \/><\/p>\n<p>Na cidade da Corunha destaca-se o <b>Cemit\u00e9rio Municipal de San Amaro<\/b>. Inaugurado em 1813 \u201cdepois de ter sido proibido, um ano antes, o enterramento em igrejas e seu entorno\u201d, e desde 2013 faz parte da Rota dos Cemit\u00e9rios Europeus, vinculada \u00e0 ASCE. Descreve-se a sua divis\u00e3o em tr\u00eas zonas (religiosa, civil e brit\u00e2nica) e enumeram-se figuras centrais da cultura e pol\u00edtica galegas ali sepultadas, como Manuel Curros Enr\u00edquez, Eduardo Pondal ou Wenceslao Fern\u00e1ndez Fl\u00f3rez.<\/p>\n<p>\u00c9, por si s\u00f3, um \u201cpante\u00e3o\u201d corunh\u00eas contempor\u00e2neo e um lembrete de que o Caminho tamb\u00e9m se conecta com a hist\u00f3ria civil.<\/p>\n<p>&nbsp;<\/p>\n<h3><b>Caminho de Fisterra<\/b><\/h3>\n<p><img loading=\"lazy\" decoding=\"async\" class=\"alignnone wp-image-129054 size-full\" src=\"https:\/\/www.mundiplus.com\/wp-content\/uploads\/2026\/03\/Cementerio-civil-de-Fisterra-Mundiplus.jpg\" alt=\"\" width=\"1024\" height=\"768\" srcset=\"https:\/\/www.mundiplus.com\/wp-content\/uploads\/2026\/03\/Cementerio-civil-de-Fisterra-Mundiplus.jpg 1024w, https:\/\/www.mundiplus.com\/wp-content\/uploads\/2026\/03\/Cementerio-civil-de-Fisterra-Mundiplus-300x225.jpg 300w, https:\/\/www.mundiplus.com\/wp-content\/uploads\/2026\/03\/Cementerio-civil-de-Fisterra-Mundiplus-768x576.jpg 768w, https:\/\/www.mundiplus.com\/wp-content\/uploads\/2026\/03\/Cementerio-civil-de-Fisterra-Mundiplus-600x450.jpg 600w\" sizes=\"(max-width: 1024px) 100vw, 1024px\" \/><\/p>\n<p>Nesse \u201cfim do mundo\u201d situa-se o <b>Cemit\u00e9rio civil de Fisterra<\/b>, projetado por C\u00e9sar Portela entre 1997 e 1999. Embora seja uma obra contempor\u00e2nea, n\u00e3o deixa de ser reveladora: concebe-se como uma <b>rede de caminhos sobre o penhasco<\/b>, sem veda\u00e7\u00e3o, com o mar como pano de fundo, afastando-se da ideia de necr\u00f3pole \u201cmurada\u201d.<\/p>\n<p>Tamb\u00e9m foi documentada a reativa\u00e7\u00e3o municipal do espa\u00e7o como columb\u00e1rio para urnas de cinzas ap\u00f3s anos de abandono. Em chave jacobeia, funciona como met\u00e1fora moderna: o Caminho continua a produzir lugares de mem\u00f3ria, mesmo hoje.<\/p>\n<p>&nbsp;<\/p>\n<h4><b>O Cemit\u00e9rio dos Ingleses<\/b><\/h4>\n<p><img loading=\"lazy\" decoding=\"async\" class=\"alignnone wp-image-129066 size-full\" src=\"https:\/\/www.mundiplus.com\/wp-content\/uploads\/2026\/03\/El-Cementerio-de-los-Ingleses-Mundiplus.jpg\" alt=\"\" width=\"1024\" height=\"1657\" srcset=\"https:\/\/www.mundiplus.com\/wp-content\/uploads\/2026\/03\/El-Cementerio-de-los-Ingleses-Mundiplus.jpg 1024w, https:\/\/www.mundiplus.com\/wp-content\/uploads\/2026\/03\/El-Cementerio-de-los-Ingleses-Mundiplus-185x300.jpg 185w, https:\/\/www.mundiplus.com\/wp-content\/uploads\/2026\/03\/El-Cementerio-de-los-Ingleses-Mundiplus-633x1024.jpg 633w, https:\/\/www.mundiplus.com\/wp-content\/uploads\/2026\/03\/El-Cementerio-de-los-Ingleses-Mundiplus-768x1243.jpg 768w, https:\/\/www.mundiplus.com\/wp-content\/uploads\/2026\/03\/El-Cementerio-de-los-Ingleses-Mundiplus-949x1536.jpg 949w, https:\/\/www.mundiplus.com\/wp-content\/uploads\/2026\/03\/El-Cementerio-de-los-Ingleses-Mundiplus-600x971.jpg 600w\" sizes=\"(max-width: 1024px) 100vw, 1024px\" \/><\/p>\n<p>Embora n\u00e3o perten\u00e7a propriamente ao tra\u00e7ado do <a href=\"https:\/\/www.mundiplus.com\/pt-pt\/caminos\/a-pie\/desde-santiago-a-finisterre\/\"><b>Caminho de Fisterra e Mux\u00eda<\/b><\/a>, fica <b>muito pr\u00f3ximo desse grande territ\u00f3rio jacobeu atl\u00e2ntico da Costa da Morte<\/b>. Poderia ser entendido como uma visita complementar para quem, uma vez na zona, queira ampliar a perspetiva hist\u00f3rica da viagem.<\/p>\n<p>Encontra-se no munic\u00edpio de <b>Camari\u00f1as<\/b>, na par\u00f3quia de Xavi\u00f1a, e a sua origem n\u00e3o est\u00e1 ligada \u00e0 peregrina\u00e7\u00e3o medieval, mas a um dos <b>naufr\u00e1gios mais recordados da costa galega<\/b>: o do navio brit\u00e2nico <i>The Serpent<\/i>, afundado a <b>10 de novembro de 1890<\/b>. \u00c9 um recinto onde repousam os restos dos marinheiros afogados nesse desastre e indica-se que foi o padre de Xavi\u00f1a quem mobilizou a popula\u00e7\u00e3o local para lhes dar sepultura.<\/p>\n<p>O local tornou-se num dos cemit\u00e9rios mais singulares da Galiza. \u00c9 um memorial em pedra levantado pelo naufr\u00e1gio do <i>Serpent<\/i> e sublinha que \u00e9 <b>o \u00fanico cemit\u00e9rio que acolhe exclusivamente v\u00edtimas de naufr\u00e1gios<\/b>.<\/p>\n<p>Paisagisticamente, a sua localiza\u00e7\u00e3o explica tamb\u00e9m boa parte do impacto: situa-se num entorno aberto e \u00e1spero, muito pr\u00f3ximo da enseada de Trece e do Monte Branco, numa zona onde a paisagem, o vento e a mem\u00f3ria do mar formam quase um \u00fanico relato. Por isso, embora n\u00e3o seja um cemit\u00e9rio jacobeu em sentido estrito, encaixa muito bem numa leitura ampla do final atl\u00e2ntico do Caminho: n\u00e3o fala de peregrinos falecidos, mas sim da antiga rela\u00e7\u00e3o com a costa.<\/p>\n<p>&nbsp;<\/p>\n<h2><b>Como \u201cler\u201d um cemit\u00e9rio jacobeu: orienta\u00e7\u00e3o, s\u00edmbolos e vest\u00edgios da viagem<\/b><\/h2>\n<p>Para al\u00e9m da lista de lugares concretos, existem chaves comuns que ajudam a reconhecer o que torna um cemit\u00e9rio hist\u00f3rico \u201cjacobeu\u201d.<\/p>\n<p>A primeira \u00e9 o <b>ritual crist\u00e3o de orienta\u00e7\u00e3o<\/b>. No Cemit\u00e9rio Maior de Jaca destaca-se explicitamente que a totalidade das sepulturas observadas <b>partilhava orienta\u00e7\u00e3o<\/b>, seguindo o rito de situar a cabe\u00e7a a ocidente e os p\u00e9s a oriente; descrevem-se posi\u00e7\u00f5es corporais e variantes (por exemplo, na coloca\u00e7\u00e3o dos bra\u00e7os). Essa regularidade \u00e9 importante porque permite identificar cemit\u00e9rios como espa\u00e7os lit\u00fargicos e comunit\u00e1rios, mesmo quando as estruturas s\u00e3o humildes.<\/p>\n<p>A segunda chave \u00e9 a <b>reutiliza\u00e7\u00e3o e densidade hist\u00f3rica<\/b>. Igualmente, em Jaca explica-se que, devido \u00e0 massifica\u00e7\u00e3o e uso prolongado do mesmo espa\u00e7o, era habitual a <b>reutiliza\u00e7\u00e3o de estruturas de inuma\u00e7\u00e3o<\/b>, com pacotes secund\u00e1rios de ossos e sobreposi\u00e7\u00f5es.<\/p>\n<p>A terceira \u00e9 o <b>s\u00edmbolo do peregrino<\/b>. A descoberta de vieiras em necr\u00f3poles ao longo da rota \u00e9 tratada como um padr\u00e3o documentado: citam-se contextos diversos (desde Roncesvalles at\u00e9 ambientes catedral\u00edcios), e essa presen\u00e7a material conecta diretamente o falecido com a peregrina\u00e7\u00e3o.<\/p>\n<p>A quarta chave \u00e9 a <b>rela\u00e7\u00e3o com hospitais e capelas<\/b>. Se o peregrino morria, o hospital devia dar-lhe sepultura, e o oss\u00e1rio de Roncesvalles apresenta-se como um dos melhores exemplos dessa obra de miseric\u00f3rdia. Ou seja, o cemit\u00e9rio n\u00e3o \u00e9 um lugar isolado: faz parte do ecossistema de acolhimento (hospital-capela-cemit\u00e9rio).<\/p>\n<p>A quinta chave \u00e9 a <b>transforma\u00e7\u00e3o urbana e o esquecimento<\/b>. O caso do cemit\u00e9rio de peregrinos de Compostela \u00e9 paradigm\u00e1tico: existiu desde pelo menos o s\u00e9culo XII, ligado ao hospital e a uma capela desaparecida; no s\u00e9culo XVI passou para o Hospital Real e construiu-se uma segunda capela; j\u00e1 no s\u00e9culo XIX, as medidas higienistas e a press\u00e3o urbana levaram-no ao esquecimento; e em 2009 realizou-se uma interven\u00e7\u00e3o paisag\u00edstica promovida pelo Escrit\u00f3rio da Cidade Hist\u00f3rica.<\/p>\n<p>&nbsp;<\/p>\n<h2><b>Conserva\u00e7\u00e3o, mem\u00f3ria e uma \u00e9tica simples para o visitante<\/b><\/h2>\n<p>Olhar para os cemit\u00e9rios do Caminho n\u00e3o \u00e9 \u201cmorboso\u201d nem turismo macabro por si s\u00f3; pode ser, bem planeado, uma forma de compreens\u00e3o hist\u00f3rica. Hoje existe um movimento de valoriza\u00e7\u00e3o do patrim\u00f3nio funer\u00e1rio que promove invent\u00e1rios, planos diretores e redes de conserva\u00e7\u00e3o.<\/p>\n<p>Em Ciriego descreve-se um trabalho sistem\u00e1tico de cataloga\u00e7\u00e3o e prote\u00e7\u00e3o patrimonial (invent\u00e1rio, fichas, categorias de prote\u00e7\u00e3o) orientado a preservar o valor hist\u00f3rico-art\u00edstico do conjunto. Em San Amaro evidencia-se a sua liga\u00e7\u00e3o a redes europeias de cemit\u00e9rios, que o enquadram como patrim\u00f3nio cultural. E em Santiago, a integra\u00e7\u00e3o de um antigo cemit\u00e9rio em parque p\u00fablico mostra como a cidade contempor\u00e2nea negocia mem\u00f3ria e uso urbano.<\/p>\n<p>Em termos pr\u00e1ticos, a \u00e9tica do visitante \u00e9 simples: sil\u00eancio, respeito, n\u00e3o invadir espa\u00e7os privados, n\u00e3o fotografar pessoas sem permiss\u00e3o e lembrar que muitos cemit\u00e9rios continuam a ser lugares de luto. Isso n\u00e3o limita a leitura hist\u00f3rica; antes a melhora. Se o Caminho \u00e9, como lembra a UNESCO, uma rede de patrim\u00f3nio constru\u00eddo e cultural criada para sustentar a peregrina\u00e7\u00e3o, esses cemit\u00e9rios fazem parte desse mesmo legado.<\/p>\n<p>No fim, os cemit\u00e9rios hist\u00f3ricos do Caminho devolvem-nos uma verdade pouco \u201c\u00e9pica\u201d e muito humana: a viagem nem sempre teve retorno, e precisamente por isso os lugares de acolhimento \u2014hospitais, igrejas, cidades e aldeias\u2014 aprenderam tamb\u00e9m a cuidar daqueles que n\u00e3o chegavam.<\/p>\n","protected":false},"excerpt":{"rendered":"<p>O Caminho de Santiago costuma ser narrado atrav\u00e9s de catedrais, pontes, hospitais, cal\u00e7adas e paisagens. Mas existe outra \u201cinfraestrutura\u201d que tamb\u00e9m explica o fen\u00f3meno jacobeu: os espa\u00e7os funer\u00e1rios. Dizem as fontes, confirma a arqueologia e sussurram os lugares: durante s\u00e9culos, caminhar at\u00e9 o destino de Santiago de Compostela significou expor-se ao cansa\u00e7o, \u00e0 doen\u00e7a, ao [&hellip;]<\/p>\n","protected":false},"author":1,"featured_media":129065,"comment_status":"open","ping_status":"open","sticky":false,"template":"","format":"standard","meta":{"footnotes":""},"categories":[574,578,586,606],"tags":[],"class_list":["post-129088","post","type-post","status-publish","format-standard","has-post-thumbnail","hentry","category-blog-do-caminho","category-caminho-a-pe","category-historia-pt","category-locais-iconicos"],"_links":{"self":[{"href":"https:\/\/www.mundiplus.com\/pt-pt\/wp-json\/wp\/v2\/posts\/129088","targetHints":{"allow":["GET"]}}],"collection":[{"href":"https:\/\/www.mundiplus.com\/pt-pt\/wp-json\/wp\/v2\/posts"}],"about":[{"href":"https:\/\/www.mundiplus.com\/pt-pt\/wp-json\/wp\/v2\/types\/post"}],"author":[{"embeddable":true,"href":"https:\/\/www.mundiplus.com\/pt-pt\/wp-json\/wp\/v2\/users\/1"}],"replies":[{"embeddable":true,"href":"https:\/\/www.mundiplus.com\/pt-pt\/wp-json\/wp\/v2\/comments?post=129088"}],"version-history":[{"count":2,"href":"https:\/\/www.mundiplus.com\/pt-pt\/wp-json\/wp\/v2\/posts\/129088\/revisions"}],"predecessor-version":[{"id":129100,"href":"https:\/\/www.mundiplus.com\/pt-pt\/wp-json\/wp\/v2\/posts\/129088\/revisions\/129100"}],"wp:featuredmedia":[{"embeddable":true,"href":"https:\/\/www.mundiplus.com\/pt-pt\/wp-json\/wp\/v2\/media\/129065"}],"wp:attachment":[{"href":"https:\/\/www.mundiplus.com\/pt-pt\/wp-json\/wp\/v2\/media?parent=129088"}],"wp:term":[{"taxonomy":"category","embeddable":true,"href":"https:\/\/www.mundiplus.com\/pt-pt\/wp-json\/wp\/v2\/categories?post=129088"},{"taxonomy":"post_tag","embeddable":true,"href":"https:\/\/www.mundiplus.com\/pt-pt\/wp-json\/wp\/v2\/tags?post=129088"}],"curies":[{"name":"wp","href":"https:\/\/api.w.org\/{rel}","templated":true}]}}